{"id":14019,"date":"2017-12-04T15:50:56","date_gmt":"2017-12-04T15:50:56","guid":{"rendered":"https:\/\/moir.org.co\/web\/?p=14019"},"modified":"2017-12-04T15:50:56","modified_gmt":"2017-12-04T15:50:56","slug":"criminales-medio-huevo","status":"publish","type":"post","link":"https:\/\/moir.com.co\/web\/criminales-medio-huevo\/","title":{"rendered":"Criminales medio huevo"},"content":{"rendered":"<p><strong>Jos\u00e9 Arlex Arias, Cartagena, diciembre 4 de 2017<\/strong><\/p>\n<p>Es simplemente indignante y vergonzante la cantidad de denuncias que cada d\u00eda salen a flote sobre la corrupci\u00f3n en Colombia, en todos los niveles de los sectores p\u00fablico y privado, y en todo el territorio nacional. La corrupci\u00f3n es un c\u00e1ncer que hizo met\u00e1stasis, que se carcome los tejidos de nuestra sociedad, que nos acerca a la &#8220;cultura traqueta&#8221; resumida en el \u201ctodo vale para enriquecerme&#8221;, &#8220;c\u00f3mo voy ah\u00ed&#8221; y &#8220;no saben qui\u00e9n soy yo&#8221;, impuesta por mal\u00e9volos cerebros que por siglos han gobernado a nuestro pa\u00eds y que se resisten a ser relevados por personas capaces y honestas.<\/p>\n<p>&nbsp;<\/p>\n<p>Recientemente fue divulgada desde Cartagena una investigaci\u00f3n, que desenmara\u00f1a la forma c\u00f3mo en este Distrito unos operadores supuestamente se quedaban con los recursos de los programas de alimentaci\u00f3n de los ni\u00f1os y uno de los m\u00e9todos descubiertos fue el de disminuirles la raci\u00f3n alimenticia; acudieron al degradante m\u00e9todo de solo darle a cada ni\u00f1o la mitad de un huevo de gallina. Dicha investigaci\u00f3n vincula a un actual concejal del Distrito de Cartagena, al cual le apodaron &#8220;el concejal medio huevo&#8221;. Sobre estas investigaciones period\u00edsticas, las autoridades de control y vigilancia de Cartagena \u2013Procuradur\u00eda, Contralor\u00eda y Fiscal\u00eda\u2013 a\u00fan no se han pronunciado, adoptando una actitud c\u00f3mplice con este hecho, que es lo suficientemente grave como para que se pronunciaran de oficio.<\/p>\n<p>&nbsp;<\/p>\n<p>Esos m\u00e9todos criminales de disminuir la raci\u00f3n alimenticia, facturar comidas no suministradas y cobrar exorbitantes sobrecostos, consolidado con operadores inescrupulosos \u2013algunos ni existen\u2013 o con otros objetivos comerciales, ha llevado al saqueo descarado y criminal de los recursos del Programa de Alimentaci\u00f3n Escolar \u2013PAE\u2013. Es criminal cobrar 40 mil pesos por una pechuga de pollo, $900 por un huevo, $30 mil por un tamal, 2.800 kilos de canela en 39 de millones de pesos, o un pedido de 2,6 millones de panes, facturados a $400 la unidad, de los cuales no se entregaron un mill\u00f3n. Y es a\u00fan m\u00e1s criminal que los contratos se hayan realizado con ferreter\u00edas, talleres o incluso hospitales, que no est\u00e1n para ese objeto social. El presupuesto del programa, que cubre a 13 mil Instituciones Educativas, es de cerca de un bill\u00f3n de pesos, que lo han saqueado, a trav\u00e9s de una organizaci\u00f3n mafiosa, con la gravedad de que a pesar de que algunos de esos operadores han sido denunciados, simplemente cambian el nombre y siguen actuando como si nada, con la complicidad de los diferentes gobiernos. Un informe de la fiscal\u00eda se\u00f1ala que en 13 departamentos, incluido Bol\u00edvar, se identificaron contratos irregulares que superan $140 mil millones.<\/p>\n<p>&nbsp;<\/p>\n<p>La gravedad de todo esto es que, en una alta proporci\u00f3n, la justicia tambi\u00e9n se encuentra permeada por estas mafias, d\u00e1ndose el lujo de tasar el valor de cada una de sus sentencias, tal como ha quedado demostrado en el &#8220;cartel de la toga&#8221;, que tiene sus &#8220;cartelitos&#8221; en cada una de las regiones y es por eso que no pasa nada con las denuncias, por m\u00e1s fundamentadas que se encuentren. As\u00ed quedan exonerados, no solo los funcionarios p\u00fablicos, sino tambi\u00e9n del sector privado, mientras, como la peor cala\u00f1a, se roban los dineros de la gente pobre. \u00a1Desgraciados, medio huevos!<\/p>\n","protected":false},"excerpt":{"rendered":"<p>Jos\u00e9 Arlex Arias, Cartagena, diciembre 4 de 2017 Es simplemente indignante y vergonzante la cantidad de denuncias que cada d\u00eda salen a flote sobre la corrupci\u00f3n en Colombia, en todos los niveles de los sectores p\u00fablico y privado, y en todo el territorio nacional. La corrupci\u00f3n es un c\u00e1ncer que hizo met\u00e1stasis, que se carcome [&hellip;]<\/p>\n","protected":false},"author":1,"featured_media":14020,"comment_status":"open","ping_status":"open","sticky":false,"template":"","format":"standard","meta":{"advanced_seo_description":"","jetpack_seo_html_title":"","jetpack_seo_noindex":false,"_jetpack_memberships_contains_paid_content":false,"footnotes":""},"categories":[102,103,97,98,96],"tags":[],"class_list":["post-14019","post","type-post","status-publish","format-standard","has-post-thumbnail","hentry","category-economia","category-educacion","category-imperialismo-y-neoliberalismo","category-politica","category-salud-y-pensiones"],"jetpack_featured_media_url":"https:\/\/i0.wp.com\/moir.com.co\/web\/wp-content\/uploads\/2017\/12\/PAEcorrupcion2.jpeg?fit=300%2C168&ssl=1","jetpack-related-posts":[{"id":14779,"url":"https:\/\/moir.com.co\/web\/a-cartagena-tenemos-que-reconstruirla-david-munera\/","url_meta":{"origin":14019,"position":0},"title":"&#8220;A Cartagena tenemos que reconstruirla&#8221;: David M\u00fanera","author":"admin","date":"marzo 23, 2018","format":false,"excerpt":"Entrevista de El Universal, Cartagena, marzo 22 de 2018 El abogado y profesor universitario se ha destacado por ser un ac\u00e9rrimo cr\u00edtico de los hechos de corrupci\u00f3n en la ciudad. Fue concejal en el periodo de 2012 a 2015 y participa como analista pol\u00edtico en medios locales. 1. \u00bfCu\u00e1l es\u2026","rel":"","context":"En \u00abEconom\u00eda\u00bb","block_context":{"text":"Econom\u00eda","link":"https:\/\/moir.com.co\/web\/category\/temas\/economia\/"},"img":{"alt_text":"","src":"","width":0,"height":0},"classes":[]},{"id":18783,"url":"https:\/\/moir.com.co\/web\/libro-de-la-corrupcion-en-cartagena\/","url_meta":{"origin":14019,"position":1},"title":"Libro de la corrupci\u00f3n en Cartagena","author":"admin","date":"agosto 12, 2020","format":false,"excerpt":"Jos\u00e9 Arlex Arias, Cartagena, agosto 10 de 2020 El alcalde de Cartagena, William Dau, inici\u00f3 el 5 de julio pasado la divulgaci\u00f3n del \"Libro Blanco\" que consigna una serie de presuntos actos de corrupci\u00f3n, derroche de recursos y p\u00e9sima gesti\u00f3n de los bienes del Distrito, por parte de las Administraciones\u2026","rel":"","context":"En \u00abEconom\u00eda\u00bb","block_context":{"text":"Econom\u00eda","link":"https:\/\/moir.com.co\/web\/category\/temas\/economia\/"},"img":{"alt_text":"","src":"","width":0,"height":0},"classes":[]},{"id":18030,"url":"https:\/\/moir.com.co\/web\/gladiadores-contra-la-corrupcion\/","url_meta":{"origin":14019,"position":2},"title":"Gladiadores contra la corrupci\u00f3n","author":"admin","date":"septiembre 10, 2019","format":false,"excerpt":"Jos\u00e9 Arlex Arias, Cartagena, septiembre 9 de 2019 No son los prototipos de hombres que \"luchaban contra otro o contra una fiera en el circo romano o en los juegos p\u00fablicos de la antigua Roma\", como definen los diccionarios a los antiguos gladiadores; hoy son personas de carne y hueso,\u2026","rel":"","context":"En \u00abEconom\u00eda\u00bb","block_context":{"text":"Econom\u00eda","link":"https:\/\/moir.com.co\/web\/category\/temas\/economia\/"},"img":{"alt_text":"","src":"https:\/\/i0.wp.com\/moir.com.co\/web\/wp-content\/uploads\/2018\/04\/davidmuneraalcalde.jpg?fit=720%2C480&ssl=1&resize=350%2C200","width":350,"height":200,"srcset":"https:\/\/i0.wp.com\/moir.com.co\/web\/wp-content\/uploads\/2018\/04\/davidmuneraalcalde.jpg?fit=720%2C480&ssl=1&resize=350%2C200 1x, https:\/\/i0.wp.com\/moir.com.co\/web\/wp-content\/uploads\/2018\/04\/davidmuneraalcalde.jpg?fit=720%2C480&ssl=1&resize=525%2C300 1.5x, https:\/\/i0.wp.com\/moir.com.co\/web\/wp-content\/uploads\/2018\/04\/davidmuneraalcalde.jpg?fit=720%2C480&ssl=1&resize=700%2C400 2x"},"classes":[]},{"id":7140,"url":"https:\/\/moir.com.co\/web\/concejal-munera-denuncia-corrupcion-de-funcionarios-en-cartagena\/","url_meta":{"origin":14019,"position":3},"title":"Concejal M\u00fanera denuncia corrupci\u00f3n de funcionarios en Cartagena","author":"admin","date":"enero 9, 2013","format":false,"excerpt":"\u201cComo concejal del Distrito de Cartagena solicito y exijo a los Organismos de Control \u2013Personer\u00eda y Procurador\u00eda Provincial- que asuman de oficio las investigaciones sobre los funcionarios p\u00fablicos que presuntamente vienen exigiendo dineros para otorgar los permisos para los espect\u00e1culos en Cartagena. Me reafirmo en que la Administraci\u00f3n del Alcalde\u2026","rel":"","context":"En \u00abPolo Democr\u00e1tico Alternativo\u00bb","block_context":{"text":"Polo Democr\u00e1tico Alternativo","link":"https:\/\/moir.com.co\/web\/category\/polo-democratico-alternativo\/"},"img":{"alt_text":"","src":"","width":0,"height":0},"classes":[]},{"id":15011,"url":"https:\/\/moir.com.co\/web\/hay-que-derrotar-la-corrupcion-es-ya-un-cancer-en-cartagena-munera\/","url_meta":{"origin":14019,"position":4},"title":"\u2018Hay que derrotar la corrupci\u00f3n, es ya un c\u00e1ncer en Cartagena\u2019, M\u00fanera","author":"admin","date":"abril 30, 2018","format":false,"excerpt":"Entrevista de\u00a0John Monta\u00f1o a David M\u00fanera, El Tiempo, Cartagena, abril 30 de 2018 El exconcejal y abogado David M\u00fanera Cavad\u00eda busca alcanzar la Alcald\u00eda en elecciones at\u00edpicas. Con una marcha contra la corrupci\u00f3n, en la cual lo acompa\u00f1\u00f3 el senador Jorge Enrique Robledo, el exconcejal y hoy candidato al primer\u2026","rel":"","context":"En \u00abEconom\u00eda\u00bb","block_context":{"text":"Econom\u00eda","link":"https:\/\/moir.com.co\/web\/category\/temas\/economia\/"},"img":{"alt_text":"","src":"https:\/\/i0.wp.com\/moir.com.co\/web\/wp-content\/uploads\/2018\/04\/davidmuneraet2018.jpeg?fit=950%2C475&ssl=1&resize=350%2C200","width":350,"height":200,"srcset":"https:\/\/i0.wp.com\/moir.com.co\/web\/wp-content\/uploads\/2018\/04\/davidmuneraet2018.jpeg?fit=950%2C475&ssl=1&resize=350%2C200 1x, https:\/\/i0.wp.com\/moir.com.co\/web\/wp-content\/uploads\/2018\/04\/davidmuneraet2018.jpeg?fit=950%2C475&ssl=1&resize=525%2C300 1.5x, https:\/\/i0.wp.com\/moir.com.co\/web\/wp-content\/uploads\/2018\/04\/davidmuneraet2018.jpeg?fit=950%2C475&ssl=1&resize=700%2C400 2x"},"classes":[]},{"id":13323,"url":"https:\/\/moir.com.co\/web\/las-tinieblas-de-la-injusticia-y-de-la-corrupcion\/","url_meta":{"origin":14019,"position":5},"title":"Las tinieblas de la injusticia y de la corrupci\u00f3n","author":"admin","date":"septiembre 18, 2017","format":false,"excerpt":"Jos\u00e9 Arlex Arias, Cartagena, septiembre 18 de 2017 Desde Cartagena se despidi\u00f3 de los colombianos el m\u00e1ximo jerarca de la Iglesia cat\u00f3lica, el papa Francisco, en un periplo que lo tuvo en el pa\u00eds entre los d\u00edas 6 y 10 de este mes, con llegada en Bogot\u00e1 y visita adem\u00e1s\u2026","rel":"","context":"En \u00abEconom\u00eda\u00bb","block_context":{"text":"Econom\u00eda","link":"https:\/\/moir.com.co\/web\/category\/temas\/economia\/"},"img":{"alt_text":"","src":"https:\/\/i0.wp.com\/moir.com.co\/web\/wp-content\/uploads\/2017\/09\/cartagena_pobreza.jpg?fit=460%2C342&ssl=1&resize=350%2C200","width":350,"height":200},"classes":[]}],"jetpack_sharing_enabled":true,"_links":{"self":[{"href":"https:\/\/moir.com.co\/web\/wp-json\/wp\/v2\/posts\/14019","targetHints":{"allow":["GET"]}}],"collection":[{"href":"https:\/\/moir.com.co\/web\/wp-json\/wp\/v2\/posts"}],"about":[{"href":"https:\/\/moir.com.co\/web\/wp-json\/wp\/v2\/types\/post"}],"author":[{"embeddable":true,"href":"https:\/\/moir.com.co\/web\/wp-json\/wp\/v2\/users\/1"}],"replies":[{"embeddable":true,"href":"https:\/\/moir.com.co\/web\/wp-json\/wp\/v2\/comments?post=14019"}],"version-history":[{"count":1,"href":"https:\/\/moir.com.co\/web\/wp-json\/wp\/v2\/posts\/14019\/revisions"}],"predecessor-version":[{"id":14021,"href":"https:\/\/moir.com.co\/web\/wp-json\/wp\/v2\/posts\/14019\/revisions\/14021"}],"wp:featuredmedia":[{"embeddable":true,"href":"https:\/\/moir.com.co\/web\/wp-json\/wp\/v2\/media\/14020"}],"wp:attachment":[{"href":"https:\/\/moir.com.co\/web\/wp-json\/wp\/v2\/media?parent=14019"}],"wp:term":[{"taxonomy":"category","embeddable":true,"href":"https:\/\/moir.com.co\/web\/wp-json\/wp\/v2\/categories?post=14019"},{"taxonomy":"post_tag","embeddable":true,"href":"https:\/\/moir.com.co\/web\/wp-json\/wp\/v2\/tags?post=14019"}],"curies":[{"name":"wp","href":"https:\/\/api.w.org\/{rel}","templated":true}]}}