{"id":14016,"date":"2017-12-04T15:36:53","date_gmt":"2017-12-04T15:36:53","guid":{"rendered":"https:\/\/moir.org.co\/web\/?p=14016"},"modified":"2017-12-04T15:36:53","modified_gmt":"2017-12-04T15:36:53","slug":"plan-de-desnutricion-escolar","status":"publish","type":"post","link":"https:\/\/moir.com.co\/web\/plan-de-desnutricion-escolar\/","title":{"rendered":"Plan de desnutrici\u00f3n escolar"},"content":{"rendered":"<p><strong>Libardo G\u00f3mez S\u00e1nchez, Neiva, diciembre 4 de 2017<\/strong><\/p>\n<p class=\"gmail-MsoNormal\">A sus ocho a\u00f1itos cumplidos Juan David es un ni\u00f1o que presenta algunas se\u00f1ales de desnutrici\u00f3n, se fatiga con facilidad \u00a0cuando debe realizar alg\u00fan ejercicio f\u00edsico, es frecuente verlo con la cabecita sobre el pupitre por una somnolencia persistente y leer o escribir lo agotan r\u00e1pidamente; a pesar de su corta edad,\u00a0 su aspecto f\u00edsico no es el mejor, aunque es gordito, su piel y su cabello presentan una notoria resequedad \u00a0y palidez que lo hacen parecer mayor, arrugado; \u00a0cualquier situaci\u00f3n \u00a0que lo contrar\u00ede, por leve que sea, lo irrita y lo pone de mal humor ; en momentos en que se atreve a jugar con sus compa\u00f1eros los ocasionales tropiezos, los raspones, no sanan r\u00e1pidamente y su madre se queja porque continuamente debe acudir al servicio m\u00e9dico y la farmacia para comprar antibi\u00f3ticos, es usual que lo afecte alguna infecci\u00f3n. El ni\u00f1o no tiene un buen rendimiento escolar, y es visible su poco inter\u00e9s por el mundo que lo rodea, un an\u00e1lisis m\u00e9dico detecta un estado an\u00e9mico y una evidente caquexia.<\/p>\n<p class=\"gmail-MsoNormal\">Como Juan David muchos ni\u00f1os se ven afectados por la pobreza en sus hogares, padres que no tienen los ingresos suficientes para alimentarlos bien, pero adicionalmente son v\u00edctimas de los \u00a0hampones de cuello blanco que se apropian de los recursos p\u00fablicos destinados a la alimentaci\u00f3n escolar; en la instituci\u00f3n que se encuentra matriculado los auditores del programa PAE encontraron un pu\u00f1ado de anomal\u00edas: no se suministra leche sino lacto sueros, un liquido blanco con que se alimenta a los cerdos, las raciones no son balanceadas e incluyen poca o nada de prote\u00edna y con frecuencia la fruta o los vegetales que se suministran son segundas o terceras en mal estado.<\/p>\n<p class=\"gmail-MsoNormal\">Los programas asistencialistas como familias en acci\u00f3n, el adulto mayor e incluso el de alimentaci\u00f3n escolar, intentan esconder el fracaso de la pol\u00edtica econ\u00f3mica, millones de personas con capacidad de trabajar que no tienen trabajo, no pueden ofrecer condiciones dignas de vida a los suyos y mucho menos ahorrar para atender la vejez; \u00a0la mendicidad que estimulan estos programas, le permite a quienes gobiernan chantajear cada v\u00edspera electoral amenazando con recortar los beneficios sino los reeligen; no satisfechos con esto, adem\u00e1s han terminado por aprovechar estos programas para desfalcar el erario p\u00fablico, apropi\u00e1ndose una buena parte de estos recursos, que al final tampoco llegan a quienes los necesitan. Elegir a otros diferentes a los de siempre es el primer paso para eliminar la corrupci\u00f3n rampante.<\/p>\n","protected":false},"excerpt":{"rendered":"<p>Libardo G\u00f3mez S\u00e1nchez, Neiva, diciembre 4 de 2017 A sus ocho a\u00f1itos cumplidos Juan David es un ni\u00f1o que presenta algunas se\u00f1ales de desnutrici\u00f3n, se fatiga con facilidad \u00a0cuando debe realizar alg\u00fan ejercicio f\u00edsico, es frecuente verlo con la cabecita sobre el pupitre por una somnolencia persistente y leer o escribir lo agotan r\u00e1pidamente; a [&hellip;]<\/p>\n","protected":false},"author":1,"featured_media":14017,"comment_status":"open","ping_status":"open","sticky":false,"template":"","format":"standard","meta":{"advanced_seo_description":"","jetpack_seo_html_title":"","jetpack_seo_noindex":false,"_jetpack_memberships_contains_paid_content":false,"footnotes":""},"categories":[102,103,97,98,96],"tags":[],"class_list":["post-14016","post","type-post","status-publish","format-standard","has-post-thumbnail","hentry","category-economia","category-educacion","category-imperialismo-y-neoliberalismo","category-politica","category-salud-y-pensiones"],"jetpack_featured_media_url":"https:\/\/i0.wp.com\/moir.com.co\/web\/wp-content\/uploads\/2017\/12\/PAEcorrupcion.jpg?fit=640%2C640&ssl=1","jetpack-related-posts":[{"id":19445,"url":"https:\/\/moir.com.co\/web\/colombia-hambre-desnutricion-y-elecciones\/","url_meta":{"origin":14016,"position":0},"title":"Colombia: hambre, desnutrici\u00f3n y elecciones","author":"admin","date":"enero 28, 2022","format":false,"excerpt":"Jos\u00e9 Arlex Arias, Cartagena, enero 24 de 2022 Entre muchas definiciones, el hambre es la necesidad o ganas que tiene una persona de comer y se produce por la escasez generalizada de alimentos b\u00e1sicos que padece una poblaci\u00f3n de forma intensa y prolongada. El DANE inform\u00f3 a finales del a\u00f1o\u2026","rel":"","context":"En \u00abEconom\u00eda\u00bb","block_context":{"text":"Econom\u00eda","link":"https:\/\/moir.com.co\/web\/category\/temas\/economia\/"},"img":{"alt_text":"","src":"https:\/\/i0.wp.com\/moir.com.co\/web\/wp-content\/uploads\/2017\/01\/cartagena_pobreza.jpg?fit=460%2C342&ssl=1&resize=350%2C200","width":350,"height":200},"classes":[]},{"id":17666,"url":"https:\/\/moir.com.co\/web\/la-secretaria-de-salud-debe-explicar-las-inconsistencias-en-las-cifras-de-desnutricion-infantil\/","url_meta":{"origin":14016,"position":1},"title":"La Secretar\u00eda de Salud debe explicar las inconsistencias en las cifras de desnutrici\u00f3n infantil","author":"admin","date":"junio 19, 2019","format":false,"excerpt":"Oficina de prensa del concejal Manuel Sarmiento, Bogot\u00e1, junio 17 de 2019 El concejal Manuel Sarmiento le envio una carta p\u00fablica al secretario de salud, Luis Gonzalo Morales, solicitando explicaciones sobre las inconsistencias en las cifras de desnutrici\u00f3n infantil en Bogot\u00e1, a prop\u00f3sito del estudio revelado por Caracol Radio el\u2026","rel":"","context":"En \u00abBogot\u00e1\u00bb","block_context":{"text":"Bogot\u00e1","link":"https:\/\/moir.com.co\/web\/category\/temas\/bogota\/"},"img":{"alt_text":"","src":"https:\/\/i0.wp.com\/moir.com.co\/web\/wp-content\/uploads\/2019\/06\/manuelsarmientosalud.jpeg?fit=1200%2C674&ssl=1&resize=350%2C200","width":350,"height":200,"srcset":"https:\/\/i0.wp.com\/moir.com.co\/web\/wp-content\/uploads\/2019\/06\/manuelsarmientosalud.jpeg?fit=1200%2C674&ssl=1&resize=350%2C200 1x, https:\/\/i0.wp.com\/moir.com.co\/web\/wp-content\/uploads\/2019\/06\/manuelsarmientosalud.jpeg?fit=1200%2C674&ssl=1&resize=525%2C300 1.5x, https:\/\/i0.wp.com\/moir.com.co\/web\/wp-content\/uploads\/2019\/06\/manuelsarmientosalud.jpeg?fit=1200%2C674&ssl=1&resize=700%2C400 2x, https:\/\/i0.wp.com\/moir.com.co\/web\/wp-content\/uploads\/2019\/06\/manuelsarmientosalud.jpeg?fit=1200%2C674&ssl=1&resize=1050%2C600 3x"},"classes":[]},{"id":6384,"url":"https:\/\/moir.com.co\/web\/de-la-inseguridad-alimentaria-mundial-y-la-situacion-de-desnutricion-en-bolivar\/","url_meta":{"origin":14016,"position":2},"title":"De la Inseguridad alimentaria mundial y la situaci\u00f3n de desnutrici\u00f3n en Bol\u00edvar","author":"admin","date":"marzo 19, 2012","format":false,"excerpt":"La grave crisis alimentaria que se present\u00f3 en el a\u00f1o de 2008 y que insert\u00f3 como componente principal de su expresi\u00f3n, el incremento de los precios de los alimentos, desat\u00f3 una severa crisis social que se materializ\u00f3 en el aumento de la poblaci\u00f3n en condici\u00f3n de inseguridad alimentaria a escala\u2026","rel":"","context":"En \u00abTemas\u00bb","block_context":{"text":"Temas","link":"https:\/\/moir.com.co\/web\/category\/temas\/"},"img":{"alt_text":"","src":"","width":0,"height":0},"classes":[]},{"id":13529,"url":"https:\/\/moir.com.co\/web\/desnutricion-cronica\/","url_meta":{"origin":14016,"position":3},"title":"Desnutrici\u00f3n cr\u00f3nica","author":"admin","date":"octubre 17, 2017","format":false,"excerpt":"Jos\u00e9 Arlex Arias, Cartagena, octubre 16 de 2017 Los grandes medios de comunicaci\u00f3n han sido los encargados de marcar la agenda en la historia del pa\u00eds, por eso convierten cualquier hecho balad\u00ed en noticia y utilizan otros para tender cortinas de humo, seg\u00fan las necesidades del gobierno nacional o de\u2026","rel":"","context":"En \u00abDebate Salud\u00bb","block_context":{"text":"Debate Salud","link":"https:\/\/moir.com.co\/web\/category\/jorge-enrique-robledo\/debate-salud\/"},"img":{"alt_text":"","src":"","width":0,"height":0},"classes":[]},{"id":9938,"url":"https:\/\/moir.com.co\/web\/inaceptable-que-ninos-wayuu-sigan-muriendo-por-desnutricion-y-el-poder-del-estado-no-haya-podido-resolver-la-crisis-humanitaria-robledo\/","url_meta":{"origin":14016,"position":4},"title":"Inaceptable que ni\u00f1os Wayuu sigan muriendo por desnutrici\u00f3n y el poder del Estado no haya podido resolver la crisis humanitaria: Robledo","author":"admin","date":"febrero 9, 2016","format":false,"excerpt":"Siguen muriendo ni\u00f1os en La Guajira por causas asociadas a la desnutrici\u00f3n. Gobierno de Santos debe organizar plan inmediato para resolver crisis del pueblo guajiro. Cierre de la frontera sumado a problemas estructurales agrava la crisis. Ante las reiteradas muertes de ni\u00f1os Way\u00fau por desnutrici\u00f3n y causas asociadas a la\u2026","rel":"","context":"En \u00abJorge Enrique Robledo\u00bb","block_context":{"text":"Jorge Enrique Robledo","link":"https:\/\/moir.com.co\/web\/category\/jorge-enrique-robledo\/"},"img":{"alt_text":"","src":"","width":0,"height":0},"classes":[]},{"id":17043,"url":"https:\/\/moir.com.co\/web\/colombianos-desnutridos\/","url_meta":{"origin":14016,"position":5},"title":"Colombianos desnutridos","author":"admin","date":"marzo 4, 2019","format":false,"excerpt":"Jos\u00e9 Arlex Arias, Cartagena, marzo 4 de 2019 En los \u00faltimos meses se ha visto c\u00f3mo el presidente Iv\u00e1n Duque \u2013o ll\u00e1mese el gobierno de \"Uriduque\"\u2013 se adue\u00f1\u00f3 del papel que le asign\u00f3 el \"Amo del Norte\", Donald Trump, de posar como el nuevo \"Libertador de Venezuela\", empecinado en hacer\u2026","rel":"","context":"En \u00abDebate Salud\u00bb","block_context":{"text":"Debate Salud","link":"https:\/\/moir.com.co\/web\/category\/jorge-enrique-robledo\/debate-salud\/"},"img":{"alt_text":"","src":"https:\/\/i0.wp.com\/moir.com.co\/web\/wp-content\/uploads\/2017\/09\/cartagena_pobreza.jpg?fit=460%2C342&ssl=1&resize=350%2C200","width":350,"height":200},"classes":[]}],"jetpack_sharing_enabled":true,"_links":{"self":[{"href":"https:\/\/moir.com.co\/web\/wp-json\/wp\/v2\/posts\/14016","targetHints":{"allow":["GET"]}}],"collection":[{"href":"https:\/\/moir.com.co\/web\/wp-json\/wp\/v2\/posts"}],"about":[{"href":"https:\/\/moir.com.co\/web\/wp-json\/wp\/v2\/types\/post"}],"author":[{"embeddable":true,"href":"https:\/\/moir.com.co\/web\/wp-json\/wp\/v2\/users\/1"}],"replies":[{"embeddable":true,"href":"https:\/\/moir.com.co\/web\/wp-json\/wp\/v2\/comments?post=14016"}],"version-history":[{"count":1,"href":"https:\/\/moir.com.co\/web\/wp-json\/wp\/v2\/posts\/14016\/revisions"}],"predecessor-version":[{"id":14018,"href":"https:\/\/moir.com.co\/web\/wp-json\/wp\/v2\/posts\/14016\/revisions\/14018"}],"wp:featuredmedia":[{"embeddable":true,"href":"https:\/\/moir.com.co\/web\/wp-json\/wp\/v2\/media\/14017"}],"wp:attachment":[{"href":"https:\/\/moir.com.co\/web\/wp-json\/wp\/v2\/media?parent=14016"}],"wp:term":[{"taxonomy":"category","embeddable":true,"href":"https:\/\/moir.com.co\/web\/wp-json\/wp\/v2\/categories?post=14016"},{"taxonomy":"post_tag","embeddable":true,"href":"https:\/\/moir.com.co\/web\/wp-json\/wp\/v2\/tags?post=14016"}],"curies":[{"name":"wp","href":"https:\/\/api.w.org\/{rel}","templated":true}]}}