{"id":14010,"date":"2017-12-04T15:16:53","date_gmt":"2017-12-04T15:16:53","guid":{"rendered":"https:\/\/moir.org.co\/web\/?p=14010"},"modified":"2017-12-04T15:16:53","modified_gmt":"2017-12-04T15:16:53","slug":"se-debe-permitir-a-vendedores-informales-y-artesanos-trabajar-en-epoca-decembrina-sin-operativos-policivos","status":"publish","type":"post","link":"https:\/\/moir.com.co\/web\/se-debe-permitir-a-vendedores-informales-y-artesanos-trabajar-en-epoca-decembrina-sin-operativos-policivos\/","title":{"rendered":"Se debe permitir a vendedores informales y artesanos trabajar en \u00e9poca decembrina, sin operativos policivos"},"content":{"rendered":"<p><strong>Oficina de prensa del concejal Manuel Sarmiento, Bogot\u00e1, diciembre 4 de 2017<\/strong><\/p>\n<p><em>El Concejal Manuel Sarmiento, env\u00edo comunicaci\u00f3n al alcalde Enrique Pe\u00f1alosa y a la alcaldesa local de Usaqu\u00e9n solicitandoles que se abstengan de realizar operativos de desalojo contra vendedores informales y artesanos de la plaza fundacional de Usaqu\u00e9n. El cabildante del Polo tambi\u00e9n se\u00f1al\u00f3 que es necesario atender los reclamos de este sector, entre los que se encuentra retomar la mesa de concertaci\u00f3n. <\/em><\/p>\n<p>A continuaci\u00f3n, el texto de la carta.<\/p>\n<p>Doctor<br \/>\nENRIQUE PE\u00d1ALOSA LONDO\u00d1O<br \/>\nAlcalde Mayor de Bogot\u00e1<\/p>\n<p>Doctora<br \/>\nMAYDA VEL\u00c1ZQUEZ<br \/>\nAlcaldesa Local de Usaqu\u00e9n<\/p>\n<p>Ref: Se debe permitir a vendedores informales y artesanos trabajar en \u00e9poca decembrina, sin operativos policivos.<\/p>\n<p>Atento saludo.<\/p>\n<p>En pocos d\u00edas comenzar\u00e1 la \u00e9poca decembrina, temporada en la que aumentan la cantidad de visitantes nacionales y extranjeros a la plaza fundacional de Usaqu\u00e9n. Artesanos, artistas de distintas disciplinas y vendedores informales han sido considerados por muchos como parte del patrimonio de esta localidad, toda vez que sus actividades art\u00edsticas han sido acreditadas por m\u00e1s de treinta a\u00f1os de trabajo ininterrumpido en este sector, d\u00e9cadas en las que le han brindado un atractivo tur\u00edstico y cultural de especial valor a la Plaza Fundacional, convirti\u00e9ndose en uno de los tantos motivos por los cuales miles de transe\u00fantes valoran este trabajo y los corredores donde ellos laboran.<\/p>\n<p>Desafortunadamente, cada diciembre estos artesanos y vendedores informales son desalojados de sus tradicionales puestos de trabajo de manera arbitraria y contrariando la jurisprudencia de la Corte Constitucional. El desalojo, como informan los afectados y varios medios de comunicaci\u00f3n, ha sido con una fuerza desmedida, haciendo uso del cuerpo de antidisturbios ESMAD, sin que medie una concertaci\u00f3n con estos trabajadores y artesanos, y sin respetar los requisitos para estos procesos.<\/p>\n<p>Por lo anterior, de manera respetuosa, solicito formalmente abstenerse de realizar operativos policiales contra estos trabajadores y atender sus reclamos, entre los que se encuentra retomar la mesa de concertaci\u00f3n con la Alcald\u00eda Local, compromiso que ha sido desconocido por parte de la actual Administraci\u00f3n.<\/p>\n<p>Cordialmente,<\/p>\n<p>MANUEL JOS\u00c9 SARMIENTO ARGUELLO<\/p>\n<p>CONCEJAL DE BOGOT\u00c1<\/p>\n<p>POLO DEMOCR\u00c1TICO ALTERNATIVO<\/p>\n","protected":false},"excerpt":{"rendered":"<p>Oficina de prensa del concejal Manuel Sarmiento, Bogot\u00e1, diciembre 4 de 2017 El Concejal Manuel Sarmiento, env\u00edo comunicaci\u00f3n al alcalde Enrique Pe\u00f1alosa y a la alcaldesa local de Usaqu\u00e9n solicitandoles que se abstengan de realizar operativos de desalojo contra vendedores informales y artesanos de la plaza fundacional de Usaqu\u00e9n. El cabildante del Polo tambi\u00e9n se\u00f1al\u00f3 [&hellip;]<\/p>\n","protected":false},"author":1,"featured_media":14011,"comment_status":"open","ping_status":"open","sticky":false,"template":"","format":"standard","meta":{"advanced_seo_description":"","jetpack_seo_html_title":"","jetpack_seo_noindex":false,"_jetpack_memberships_contains_paid_content":false,"footnotes":""},"categories":[101,102,97,100,98],"tags":[],"class_list":["post-14010","post","type-post","status-publish","format-standard","has-post-thumbnail","hentry","category-bogota","category-economia","category-imperialismo-y-neoliberalismo","category-manuel-sarmiento","category-politica"],"jetpack_featured_media_url":"https:\/\/i0.wp.com\/moir.com.co\/web\/wp-content\/uploads\/2017\/12\/bogotavendedoresambulantes.jpg?fit=1246%2C630&ssl=1","jetpack-related-posts":[{"id":16080,"url":"https:\/\/moir.com.co\/web\/penalosa-persigue-a-los-vendedores-informales-mientras-privatiza-el-espacio-publico\/","url_meta":{"origin":14010,"position":0},"title":"Pe\u00f1alosa persigue a los vendedores informales mientras privatiza el espacio p\u00fablico","author":"admin","date":"octubre 3, 2018","format":false,"excerpt":"Oficina de prensa del concejal Manuel Sarmiento, Bogot\u00e1, octubre 2 de 2018 En medio del debate sobre las ventas informales, el concejal Manuel Sarmiento se refiri\u00f3 al Decreto 552 del 2018 expedido el pasado 26 de septiembre por el gobierno de Enrique Pe\u00f1alosa y que regula el aprovechamiento econ\u00f3mico del\u2026","rel":"","context":"En \u00abBogot\u00e1\u00bb","block_context":{"text":"Bogot\u00e1","link":"https:\/\/moir.com.co\/web\/category\/temas\/bogota\/"},"img":{"alt_text":"","src":"https:\/\/i0.wp.com\/moir.com.co\/web\/wp-content\/uploads\/2018\/10\/pen%CC%83alosavendedoresamb.jpg?fit=800%2C420&ssl=1&resize=350%2C200","width":350,"height":200,"srcset":"https:\/\/i0.wp.com\/moir.com.co\/web\/wp-content\/uploads\/2018\/10\/pen%CC%83alosavendedoresamb.jpg?fit=800%2C420&ssl=1&resize=350%2C200 1x, https:\/\/i0.wp.com\/moir.com.co\/web\/wp-content\/uploads\/2018\/10\/pen%CC%83alosavendedoresamb.jpg?fit=800%2C420&ssl=1&resize=525%2C300 1.5x, https:\/\/i0.wp.com\/moir.com.co\/web\/wp-content\/uploads\/2018\/10\/pen%CC%83alosavendedoresamb.jpg?fit=800%2C420&ssl=1&resize=700%2C400 2x"},"classes":[]},{"id":15757,"url":"https:\/\/moir.com.co\/web\/es-inaudito-que-la-administracion-de-penalosa-desconozca-la-participacion-de-la-personeria-de-bogota-en-operativos-de-desalojo-de-vendedores-informales\/","url_meta":{"origin":14010,"position":1},"title":"Es inaudito que la administraci\u00f3n de Pe\u00f1alosa desconozca la participaci\u00f3n de la Personer\u00eda de Bogot\u00e1 en operativos de desalojo de vendedores informales","author":"admin","date":"agosto 27, 2018","format":false,"excerpt":"Oficina de prensa del concejal Manuel Sarmiento, Bogot\u00e1, agosto 27 de 2018 Concejal Manuel Sarmiento exige que no se siga desconociendo la participaci\u00f3n del Ministerio P\u00fablico en los desalojos de vendedores informales en la ciudad. La Polic\u00eda Metropolitana de Bogot\u00e1 y el Secretario de Gobierno deben expedir un instructivo para\u2026","rel":"","context":"En \u00abBogot\u00e1\u00bb","block_context":{"text":"Bogot\u00e1","link":"https:\/\/moir.com.co\/web\/category\/temas\/bogota\/"},"img":{"alt_text":"","src":"https:\/\/i0.wp.com\/moir.com.co\/web\/wp-content\/uploads\/2018\/07\/vendedoresambulantesperseguidos.jpg?fit=400%2C300&ssl=1&resize=350%2C200","width":350,"height":200},"classes":[]},{"id":12782,"url":"https:\/\/moir.com.co\/web\/senador-robledo-y-concejal-manuel-sarmiento-presentaron-demanda-para-proteger-derechos-de-vendedores-informales\/","url_meta":{"origin":14010,"position":2},"title":"Senador Robledo y concejal Manuel Sarmiento presentaron demanda para proteger derechos de vendedores informales","author":"admin","date":"junio 29, 2017","format":false,"excerpt":"Oficina de prensa del senador Jorge Enrique Robledo, Bogot\u00e1, junio 22 de \u00a02017 El Senador Robledo y el Concejal Manuel Sarmiento, del Polo Democr\u00e1tico Alternativo, presentaron una demanda contra normas distritales que desconocen los derechos de los vendedores informales. Cada vez hay m\u00e1s vendedores en la calle producto de la\u2026","rel":"","context":"En \u00abBogot\u00e1\u00bb","block_context":{"text":"Bogot\u00e1","link":"https:\/\/moir.com.co\/web\/category\/temas\/bogota\/"},"img":{"alt_text":"","src":"https:\/\/i0.wp.com\/moir.com.co\/web\/wp-content\/uploads\/2017\/06\/bogotavendedoresambulantes.png?fit=500%2C374&ssl=1&resize=350%2C200","width":350,"height":200},"classes":[]},{"id":15528,"url":"https:\/\/moir.com.co\/web\/video-no-es-con-bolillo-como-se-resuelve-la-situacion-de-los-vendedores-informales-concejal-manuel-sarmiento\/","url_meta":{"origin":14010,"position":3},"title":"Video: No es con bolillo c\u00f3mo se resuelve la situaci\u00f3n de los vendedores informales, concejal Manuel Sarmiento","author":"admin","date":"julio 27, 2018","format":"video","excerpt":"En el debate de control pol\u00edtico sobre vendedores informales, el concejal Manuel Sarmiento rechaz\u00f3 la pol\u00edtica del Alcalde Pe\u00f1alosa de perseguir y criminalizar a personas humildes mientras entrega el espacio p\u00fablico a sus compadres. Bogot\u00e1, julio 26 de 2018","rel":"","context":"En \u00abBogot\u00e1\u00bb","block_context":{"text":"Bogot\u00e1","link":"https:\/\/moir.com.co\/web\/category\/temas\/bogota\/"},"img":{"alt_text":"","src":"","width":0,"height":0},"classes":[]},{"id":15530,"url":"https:\/\/moir.com.co\/web\/no-es-con-bolillo-como-se-resuelve-la-situacion-de-los-vendedores-informales\/","url_meta":{"origin":14010,"position":4},"title":"No es con bolillo como se resuelve la situaci\u00f3n de los vendedores informales","author":"admin","date":"julio 27, 2018","format":false,"excerpt":"Oficina de prensa del concejal Manuel Sarmiento, Bogot\u00e1, julio 26 de 2018 Pe\u00f1alosa persigue a vendedores informales, mientras les entrega el espacio p\u00fablico a sus compadres. En el debate de control pol\u00edtico sobre vendedores informales, el concejal Manuel Sarmiento rechaz\u00f3 la pol\u00edtica del Alcalde Pe\u00f1alosa de perseguir y criminalizar a\u2026","rel":"","context":"En \u00abBogot\u00e1\u00bb","block_context":{"text":"Bogot\u00e1","link":"https:\/\/moir.com.co\/web\/category\/temas\/bogota\/"},"img":{"alt_text":"","src":"https:\/\/i0.wp.com\/moir.com.co\/web\/wp-content\/uploads\/2018\/07\/vendedoresambulantesperseguidos.jpg?fit=400%2C300&ssl=1&resize=350%2C200","width":350,"height":200},"classes":[]},{"id":17557,"url":"https:\/\/moir.com.co\/web\/video-penalosa-pasa-por-encima-de-vendedores-informales-en-suba-concejal-manuel-sarmiento\/","url_meta":{"origin":14010,"position":5},"title":"Video: Pe\u00f1alosa pasa por encima de vendedores informales en Suba, concejal Manuel Sarmiento","author":"admin","date":"mayo 30, 2019","format":"video","excerpt":"Bogot\u00e1, mayo 29 de 2019","rel":"","context":"En \u00abBogot\u00e1\u00bb","block_context":{"text":"Bogot\u00e1","link":"https:\/\/moir.com.co\/web\/category\/temas\/bogota\/"},"img":{"alt_text":"","src":"","width":0,"height":0},"classes":[]}],"jetpack_sharing_enabled":true,"_links":{"self":[{"href":"https:\/\/moir.com.co\/web\/wp-json\/wp\/v2\/posts\/14010","targetHints":{"allow":["GET"]}}],"collection":[{"href":"https:\/\/moir.com.co\/web\/wp-json\/wp\/v2\/posts"}],"about":[{"href":"https:\/\/moir.com.co\/web\/wp-json\/wp\/v2\/types\/post"}],"author":[{"embeddable":true,"href":"https:\/\/moir.com.co\/web\/wp-json\/wp\/v2\/users\/1"}],"replies":[{"embeddable":true,"href":"https:\/\/moir.com.co\/web\/wp-json\/wp\/v2\/comments?post=14010"}],"version-history":[{"count":1,"href":"https:\/\/moir.com.co\/web\/wp-json\/wp\/v2\/posts\/14010\/revisions"}],"predecessor-version":[{"id":14012,"href":"https:\/\/moir.com.co\/web\/wp-json\/wp\/v2\/posts\/14010\/revisions\/14012"}],"wp:featuredmedia":[{"embeddable":true,"href":"https:\/\/moir.com.co\/web\/wp-json\/wp\/v2\/media\/14011"}],"wp:attachment":[{"href":"https:\/\/moir.com.co\/web\/wp-json\/wp\/v2\/media?parent=14010"}],"wp:term":[{"taxonomy":"category","embeddable":true,"href":"https:\/\/moir.com.co\/web\/wp-json\/wp\/v2\/categories?post=14010"},{"taxonomy":"post_tag","embeddable":true,"href":"https:\/\/moir.com.co\/web\/wp-json\/wp\/v2\/tags?post=14010"}],"curies":[{"name":"wp","href":"https:\/\/api.w.org\/{rel}","templated":true}]}}