{"id":14001,"date":"2017-12-01T23:05:38","date_gmt":"2017-12-01T23:05:38","guid":{"rendered":"https:\/\/moir.org.co\/web\/?p=14001"},"modified":"2017-12-01T23:05:38","modified_gmt":"2017-12-01T23:05:38","slug":"colombia-puede-ser-un-gran-yopal","status":"publish","type":"post","link":"https:\/\/moir.com.co\/web\/colombia-puede-ser-un-gran-yopal\/","title":{"rendered":"Colombia puede ser un gran Yopal"},"content":{"rendered":"<p><strong>Jorge Enrique Robledo, Bogot\u00e1, diciembre 1 de 2017<\/strong><\/p>\n<div>El triunfo de Leonardo Puentes en las elecciones a la Alcald\u00eda de Yopal \u2013capital de Casanare\u2013 puede ser premonitorio de un suceso sin antecedentes en el pa\u00eds y de gran importancia en las elecciones presidenciales de 2018: que alguien que no provenga del viejo tronco liberal-conservador ni pueda catalogarse como de \u201clos mismos con las mismas\u201d llegue a la jefatura del Estado.<\/div>\n<div><\/div>\n<div>Cabe el anterior comentario porque Leonardo Puentes gan\u00f3 la Alcald\u00eda avalado por la Alianza Verde y el Polo Democr\u00e1tico, m\u00e1s el respaldo de Compromiso Ciudadano, candidatura que en persona, yendo hasta Yopal, respaldamos con Claudia L\u00f3pez y Sergio Fajardo, y venci\u00f3 a pesar de que sus contrincantes pose\u00edan bastantes m\u00e1s recursos econ\u00f3micos y de otros tipos, en tanto \u00e9l les sacaba ventaja por su trayectoria, ideas y programa de gobierno, contraste que cre\u00f3 un aut\u00e9ntico fen\u00f3meno. S\u00ed. Porque mentiras y resentimientos aparte, que en la politiquer\u00eda nunca faltan, puede comprobarse que en Yopal sucedi\u00f3 lo que nunca hab\u00eda ocurrido: que muchos de sus habitantes, ajenos por completo a la pol\u00edtica o que votaban sin pensarlo muy bien, se pusieron las pilas y se movilizaron para elegir a quien representaba lo contrario de tantas cosas que detestamos los colombianos.<\/div>\n<div><\/div>\n<div>Pero lo que seguramente defini\u00f3 que las gentes de Yopal le dieran el triunfo a Leonardo Puentes es que all\u00ed se expres\u00f3 la lucha que se libra en todo el pa\u00eds entre la vieja y la nueva Colombia, entre los defensores de una manera de hacer las cosas que ha fracasado para resolver las urgentes necesidades nacionales y quienes proponemos una forma diferente de hacer la pol\u00edtica \u2013por completo opuesta a la corrupci\u00f3n y el clientelismo\u2013 y tambi\u00e9n distinta en cuanto a c\u00f3mo generar m\u00e1s riqueza \u2013en el agro, la industria y los dem\u00e1s sectores\u2013 y c\u00f3mo distribuirla mejor \u2013m\u00e1s ingresos, empleo, salud, educaci\u00f3n, ambiente, cultura, etc.<\/div>\n<div><\/div>\n<div>En Yopal tambi\u00e9n se manifest\u00f3 un sentimiento que se ha se\u00f1alado en esta columna y que se resume en lo que se escucha por todas partes: \u201cEstamos hasta la coronilla, mamados, de los mismos con las mismas\u201d, al igual que otras frases con las que se reclama por lo mal gobernados que han estado Yopal, Casanare y Colombia, y no solo por el clientelismo y la corrupci\u00f3n. Hay que ver la mediocridad con la que tambi\u00e9n se han administrado los recursos p\u00fablicos en esas tierras bellas de gentes buenas. Con solo decir que llevan \u00a1seis a\u00f1os! sin el agua a la que tienen derecho porque los gobernantes han sido incapaces de reconstruir la planta del acueducto mal localizado y peor construido que destruy\u00f3 una avalancha.<\/div>\n<div><\/div>\n<div>Y m\u00e1s significativo a\u00fan, el triunfo de Verdes, Polo y Compromiso gener\u00f3 una euforia nacional, como qued\u00f3 en evidencia en los medios de comunicaci\u00f3n y con m\u00e1s fuerza a\u00fan en las redes sociales. Porque se prob\u00f3 que \u201clos mismos con las mismas\u201d no son invencibles, como ellos se presentan, y que el triunfo de Yopal es parte del proyecto Coalici\u00f3n Colombia, creado para acordar un programa de gobierno democr\u00e1tico que permita escoger un solo candidato o candidata a la Presidencia de la Rep\u00fablica y presentar listas unificadas al Senado y la C\u00e1mara, en la perspectiva de que este acuerdo pol\u00edtico vaya m\u00e1s all\u00e1 de las elecciones del a\u00f1o entrante.<\/div>\n<div><\/div>\n<div>A quienes preguntan en qu\u00e9 van las conversaciones se les puede decir que hay optimismo por los resultados. Porque los compromisarios llevan semanas de inteligentes labores y porque, con el respaldo legal de una tutela fallada por el Tribunal Administrativo de Cundinamarca, seguramente habr\u00e1 listas unificadas en Senado y C\u00e1mara de Representantes, hecho que facilitar\u00eda que el 11 de marzo de 2018 todos los colombianos puedan votar para elegir a quien ser\u00eda el candidato \u00fanico capaz de ganar la Presidencia, de forma que no se reelijan las malas pr\u00e1cticas y las malas pol\u00edticas que tanto da\u00f1o le ha hecho al pa\u00eds.<\/div>\n<div><\/div>\n<div>Coletilla: el Contralor General expidi\u00f3 una fuerte declaraci\u00f3n en contra del Art\u00edculo 20 de la ley de contrataci\u00f3n, al que calific\u00f3 de \u201cmico\u201d, es decir, tramitado de manera ilegal. Y porque as\u00ed, seg\u00fan tambi\u00e9n lo denunciara Jos\u00e9 Roberto Acosta, se obligar\u00e1 al Estado a pagarles a los banqueros las deudas que no les paguen ciertos contratistas, as\u00ed el impago se genere por actos de corrupci\u00f3n. Adem\u00e1s, la norma se aplicar\u00e1 con retroactividad, \u00a1para favorecer a los banqueros del caso Odebrecht! El Contralor tambi\u00e9n le pide a Santos que no sancione la ley y advierte que de no hacerlo, \u00e9l recurrir\u00eda a una acci\u00f3n de inconstitucionalidad (<a href=\"http:\/\/r.contacto.jorgerobledo.com\/track\/click\/86uh4kb59cyb6bd\"><em>Otro mico legal de los de siempre<\/em><\/a> y <em><a href=\"http:\/\/r.contacto.jorgerobledo.com\/track\/click\/86uh4kb61syb6bd\">comunicado Contralor\u00eda<\/a><\/em>). Estamos ante el caso cl\u00e1sico de un gobierno, encabezado por el ministro de Hacienda, que apela a una maniobra calculada para introducir la trampa en la ley, de manera que la corrupci\u00f3n quede protegida por la legalidad. Antes Colombia no est\u00e1 peor.<\/div>\n","protected":false},"excerpt":{"rendered":"<p>Jorge Enrique Robledo, Bogot\u00e1, diciembre 1 de 2017 El triunfo de Leonardo Puentes en las elecciones a la Alcald\u00eda de Yopal \u2013capital de Casanare\u2013 puede ser premonitorio de un suceso sin antecedentes en el pa\u00eds y de gran importancia en las elecciones presidenciales de 2018: que alguien que no provenga del viejo tronco liberal-conservador ni [&hellip;]<\/p>\n","protected":false},"author":1,"featured_media":14002,"comment_status":"open","ping_status":"open","sticky":false,"template":"","format":"standard","meta":{"advanced_seo_description":"","jetpack_seo_html_title":"","jetpack_seo_noindex":false,"_jetpack_memberships_contains_paid_content":false,"footnotes":""},"categories":[102,97,4,98],"tags":[],"class_list":["post-14001","post","type-post","status-publish","format-standard","has-post-thumbnail","hentry","category-economia","category-imperialismo-y-neoliberalismo","category-jorge-enrique-robledo","category-politica"],"jetpack_featured_media_url":"https:\/\/i0.wp.com\/moir.com.co\/web\/wp-content\/uploads\/2017\/12\/yopal.png?fit=818%2C475&ssl=1","jetpack-related-posts":[{"id":13954,"url":"https:\/\/moir.com.co\/web\/si-es-posible-coalicion-colombia-obtiene-su-primer-triunfo-electoral-y-gana-la-alcaldia-de-yopal\/","url_meta":{"origin":14001,"position":0},"title":"\u00a1S\u00ed es posible! Coalici\u00f3n Colombia obtiene su primer triunfo electoral y gana la alcald\u00eda de Yopal","author":"admin","date":"noviembre 27, 2017","format":false,"excerpt":"Oficina de prensa del senador y candidato presidencial del Polo Jorge Enrique Robledo, Bogot\u00e1, noviembre 27 de 2017 Con el respaldo de Jorge Robledo, Sergio Fajardo y Claudia L\u00f3pez de la Coalici\u00f3n Colombia este domingo con 16.522 votos Leonardo Puentes fue elegido como nuevo alcalde de Yopal en las elecciones\u2026","rel":"","context":"En \u00abJorge Enrique Robledo\u00bb","block_context":{"text":"Jorge Enrique Robledo","link":"https:\/\/moir.com.co\/web\/category\/jorge-enrique-robledo\/"},"img":{"alt_text":"","src":"https:\/\/i0.wp.com\/moir.com.co\/web\/wp-content\/uploads\/2017\/11\/casanarecoalicionyopal.png?fit=768%2C510&ssl=1&resize=350%2C200","width":350,"height":200,"srcset":"https:\/\/i0.wp.com\/moir.com.co\/web\/wp-content\/uploads\/2017\/11\/casanarecoalicionyopal.png?fit=768%2C510&ssl=1&resize=350%2C200 1x, https:\/\/i0.wp.com\/moir.com.co\/web\/wp-content\/uploads\/2017\/11\/casanarecoalicionyopal.png?fit=768%2C510&ssl=1&resize=525%2C300 1.5x, https:\/\/i0.wp.com\/moir.com.co\/web\/wp-content\/uploads\/2017\/11\/casanarecoalicionyopal.png?fit=768%2C510&ssl=1&resize=700%2C400 2x"},"classes":[]},{"id":13846,"url":"https:\/\/moir.com.co\/web\/fajardo-lopez-y-robledo-llegan-a-la-capital-de-casanare-a-trabajar-juntos-para-derrotar-la-politiqueria\/","url_meta":{"origin":14001,"position":1},"title":"Fajardo, L\u00f3pez y Robledo llegan a la capital de Casanare a trabajar juntos para derrotar la politiquer\u00eda","author":"admin","date":"noviembre 17, 2017","format":false,"excerpt":"Oficina de prensa del senador y candidato presidencial del Polo Jorge Enrique Robledo, Bogot\u00e1, noviembre 17 de 2017 Los candidatos respaldan la candidatura de Leonardo Puentes a la alcald\u00eda de Yopal\u00a0 El Partido Alianza Verde, en cabeza de Claudia L\u00f3pez; el Polo Democr\u00e1tico Alternativo, representado por Jorge Robledo, y el\u2026","rel":"","context":"En \u00abEconom\u00eda\u00bb","block_context":{"text":"Econom\u00eda","link":"https:\/\/moir.com.co\/web\/category\/temas\/economia\/"},"img":{"alt_text":"","src":"https:\/\/i0.wp.com\/moir.com.co\/web\/wp-content\/uploads\/2017\/11\/yopalatipicas.jpeg?fit=768%2C646&ssl=1&resize=350%2C200","width":350,"height":200,"srcset":"https:\/\/i0.wp.com\/moir.com.co\/web\/wp-content\/uploads\/2017\/11\/yopalatipicas.jpeg?fit=768%2C646&ssl=1&resize=350%2C200 1x, https:\/\/i0.wp.com\/moir.com.co\/web\/wp-content\/uploads\/2017\/11\/yopalatipicas.jpeg?fit=768%2C646&ssl=1&resize=525%2C300 1.5x, https:\/\/i0.wp.com\/moir.com.co\/web\/wp-content\/uploads\/2017\/11\/yopalatipicas.jpeg?fit=768%2C646&ssl=1&resize=700%2C400 2x"},"classes":[]},{"id":13968,"url":"https:\/\/moir.com.co\/web\/video-coalicion-colombia-en-yopal-eligio-a-leonardo-puentes-y-derroto-a-los-mismos-con-las-mismas\/","url_meta":{"origin":14001,"position":2},"title":"Video: Coalici\u00f3n Colombia en Yopal eligi\u00f3 a Leonardo Puentes y derrot\u00f3 a los mismos con las mismas","author":"admin","date":"noviembre 27, 2017","format":"video","excerpt":"Se est\u00e1 haciendo historia mis queridos colombianos. Con Leonardo Puentes ganamos la alcald\u00eda de Yopal y derrotamos a los mismos con las mismas. Bogot\u00e1, noviembre 27 de 2017","rel":"","context":"En \u00abPol\u00edtica\u00bb","block_context":{"text":"Pol\u00edtica","link":"https:\/\/moir.com.co\/web\/category\/temas\/politica\/"},"img":{"alt_text":"","src":"","width":0,"height":0},"classes":[]},{"id":6443,"url":"https:\/\/moir.com.co\/web\/si-no-hay-soluciones-efectivas-el-viernes-13-de-abril-paran-los-estudiantes-de-yopal-casanare\/","url_meta":{"origin":14001,"position":3},"title":"Si no hay soluciones efectivas, el viernes 13 de abril paran los estudiantes de Yopal, Casanare","author":"admin","date":"abril 11, 2012","format":false,"excerpt":"Total apoyo brindan los congresistas, los diputados, los concejales, los padres de familia, los medios de comunicaci\u00f3n, el Polo y la CUT. Robledo pide soluciones concretas y oportunas y no meras promesas. La comunidad estudiantil de Yopal, Casanare, se apresta a decretar un paro indefinido a partir del viernes 13\u2026","rel":"","context":"En \u00abJorge Enrique Robledo\u00bb","block_context":{"text":"Jorge Enrique Robledo","link":"https:\/\/moir.com.co\/web\/category\/jorge-enrique-robledo\/"},"img":{"alt_text":"","src":"","width":0,"height":0},"classes":[]},{"id":9652,"url":"https:\/\/moir.com.co\/web\/en-santander-si-hay-por-quien-votar-robledo-en-su-gira-estepaissitienearreglo\/","url_meta":{"origin":14001,"position":4},"title":"En Santander s\u00ed hay por quien votar: Robledo en su gira #EstePa\u00edsS\u00edTieneArreglo","author":"admin","date":"septiembre 17, 2015","format":false,"excerpt":"El senador Jorge Enrique Robledo realiz\u00f3 una gira de tres d\u00edas en la que recorri\u00f3 diez municipios de Santander para respaldar las candidaturas del Polo con miras a las elecciones del pr\u00f3ximo 25 de octubre. La correr\u00eda de Robledo, quien estuvo acompa\u00f1ado por el diputado y cabeza de lista del\u2026","rel":"","context":"En \u00abJorge Enrique Robledo\u00bb","block_context":{"text":"Jorge Enrique Robledo","link":"https:\/\/moir.com.co\/web\/category\/jorge-enrique-robledo\/"},"img":{"alt_text":"","src":"","width":0,"height":0},"classes":[]},{"id":4897,"url":"https:\/\/moir.com.co\/web\/foro-en-defensa-de-las-regalias-organizado-por-la-asamblea-departamental-carlos-fredy-mejia-y-oswaldo-caceres-y-el-comite-civico-con-la-participacion-de-los-senadores-jorge-enrique-robledo-y-alexa\/","url_meta":{"origin":14001,"position":5},"title":"Foro en defensa de las regal\u00edas. Organizado por la Asamblea Departamental (Carlos Fredy Mejia y Oswaldo Caceres) y el Comit\u00e9 C\u00edvico. con la participaci\u00f3n de los senadores Jorge Enrique Robledo y Alexander Lopez y el representante a la C\u00e1mara Camilo Abril, Yopal, octubre 14 de 2010","author":"admin","date":"octubre 14, 2010","format":false,"excerpt":"","rel":"","context":"En \u00abGaler\u00edas\u00bb","block_context":{"text":"Galer\u00edas","link":"https:\/\/moir.com.co\/web\/category\/multimedia\/galerias\/"},"img":{"alt_text":"","src":"","width":0,"height":0},"classes":[]}],"jetpack_sharing_enabled":true,"_links":{"self":[{"href":"https:\/\/moir.com.co\/web\/wp-json\/wp\/v2\/posts\/14001","targetHints":{"allow":["GET"]}}],"collection":[{"href":"https:\/\/moir.com.co\/web\/wp-json\/wp\/v2\/posts"}],"about":[{"href":"https:\/\/moir.com.co\/web\/wp-json\/wp\/v2\/types\/post"}],"author":[{"embeddable":true,"href":"https:\/\/moir.com.co\/web\/wp-json\/wp\/v2\/users\/1"}],"replies":[{"embeddable":true,"href":"https:\/\/moir.com.co\/web\/wp-json\/wp\/v2\/comments?post=14001"}],"version-history":[{"count":1,"href":"https:\/\/moir.com.co\/web\/wp-json\/wp\/v2\/posts\/14001\/revisions"}],"predecessor-version":[{"id":14003,"href":"https:\/\/moir.com.co\/web\/wp-json\/wp\/v2\/posts\/14001\/revisions\/14003"}],"wp:featuredmedia":[{"embeddable":true,"href":"https:\/\/moir.com.co\/web\/wp-json\/wp\/v2\/media\/14002"}],"wp:attachment":[{"href":"https:\/\/moir.com.co\/web\/wp-json\/wp\/v2\/media?parent=14001"}],"wp:term":[{"taxonomy":"category","embeddable":true,"href":"https:\/\/moir.com.co\/web\/wp-json\/wp\/v2\/categories?post=14001"},{"taxonomy":"post_tag","embeddable":true,"href":"https:\/\/moir.com.co\/web\/wp-json\/wp\/v2\/tags?post=14001"}],"curies":[{"name":"wp","href":"https:\/\/api.w.org\/{rel}","templated":true}]}}