{"id":13998,"date":"2017-12-01T17:09:45","date_gmt":"2017-12-01T17:09:45","guid":{"rendered":"https:\/\/moir.org.co\/web\/?p=13998"},"modified":"2017-12-01T17:09:45","modified_gmt":"2017-12-01T17:09:45","slug":"propongo-crear-una-comision-para-revisar-y-bajar-las-tarifas-de-energia-robledo","status":"publish","type":"post","link":"https:\/\/moir.com.co\/web\/propongo-crear-una-comision-para-revisar-y-bajar-las-tarifas-de-energia-robledo\/","title":{"rendered":"Propongo crear una comisi\u00f3n para revisar y bajar las tarifas de energ\u00eda: Robledo"},"content":{"rendered":"<p><strong>Oficina de prensa del senador y candidato presidencial del Polo Jorge Enrique Robledo, Bogot\u00e1, diciembre 1 de 2017<\/strong><\/p>\n<p><em>Nos est\u00e1n desplumando con las tarifas de la electricidad. El regulador est\u00e1 capturado.<\/em><\/p>\n<p>\u201cLas altas tarifas de la electricidad est\u00e1n destruyendo a la industria nacional y desmejorando el nivel de vida de las colombianas y los colombianos,\u201d expres\u00f3 el candidato presidencial y senador Jorge Enrique Robledo durante el foro citado por Asoenerg\u00eda, gremio de los grandes consumidores de electricidad. En los \u00faltimos veintisiete a\u00f1os se implement\u00f3 una pol\u00edtica que privatiz\u00f3 al sector el\u00e9ctrico \u2013hoy solo EPM en cien por ciento estatal\u2013 y les entreg\u00f3 a grandes capitales extranjeros el monopolio de este servicio p\u00fablico.<\/p>\n<h4>Ahogados con las tarifas<\/h4>\n<div class=\"SandboxRoot env-bp-350\" data-twitter-event-id=\"0\">\n<div id=\"twitter-widget-0\" class=\"EmbeddedTweet EmbeddedTweet--edge EmbeddedTweet--mediaForward media-forward js-clickToOpenTarget js-tweetIdInfo tweet-InformationCircle-widgetParent\" lang=\"es\" data-click-to-open-target=\"https:\/\/twitter.com\/JERobledo\/status\/936302011133329408\" data-iframe-title=\"Tweet de Twitter\" data-dt-full=\"%{hours24}:%{minutes} - %{day} %{month} %{year}\" data-dt-explicit-timestamp=\"13:32 - 30 nov. 2017\" data-dt-months=\"ene|feb|mar|abr|Mayo|jun|jul|ago|sep|oct|nov|dic\" data-dt-am=\"AM\" data-dt-pm=\"PM\" data-dt-now=\"ahora\" data-dt-s=\"s\" data-dt-m=\"m\" data-dt-h=\"h\" data-dt-second=\"segundo\" data-dt-seconds=\"segundos\" data-dt-minute=\"minuto\" data-dt-minutes=\"minutos\" data-dt-hour=\"hora\" data-dt-hours=\"horas\" data-dt-abbr=\"%{number}%{symbol}\" data-dt-short=\"%{day} %{month}\" data-dt-long=\"%{day} %{month} %{year}\" data-scribe=\"page:tweet\" data-tweet-id=\"936302011133329408\" data-twitter-event-id=\"1\">\n<article class=\"MediaCard\n           MediaCard--mediaForward\n\n           customisable-border\" dir=\"ltr\" data-scribe=\"component:card\"><\/p>\n<div class=\"MediaCard-media\"><a class=\"MediaCard-borderOverlay\" tabindex=\"-1\" title=\"Ver imagen en Twitter\" role=\"presentation\" href=\"https:\/\/twitter.com\/JERobledo\/status\/936302011133329408\/photo\/1\"><span class=\"u-hiddenVisually\">Ver imagen en Twitter<\/span><\/a><\/p>\n<div class=\"MediaCard-widthConstraint js-cspForcedStyle\" data-style=\"max-width: 1200px\">\n<div class=\"MediaCard-mediaContainer js-cspForcedStyle\" data-style=\"padding-bottom: 84.0000%\"><a class=\"MediaCard-mediaAsset\n                    NaturalImage\n\" href=\"https:\/\/twitter.com\/JERobledo\/status\/936302011133329408\/photo\/1\" data-scribe=\"element:photo\"><img data-recalc-dims=\"1\" fetchpriority=\"high\" decoding=\"async\" class=\"NaturalImage-image\" title=\"Ver imagen en Twitter\" src=\"https:\/\/i0.wp.com\/pbs.twimg.com\/media\/DP5ptAtXkAAZ2m3.jpg?resize=800%2C672&#038;ssl=1\" alt=\"Ver imagen en Twitter\" width=\"800\" height=\"672\" data-srcset=\"https%3A%2F%2Fpbs.twimg.com%2Fmedia%2FDP5ptAtXkAAZ2m3.jpg%3Alarge 1264w,https%3A%2F%2Fpbs.twimg.com%2Fmedia%2FDP5ptAtXkAAZ2m3.jpg 1200w,https%3A%2F%2Fpbs.twimg.com%2Fmedia%2FDP5ptAtXkAAZ2m3.jpg%3Asmall 680w\" \/><\/a><\/div>\n<\/div>\n<\/div>\n<\/article>\n<div class=\"EmbeddedTweet-tweet\">\n<blockquote class=\"Tweet h-entry js-tweetIdInfo subject expanded is-deciderHtmlWhitespace\" cite=\"https:\/\/twitter.com\/JERobledo\/status\/936302011133329408\" data-tweet-id=\"936302011133329408\" data-scribe=\"section:subject\">\n<div class=\"Tweet-header u-cf\">\n<div class=\"Tweet-brand u-floatRight\"><\/div>\n<div class=\"TweetAuthor js-inViewportScribingTarget js-aBScribingTarget\" data-scribe=\"component:author\"><a class=\"TweetAuthor-link Identity u-linkBlend\" href=\"https:\/\/twitter.com\/JERobledo\" data-scribe=\"element:user_link\" aria-label=\"Jorge Robledo (nombre de pantalla: JERobledo)\"><span class=\"TweetAuthor-avatar Identity-avatar\"><img data-recalc-dims=\"1\" decoding=\"async\" class=\"Avatar Avatar--edge\" src=\"https:\/\/i0.wp.com\/pbs.twimg.com\/profile_images\/907368655654146048\/DqmgFlHr_bigger.jpg?w=800&#038;ssl=1\" alt=\"\" data-scribe=\"element:avatar\" data-src-2x=\"https:\/\/pbs.twimg.com\/profile_images\/907368655654146048\/DqmgFlHr_bigger.jpg\" data-src-1x=\"https:\/\/pbs.twimg.com\/profile_images\/907368655654146048\/DqmgFlHr_normal.jpg\" \/><\/span><span class=\"TweetAuthor-decoratedName\"><span class=\"TweetAuthor-name TweetAuthor-name--flex Identity-name customisable-highlight\" title=\"Jorge Robledo\" data-scribe=\"element:name\">Jorge Robledo<\/span><\/span><\/a><\/p>\n<div class=\"Icon Icon--verified \" title=\"Cuenta verificada\" role=\"img\" aria-label=\"Cuenta verificada\"><\/div>\n<p><a class=\"TweetAuthor-link Identity u-linkBlend\" href=\"https:\/\/twitter.com\/JERobledo\" data-scribe=\"element:user_link\" aria-label=\"Jorge Robledo (nombre de pantalla: JERobledo)\"><span class=\"TweetAuthor-decoratedName\"><span class=\"TweetAuthor-verifiedBadge TweetAuthor-verifiedBadge--flex\" data-scribe=\"element:verified_badge\"><b class=\"u-hiddenVisually\">\u2714<\/b><\/span><\/span><span class=\"TweetAuthor-screenName Identity-screenName\" dir=\"ltr\" title=\"@JERobledo\" data-scribe=\"element:screen_name\">@JERobledo<\/span><\/a><\/div>\n<\/div>\n<div class=\"Tweet-body e-entry-content\" data-scribe=\"component:tweet\">\n<div class=\"u-hiddenVisually js-inViewportScribingTarget\"><\/div>\n<p class=\"Tweet-text e-entry-title\" dir=\"ltr\" lang=\"es\">Propongo un gran acuerdo para establecer los costos reales de la energ\u00eda y reducir las tarifas para hacerlas competitivas. S\u00ed es posible.<a class=\"PrettyLink hashtag customisable\" dir=\"ltr\" href=\"https:\/\/twitter.com\/hashtag\/LeTocaALaIndustria?src=hash\" rel=\"tag\" data-query-source=\"hashtag_click\" data-scribe=\"element:hashtag\"><span class=\"PrettyLink-prefix\">#<\/span><span class=\"PrettyLink-value\">LeTocaALaIndustria<\/span><\/a>\u00a0<a class=\"PrettyLink hashtag customisable\" dir=\"ltr\" href=\"https:\/\/twitter.com\/hashtag\/LeTocaAColombia?src=hash\" rel=\"tag\" data-query-source=\"hashtag_click\" data-scribe=\"element:hashtag\"><span class=\"PrettyLink-prefix\">#<\/span><span class=\"PrettyLink-value\">LeTocaAColombia<\/span><\/a><\/p>\n<p>Foro\u00a0<a class=\"PrettyLink hashtag customisable\" dir=\"ltr\" href=\"https:\/\/twitter.com\/hashtag\/AsoEnergia?src=hash\" rel=\"tag\" data-query-source=\"hashtag_click\" data-scribe=\"element:hashtag\"><span class=\"PrettyLink-prefix\">#<\/span><span class=\"PrettyLink-value\">AsoEnergia<\/span><\/a><\/p>\n<div class=\"Tweet-metadata dateline\"><a class=\"u-linkBlend u-url customisable-highlight long-permalink\" href=\"https:\/\/twitter.com\/JERobledo\/status\/936302011133329408\" data-datetime=\"2017-11-30T18:32:49+0000\" data-scribe=\"element:full_timestamp\"><time class=\"dt-updated\" title=\"Publicado a las: 30 de noviembre de 2017 18:32:49 (UTC)\" datetime=\"2017-11-30T18:32:49+0000\">13:32 &#8211; 30 nov. 2017<\/time><\/a>\u00a0\u00b7\u00a0<a class=\"u-linkBlend customisable-highlight\" href=\"https:\/\/twitter.com\/search?q=place%3A0161be1b3f98d6c3\">Bogot\u00e1, D.C., Colombia<\/a><\/div>\n<div class=\"u-hiddenVisually js-aBScribingTarget\"><\/div>\n<ul class=\"Tweet-actions\" role=\"menu\" data-scribe=\"component:actions\" aria-label=\"Acciones del Tweet\">\n<li class=\"Tweet-action\">\n<div class=\"Icon Icon--reply TweetAction-icon Icon--replyEdge\" title=\"Responder\" role=\"img\" aria-label=\"Responder\"><\/div>\n<p><a class=\"TweetAction TweetAction--replyEdge web-intent\" href=\"https:\/\/twitter.com\/intent\/tweet?in_reply_to=936302011133329408\" data-scribe=\"element:reply\">\u00a0<span class=\"TweetAction-stat\" data-scribe=\"element:reply_count\" aria-hidden=\"true\">3<\/span><span class=\"u-hiddenVisually\">3 respuestas<\/span><\/a><\/li>\n<li class=\"Tweet-action\">\n<div class=\"Icon Icon--retweet TweetAction-icon Icon--retweetEdge\" title=\"Retwittear\" role=\"img\" aria-label=\"Retwittear\"><\/div>\n<p><a class=\"TweetAction TweetAction--retweetEdge web-intent\" href=\"https:\/\/twitter.com\/intent\/retweet?tweet_id=936302011133329408\" data-scribe=\"element:retweet\">\u00a0<span class=\"TweetAction-stat\" data-scribe=\"element:retweet_count\" aria-hidden=\"true\">49<\/span><span class=\"u-hiddenVisually\">49 Retweets<\/span><\/a><\/li>\n<li class=\"Tweet-action\">\n<div class=\"Icon Icon--heart TweetAction-icon Icon--heartEdge\" title=\"Me gusta\" role=\"img\" aria-label=\"Me gusta\"><\/div>\n<p><a class=\"TweetAction TweetAction--heartEdge web-intent\" href=\"https:\/\/twitter.com\/intent\/like?tweet_id=936302011133329408\" data-scribe=\"element:heart\">\u00a0<span class=\"TweetAction-stat\" data-scribe=\"element:heart_count\" aria-hidden=\"true\">76<\/span><span class=\"u-hiddenVisually\">76 me gusta<\/span><\/a><\/li>\n<\/ul>\n<\/div>\n<\/blockquote>\n<\/div>\n<div class=\"tweet-InformationCircle--top tweet-InformationCircle--topEdge tweet-InformationCircle\" data-scribe=\"element:notice\"><a class=\"Icon Icon--informationCircleWhite js-inViewportScribingTarget\" title=\"Informaci\u00f3n y privacidad de Twitter Ads\" href=\"https:\/\/support.twitter.com\/articles\/20175256\"><span class=\"u-hiddenVisually\">Informaci\u00f3n y privacidad de Twitter Ads<\/span><\/a><\/div>\n<\/div>\n<div class=\"resize-sensor\"><\/div>\n<\/div>\n<p>La industria es sin\u00f3nimo de electricidad. Esta es su principal materia prima, tanto que pesa entre el 20 y el 50 por ciento de los costos de producci\u00f3n. Y en la pol\u00edtica tarifaria se han adoptado decisiones que deben corregirse. \u201cSe privatizaron a menosprecio compa\u00f1\u00edas como Isagen y el r\u00e9gimen tarifario, definido por un regulador capturado, est\u00e1 lleno de disposiciones abusivas, como pagar una rentabilidad del 13 por ciento en un negocio de burro amarrado o pagar como nuevos activos que las empresas nunca reponen\u201d, agreg\u00f3 Robledo. Por estos atropellos las tarifas de electricidad crecen en t\u00e9rminos reales al 11 por ciento anual, luego para pagarlas la gente se est\u00e1 quitando el pan de la boca.<\/p>\n<h4>Le toca a la industria<\/h4>\n<p>A los 13,5 millones de usuarios los est\u00e1n desplumando con alt\u00edsimas tarifas y con decisiones incorrectas como la del Cargo por Confiabilidad, que hizo m\u00e1s caro el servicio. Es imposible alcanzar una econom\u00eda de mercado pr\u00f3spera sin electricidad costo eficiente. \u201cEn mi gobierno crear\u00e9 una comisi\u00f3n de expertos que, con cifras reales en mano, concert\u00e9 con todos los actores del sector (empresas, usuarios residenciales y el gobierno) cu\u00e1l debe ser la tarifa correcta. Hay estudios, incluso contratados por el gobierno, que se\u00f1alan como posible bajar la tarifa entre un 20 y un 30 por ciento,\u201d dijo Robledo. Le toca a la industria, le toca a la competitividad.<\/p>\n","protected":false},"excerpt":{"rendered":"<p>Oficina de prensa del senador y candidato presidencial del Polo Jorge Enrique Robledo, Bogot\u00e1, diciembre 1 de 2017 Nos est\u00e1n desplumando con las tarifas de la electricidad. El regulador est\u00e1 capturado. \u201cLas altas tarifas de la electricidad est\u00e1n destruyendo a la industria nacional y desmejorando el nivel de vida de las colombianas y los colombianos,\u201d [&hellip;]<\/p>\n","protected":false},"author":1,"featured_media":10494,"comment_status":"open","ping_status":"open","sticky":false,"template":"","format":"standard","meta":{"advanced_seo_description":"","jetpack_seo_html_title":"","jetpack_seo_noindex":false,"_jetpack_memberships_contains_paid_content":false,"footnotes":""},"categories":[102,97,4,98,108],"tags":[],"class_list":["post-13998","post","type-post","status-publish","format-standard","has-post-thumbnail","hentry","category-economia","category-imperialismo-y-neoliberalismo","category-jorge-enrique-robledo","category-politica","category-servicios-publicos-articulos-de-actualidad"],"jetpack_featured_media_url":"https:\/\/i0.wp.com\/moir.com.co\/web\/wp-content\/uploads\/2016\/10\/eebventa20.jpg?fit=960%2C641&ssl=1","jetpack-related-posts":[{"id":13995,"url":"https:\/\/moir.com.co\/web\/nos-estan-desplumando-con-las-tarifas-de-la-electricidad-robledo\/","url_meta":{"origin":13998,"position":0},"title":"Nos est\u00e1n desplumando con las tarifas de la electricidad: Robledo","author":"admin","date":"diciembre 1, 2017","format":false,"excerpt":"Oficina de prensa del senador y candidato presidencial del Polo Jorge Enrique Robledo, Bogot\u00e1, diciembre 1 de 2017 Propongo crear una comisi\u00f3n con todos los sectores para revisar y bajar las tarifas; el regulador est\u00e1 capturado \u201cLas altas tarifas de la electricidad est\u00e1n destruyendo a la industria nacional y desmejorando\u2026","rel":"","context":"En \u00abEconom\u00eda\u00bb","block_context":{"text":"Econom\u00eda","link":"https:\/\/moir.com.co\/web\/category\/temas\/economia\/"},"img":{"alt_text":"","src":"","width":0,"height":0},"classes":[]},{"id":13865,"url":"https:\/\/moir.com.co\/web\/la-cuenta-del-desfalco-de-electricaribe-sigue-subiendo-robledo\/","url_meta":{"origin":13998,"position":1},"title":"La cuenta del desfalco de Electricaribe sigue subiendo: Robledo","author":"admin","date":"noviembre 18, 2017","format":false,"excerpt":"Oficina de prensa del senador y candidato presidencial del Polo Jorge Enrique Robledo, Bogot\u00e1, noviembre 18 de 2017 Contralor\u00eda descubre otros $200.000 millones que les tumb\u00f3 la multinacional espa\u00f1ola a sus usuarios. \u201cLos abusos de Electricaribe en contra de los coste\u00f1os no ten\u00edan l\u00edmites\u201d, se\u00f1al\u00f3 el candidato presidencial y senador\u2026","rel":"","context":"En \u00abEconom\u00eda\u00bb","block_context":{"text":"Econom\u00eda","link":"https:\/\/moir.com.co\/web\/category\/temas\/economia\/"},"img":{"alt_text":"","src":"https:\/\/i0.wp.com\/moir.com.co\/web\/wp-content\/uploads\/2017\/11\/electricaribenomas.png?fit=729%2C427&ssl=1&resize=350%2C200","width":350,"height":200,"srcset":"https:\/\/i0.wp.com\/moir.com.co\/web\/wp-content\/uploads\/2017\/11\/electricaribenomas.png?fit=729%2C427&ssl=1&resize=350%2C200 1x, https:\/\/i0.wp.com\/moir.com.co\/web\/wp-content\/uploads\/2017\/11\/electricaribenomas.png?fit=729%2C427&ssl=1&resize=525%2C300 1.5x, https:\/\/i0.wp.com\/moir.com.co\/web\/wp-content\/uploads\/2017\/11\/electricaribenomas.png?fit=729%2C427&ssl=1&resize=700%2C400 2x"},"classes":[]},{"id":6506,"url":"https:\/\/moir.com.co\/web\/por-las-altas-tarifas-de-servicios-publicos-los-colombianos-dejan-de-comer\/","url_meta":{"origin":13998,"position":2},"title":"Por las altas tarifas de servicios p\u00fablicos, los colombianos dejan de comer","author":"admin","date":"mayo 3, 2012","format":false,"excerpt":"Las privatizaciones de las \u00faltimas dos d\u00e9cadas est\u00e1n ligadas al aumento de las tarifas de servicios p\u00fablicos, se\u00f1al\u00f3 el senador Jorge Enrique Robledo hoy en la Comisi\u00f3n Quinta del Senado. Entre 1998 y 2011 las tarifas de gas natural tuvieron un aumento real de 51% y las de GLP (pipas\u2026","rel":"","context":"En \u00abJorge Enrique Robledo\u00bb","block_context":{"text":"Jorge Enrique Robledo","link":"https:\/\/moir.com.co\/web\/category\/jorge-enrique-robledo\/"},"img":{"alt_text":"","src":"","width":0,"height":0},"classes":[]},{"id":8922,"url":"https:\/\/moir.com.co\/web\/dijo-el-senador-robledo-servicio-electrico-en-la-costa-es-una-verguenza\/","url_meta":{"origin":13998,"position":3},"title":"Dijo el senador Robledo: \u201cServicio el\u00e9ctrico en la Costa es una verg\u00fcenza\u201d","author":"admin","date":"diciembre 5, 2014","format":false,"excerpt":"El congresista demand\u00f3 la unidad de los gobernadores, alcaldes, diputados y concejales de la regi\u00f3n Caribe, invit\u00e1ndolos a exigirle al Gobierno Nacional que \u201cse ponga en los zapatos de los coste\u00f1os sin luz\u201d. El l\u00edder de la oposici\u00f3n de la izquierda democr\u00e1tica en el Congreso, senador Jorge Enrique Robledo calific\u00f3\u2026","rel":"","context":"En \u00abJorge Enrique Robledo\u00bb","block_context":{"text":"Jorge Enrique Robledo","link":"https:\/\/moir.com.co\/web\/category\/jorge-enrique-robledo\/"},"img":{"alt_text":"","src":"","width":0,"height":0},"classes":[]},{"id":8913,"url":"https:\/\/moir.com.co\/web\/gobierno-facilita-los-abusos-con-las-tarifas-de-energia\/","url_meta":{"origin":13998,"position":4},"title":"Gobierno facilita los abusos con las tarifas de energ\u00eda","author":"admin","date":"diciembre 2, 2014","format":false,"excerpt":"Tarifas costosas en sector residencial, industrial y comercial. Puede haber un cartel de precios en el sector energ\u00e9tico como en los pa\u00f1ales y el papel higi\u00e9nico. Bajan impuestos a empresas generadoras pero tarifas siguen subiendo. En el debate realizado en la Comisi\u00f3n V del Senado de la Rep\u00fablica sobre las\u2026","rel":"","context":"En \u00abJorge Enrique Robledo\u00bb","block_context":{"text":"Jorge Enrique Robledo","link":"https:\/\/moir.com.co\/web\/category\/jorge-enrique-robledo\/"},"img":{"alt_text":"","src":"","width":0,"height":0},"classes":[]},{"id":3379,"url":"https:\/\/moir.com.co\/web\/los-servicios-publicos-con-tarjeta-prepago-un-sistema-inicuo\/","url_meta":{"origin":13998,"position":5},"title":"LOS SERVICIOS P\u00daBLICOS CON TARJETA PREPAGO, UN SISTEMA INICUO","author":"admin","date":"agosto 11, 2009","format":false,"excerpt":"Las empresas de servicios p\u00fablicos est\u00e1n optando por ofrecer los servicios mediante el sistema de tarjeta prepago, como ya ocurre en Medell\u00edn, de tal manera que la gente, por ejemplo, solo cuenta con luz el\u00e9ctrica diez o quince d\u00edas al mes o unas cuantas horas al d\u00eda, denunci\u00f3 el senador\u2026","rel":"","context":"En \u00abJorge Enrique Robledo\u00bb","block_context":{"text":"Jorge Enrique Robledo","link":"https:\/\/moir.com.co\/web\/category\/jorge-enrique-robledo\/"},"img":{"alt_text":"","src":"","width":0,"height":0},"classes":[]}],"jetpack_sharing_enabled":true,"_links":{"self":[{"href":"https:\/\/moir.com.co\/web\/wp-json\/wp\/v2\/posts\/13998","targetHints":{"allow":["GET"]}}],"collection":[{"href":"https:\/\/moir.com.co\/web\/wp-json\/wp\/v2\/posts"}],"about":[{"href":"https:\/\/moir.com.co\/web\/wp-json\/wp\/v2\/types\/post"}],"author":[{"embeddable":true,"href":"https:\/\/moir.com.co\/web\/wp-json\/wp\/v2\/users\/1"}],"replies":[{"embeddable":true,"href":"https:\/\/moir.com.co\/web\/wp-json\/wp\/v2\/comments?post=13998"}],"version-history":[{"count":1,"href":"https:\/\/moir.com.co\/web\/wp-json\/wp\/v2\/posts\/13998\/revisions"}],"predecessor-version":[{"id":13999,"href":"https:\/\/moir.com.co\/web\/wp-json\/wp\/v2\/posts\/13998\/revisions\/13999"}],"wp:featuredmedia":[{"embeddable":true,"href":"https:\/\/moir.com.co\/web\/wp-json\/wp\/v2\/media\/10494"}],"wp:attachment":[{"href":"https:\/\/moir.com.co\/web\/wp-json\/wp\/v2\/media?parent=13998"}],"wp:term":[{"taxonomy":"category","embeddable":true,"href":"https:\/\/moir.com.co\/web\/wp-json\/wp\/v2\/categories?post=13998"},{"taxonomy":"post_tag","embeddable":true,"href":"https:\/\/moir.com.co\/web\/wp-json\/wp\/v2\/tags?post=13998"}],"curies":[{"name":"wp","href":"https:\/\/api.w.org\/{rel}","templated":true}]}}