{"id":13995,"date":"2017-12-01T14:21:51","date_gmt":"2017-12-01T14:21:51","guid":{"rendered":"https:\/\/moir.org.co\/web\/?p=13995"},"modified":"2017-12-01T14:21:51","modified_gmt":"2017-12-01T14:21:51","slug":"nos-estan-desplumando-con-las-tarifas-de-la-electricidad-robledo","status":"publish","type":"post","link":"https:\/\/moir.com.co\/web\/nos-estan-desplumando-con-las-tarifas-de-la-electricidad-robledo\/","title":{"rendered":"Nos est\u00e1n desplumando con las tarifas de la electricidad: Robledo"},"content":{"rendered":"<p><strong>Oficina de prensa del senador y candidato presidencial del Polo Jorge Enrique Robledo, Bogot\u00e1, diciembre 1 de 2017<\/strong><\/p>\n<p><em>Propongo crear una comisi\u00f3n con todos los sectores para revisar y bajar las tarifas; el regulador est\u00e1 capturado<\/em><\/p>\n<p>\u201cLas altas tarifas de la electricidad est\u00e1n destruyendo a la industria nacional y desmejorando el nivel de vida de las colombianas y los colombianos,\u201d expres\u00f3 el candidato presidencial y senador Jorge Enrique Robledo durante el foro citado por Asoenerg\u00eda, gremio de los grandes consumidores de electricidad. En los \u00faltimos veintisiete a\u00f1os se implement\u00f3 una pol\u00edtica que privatiz\u00f3 al sector el\u00e9ctrico \u2013hoy solo EPM en cien por ciento estatal\u2013 y les entreg\u00f3 a grandes capitales extranjeros el monopolio de este servicio p\u00fablico.<\/p>\n<p>Ahogados con las tarifas<\/p>\n<p>La industria es sin\u00f3nimo de electricidad. Esta es su principal materia prima, tanto que pesa entre el 20 y el 50 por ciento de los costos de producci\u00f3n. Y en la pol\u00edtica tarifaria se han adoptado decisiones que deben corregirse. \u201cSe privatizaron a menosprecio compa\u00f1\u00edas como Isagen y el r\u00e9gimen tarifario, definido por un regulador capturado, est\u00e1 lleno de disposiciones abusivas, como pagar una rentabilidad del 13 por ciento en un negocio de burro amarrado o pagar como nuevos activos que las empresas nunca reponen\u201d, agreg\u00f3 Robledo. Por estos atropellos las tarifas de electricidad crecen en t\u00e9rminos reales al 11 por ciento anual, luego para pagarlas la gente se est\u00e1 quitando el pan de la boca.<\/p>\n<p>Le toca a la industria<\/p>\n<p>A los 13,5 millones de usuarios los est\u00e1n desplumando con alt\u00edsimas tarifas y con decisiones incorrectas como la del Cargo por Confiabilidad, que hizo m\u00e1s caro el servicio. Es imposible alcanzar una econom\u00eda de mercado pr\u00f3spera sin electricidad costo eficiente. \u201cEn mi gobierno crear\u00e9 una comisi\u00f3n de expertos que, con cifras reales en mano, concert\u00e9 con todos los actores del sector (empresas, usuarios residenciales y el gobierno) cu\u00e1l debe ser la tarifa correcta. Hay estudios, incluso contratados por el gobierno, que se\u00f1alan como posible bajar la tarifa entre un 20 y un 30 por ciento,\u201d dijo Robledo. Le toca a la industria, le toca a la competitividad.<\/p>\n","protected":false},"excerpt":{"rendered":"<p>Oficina de prensa del senador y candidato presidencial del Polo Jorge Enrique Robledo, Bogot\u00e1, diciembre 1 de 2017 Propongo crear una comisi\u00f3n con todos los sectores para revisar y bajar las tarifas; el regulador est\u00e1 capturado \u201cLas altas tarifas de la electricidad est\u00e1n destruyendo a la industria nacional y desmejorando el nivel de vida de [&hellip;]<\/p>\n","protected":false},"author":1,"featured_media":13996,"comment_status":"open","ping_status":"open","sticky":false,"template":"","format":"standard","meta":{"advanced_seo_description":"","jetpack_seo_html_title":"","jetpack_seo_noindex":false,"_jetpack_memberships_contains_paid_content":false,"footnotes":""},"categories":[102,97,4,98,108],"tags":[],"class_list":["post-13995","post","type-post","status-publish","format-standard","has-post-thumbnail","hentry","category-economia","category-imperialismo-y-neoliberalismo","category-jorge-enrique-robledo","category-politica","category-servicios-publicos-articulos-de-actualidad"],"jetpack_featured_media_url":"https:\/\/i0.wp.com\/moir.com.co\/web\/wp-content\/uploads\/2017\/12\/electricidadcostos.jpeg?fit=315%2C160&ssl=1","jetpack-related-posts":[{"id":13998,"url":"https:\/\/moir.com.co\/web\/propongo-crear-una-comision-para-revisar-y-bajar-las-tarifas-de-energia-robledo\/","url_meta":{"origin":13995,"position":0},"title":"Propongo crear una comisi\u00f3n para revisar y bajar las tarifas de energ\u00eda: Robledo","author":"admin","date":"diciembre 1, 2017","format":false,"excerpt":"Oficina de prensa del senador y candidato presidencial del Polo Jorge Enrique Robledo, Bogot\u00e1, diciembre 1 de 2017 Nos est\u00e1n desplumando con las tarifas de la electricidad. El regulador est\u00e1 capturado. \u201cLas altas tarifas de la electricidad est\u00e1n destruyendo a la industria nacional y desmejorando el nivel de vida de\u2026","rel":"","context":"En \u00abEconom\u00eda\u00bb","block_context":{"text":"Econom\u00eda","link":"https:\/\/moir.com.co\/web\/category\/temas\/economia\/"},"img":{"alt_text":"","src":"https:\/\/i0.wp.com\/moir.com.co\/web\/wp-content\/uploads\/2016\/10\/eebventa20.jpg?fit=960%2C641&ssl=1&resize=350%2C200","width":350,"height":200,"srcset":"https:\/\/i0.wp.com\/moir.com.co\/web\/wp-content\/uploads\/2016\/10\/eebventa20.jpg?fit=960%2C641&ssl=1&resize=350%2C200 1x, https:\/\/i0.wp.com\/moir.com.co\/web\/wp-content\/uploads\/2016\/10\/eebventa20.jpg?fit=960%2C641&ssl=1&resize=525%2C300 1.5x, https:\/\/i0.wp.com\/moir.com.co\/web\/wp-content\/uploads\/2016\/10\/eebventa20.jpg?fit=960%2C641&ssl=1&resize=700%2C400 2x"},"classes":[]},{"id":13865,"url":"https:\/\/moir.com.co\/web\/la-cuenta-del-desfalco-de-electricaribe-sigue-subiendo-robledo\/","url_meta":{"origin":13995,"position":1},"title":"La cuenta del desfalco de Electricaribe sigue subiendo: Robledo","author":"admin","date":"noviembre 18, 2017","format":false,"excerpt":"Oficina de prensa del senador y candidato presidencial del Polo Jorge Enrique Robledo, Bogot\u00e1, noviembre 18 de 2017 Contralor\u00eda descubre otros $200.000 millones que les tumb\u00f3 la multinacional espa\u00f1ola a sus usuarios. \u201cLos abusos de Electricaribe en contra de los coste\u00f1os no ten\u00edan l\u00edmites\u201d, se\u00f1al\u00f3 el candidato presidencial y senador\u2026","rel":"","context":"En \u00abEconom\u00eda\u00bb","block_context":{"text":"Econom\u00eda","link":"https:\/\/moir.com.co\/web\/category\/temas\/economia\/"},"img":{"alt_text":"","src":"https:\/\/i0.wp.com\/moir.com.co\/web\/wp-content\/uploads\/2017\/11\/electricaribenomas.png?fit=729%2C427&ssl=1&resize=350%2C200","width":350,"height":200,"srcset":"https:\/\/i0.wp.com\/moir.com.co\/web\/wp-content\/uploads\/2017\/11\/electricaribenomas.png?fit=729%2C427&ssl=1&resize=350%2C200 1x, https:\/\/i0.wp.com\/moir.com.co\/web\/wp-content\/uploads\/2017\/11\/electricaribenomas.png?fit=729%2C427&ssl=1&resize=525%2C300 1.5x, https:\/\/i0.wp.com\/moir.com.co\/web\/wp-content\/uploads\/2017\/11\/electricaribenomas.png?fit=729%2C427&ssl=1&resize=700%2C400 2x"},"classes":[]},{"id":8922,"url":"https:\/\/moir.com.co\/web\/dijo-el-senador-robledo-servicio-electrico-en-la-costa-es-una-verguenza\/","url_meta":{"origin":13995,"position":2},"title":"Dijo el senador Robledo: \u201cServicio el\u00e9ctrico en la Costa es una verg\u00fcenza\u201d","author":"admin","date":"diciembre 5, 2014","format":false,"excerpt":"El congresista demand\u00f3 la unidad de los gobernadores, alcaldes, diputados y concejales de la regi\u00f3n Caribe, invit\u00e1ndolos a exigirle al Gobierno Nacional que \u201cse ponga en los zapatos de los coste\u00f1os sin luz\u201d. El l\u00edder de la oposici\u00f3n de la izquierda democr\u00e1tica en el Congreso, senador Jorge Enrique Robledo calific\u00f3\u2026","rel":"","context":"En \u00abJorge Enrique Robledo\u00bb","block_context":{"text":"Jorge Enrique Robledo","link":"https:\/\/moir.com.co\/web\/category\/jorge-enrique-robledo\/"},"img":{"alt_text":"","src":"","width":0,"height":0},"classes":[]},{"id":8913,"url":"https:\/\/moir.com.co\/web\/gobierno-facilita-los-abusos-con-las-tarifas-de-energia\/","url_meta":{"origin":13995,"position":3},"title":"Gobierno facilita los abusos con las tarifas de energ\u00eda","author":"admin","date":"diciembre 2, 2014","format":false,"excerpt":"Tarifas costosas en sector residencial, industrial y comercial. Puede haber un cartel de precios en el sector energ\u00e9tico como en los pa\u00f1ales y el papel higi\u00e9nico. Bajan impuestos a empresas generadoras pero tarifas siguen subiendo. En el debate realizado en la Comisi\u00f3n V del Senado de la Rep\u00fablica sobre las\u2026","rel":"","context":"En \u00abJorge Enrique Robledo\u00bb","block_context":{"text":"Jorge Enrique Robledo","link":"https:\/\/moir.com.co\/web\/category\/jorge-enrique-robledo\/"},"img":{"alt_text":"","src":"","width":0,"height":0},"classes":[]},{"id":9779,"url":"https:\/\/moir.com.co\/web\/el-miercoles-18-de-noviembre-robledo-debatira-sobre-el-asalto-con-las-tarifas-de-energia\/","url_meta":{"origin":13995,"position":4},"title":"El mi\u00e9rcoles 18 de noviembre Robledo debatir\u00e1 sobre el asalto con las tarifas de energ\u00eda","author":"admin","date":"noviembre 17, 2015","format":false,"excerpt":"Usuarios e industria protestan contra alza de tarifas y cobros abusivos. Generadoras le hicieron conejo al pa\u00eds con el cargo por confiabilidad y el gobierno ha sido alcahueta. Oligopolio en generaci\u00f3n de energ\u00eda es otra prueba del fracaso neoliberal. Situaci\u00f3n del gas en la Costa Caribe es inadmisible. Ante el\u2026","rel":"","context":"En \u00abJorge Enrique Robledo\u00bb","block_context":{"text":"Jorge Enrique Robledo","link":"https:\/\/moir.com.co\/web\/category\/jorge-enrique-robledo\/"},"img":{"alt_text":"","src":"","width":0,"height":0},"classes":[]},{"id":15649,"url":"https:\/\/moir.com.co\/web\/plata-de-regalias-y-del-estado-para-la-luz-en-la-costa-robledo\/","url_meta":{"origin":13995,"position":5},"title":"Plata de regal\u00edas y del Estado para la luz en la Costa: Robledo","author":"admin","date":"agosto 15, 2018","format":false,"excerpt":"Oficina de prensa del senador Jorge Enrique Robledo, Bogot\u00e1, agosto 15 de 2018 Electricaribe debe convertirse en una empresa p\u00fablica y eficiente.\u00a0En la ra\u00edz de los problemas del servicio de electricidad en la Costa Caribe est\u00e1n las malas pol\u00edticas de Uribe y Santos, y Carrasquilla (Duque) propone lo mismo. #ChaoElectricaribe\u00a0\u2026","rel":"","context":"En \u00abEconom\u00eda\u00bb","block_context":{"text":"Econom\u00eda","link":"https:\/\/moir.com.co\/web\/category\/temas\/economia\/"},"img":{"alt_text":"","src":"https:\/\/i0.wp.com\/moir.com.co\/web\/wp-content\/uploads\/2018\/08\/electricariberobledocomision2018.png?fit=481%2C380&ssl=1&resize=350%2C200","width":350,"height":200},"classes":[]}],"jetpack_sharing_enabled":true,"_links":{"self":[{"href":"https:\/\/moir.com.co\/web\/wp-json\/wp\/v2\/posts\/13995","targetHints":{"allow":["GET"]}}],"collection":[{"href":"https:\/\/moir.com.co\/web\/wp-json\/wp\/v2\/posts"}],"about":[{"href":"https:\/\/moir.com.co\/web\/wp-json\/wp\/v2\/types\/post"}],"author":[{"embeddable":true,"href":"https:\/\/moir.com.co\/web\/wp-json\/wp\/v2\/users\/1"}],"replies":[{"embeddable":true,"href":"https:\/\/moir.com.co\/web\/wp-json\/wp\/v2\/comments?post=13995"}],"version-history":[{"count":1,"href":"https:\/\/moir.com.co\/web\/wp-json\/wp\/v2\/posts\/13995\/revisions"}],"predecessor-version":[{"id":13997,"href":"https:\/\/moir.com.co\/web\/wp-json\/wp\/v2\/posts\/13995\/revisions\/13997"}],"wp:featuredmedia":[{"embeddable":true,"href":"https:\/\/moir.com.co\/web\/wp-json\/wp\/v2\/media\/13996"}],"wp:attachment":[{"href":"https:\/\/moir.com.co\/web\/wp-json\/wp\/v2\/media?parent=13995"}],"wp:term":[{"taxonomy":"category","embeddable":true,"href":"https:\/\/moir.com.co\/web\/wp-json\/wp\/v2\/categories?post=13995"},{"taxonomy":"post_tag","embeddable":true,"href":"https:\/\/moir.com.co\/web\/wp-json\/wp\/v2\/tags?post=13995"}],"curies":[{"name":"wp","href":"https:\/\/api.w.org\/{rel}","templated":true}]}}