{"id":13993,"date":"2017-11-30T21:50:41","date_gmt":"2017-11-30T21:50:41","guid":{"rendered":"https:\/\/moir.org.co\/web\/?p=13993"},"modified":"2017-11-30T21:50:41","modified_gmt":"2017-11-30T21:50:41","slug":"video-toca-para-adelante-porque-para-atras-hace-miedo-jorge-robledo-en-bosa-le-toca-a-bosa","status":"publish","type":"post","link":"https:\/\/moir.com.co\/web\/video-toca-para-adelante-porque-para-atras-hace-miedo-jorge-robledo-en-bosa-le-toca-a-bosa\/","title":{"rendered":"Video: &#8220;Toca para adelante, porque para atr\u00e1s hace miedo&#8221; Jorge Robledo en Bosa. Le toca A Bosa"},"content":{"rendered":"<p>Video reportaje del recorrido del Candidato Presidencial Jorge Robledo por la localidad de Bosa, en la ciudad de Bogot\u00e1.<\/p>\n","protected":false},"excerpt":{"rendered":"<p>Video reportaje del recorrido del Candidato Presidencial Jorge Robledo por la localidad de Bosa, en la ciudad de Bogot\u00e1.<\/p>\n","protected":false},"author":1,"featured_media":0,"comment_status":"open","ping_status":"open","sticky":false,"template":"","format":"video","meta":{"advanced_seo_description":"","jetpack_seo_html_title":"","jetpack_seo_noindex":false,"_jetpack_memberships_contains_paid_content":false,"footnotes":""},"categories":[102,97,4,98,108,110,111],"tags":[],"class_list":["post-13993","post","type-post","status-publish","format-video","hentry","category-economia","category-imperialismo-y-neoliberalismo","category-jorge-enrique-robledo","category-politica","category-servicios-publicos-articulos-de-actualidad","category-vias-y-transporte","category-vivienda-y-desarrollo-urbano","post_format-post-format-video"],"jetpack_featured_media_url":"","jetpack-related-posts":[{"id":16931,"url":"https:\/\/moir.com.co\/web\/video-el-polo-con-la-gente-intervencion-del-senador-jorge-enrique-robledo-en-la-asamblea-local-polo-en-bosa\/","url_meta":{"origin":13993,"position":0},"title":"Video: El polo con la gente &#8211; Intervenci\u00f3n del senador Jorge Enrique Robledo en la Asamblea local POLO en Bosa","author":"admin","date":"febrero 11, 2019","format":"video","excerpt":"Intervenci\u00f3n del senador Jorge Enrique Robledo en la asamblea local del Polo Democr\u00e1tico Alternativo en la localidad de Bosa, Bogot\u00e1, febrero 11 de 2019","rel":"","context":"En \u00abBogot\u00e1\u00bb","block_context":{"text":"Bogot\u00e1","link":"https:\/\/moir.com.co\/web\/category\/temas\/bogota\/"},"img":{"alt_text":"","src":"","width":0,"height":0},"classes":[]},{"id":4113,"url":"https:\/\/moir.com.co\/web\/reunion-de-la-campana-del-senador-robledo-german-navas-talero-y-raul-arroyave-en-el-barrio-santa-fe-de-la-localidad-de-bosa-bogota-febrero-17-de-2010\/","url_meta":{"origin":13993,"position":1},"title":"Reuni\u00f3n de la campa\u00f1a del senador Robledo, Germ\u00e1n Navas Talero y Ra\u00fal Arroyave, en el Barrio Santa Fe de la Localidad de Bosa, Bogot\u00e1, febrero 17 de 2010","author":"admin","date":"febrero 17, 2010","format":false,"excerpt":"","rel":"","context":"En \u00abGaler\u00edas\u00bb","block_context":{"text":"Galer\u00edas","link":"https:\/\/moir.com.co\/web\/category\/multimedia\/galerias\/"},"img":{"alt_text":"","src":"","width":0,"height":0},"classes":[]},{"id":8242,"url":"https:\/\/moir.com.co\/web\/nath-bose-un-bengali-en-la-corte-de-la-fisica-cuantica\/","url_meta":{"origin":13993,"position":2},"title":"Nath Bose, un bengal\u00ed en la corte de la f\u00edsica cu\u00e1ntica","author":"admin","date":"febrero 16, 2014","format":false,"excerpt":"El f\u00edsico Satyendra Nath Bose logr\u00f3 colarse en el firmamento de grandes investigadores como Einstein, Bohr y Schr\u00f6dinger, gracias a su talento y a pesar de trabajar desde India, lejos de las grandes capitales europeas de la ciencia. Marie Curie no paraba de hablar. Le explicaba que, tiempo antes, hab\u00eda\u2026","rel":"","context":"En \u00abCiencia\u00bb","block_context":{"text":"Ciencia","link":"https:\/\/moir.com.co\/web\/category\/temas\/ciencia\/"},"img":{"alt_text":"","src":"","width":0,"height":0},"classes":[]},{"id":16114,"url":"https:\/\/moir.com.co\/web\/concejal-sarmiento-demanda-decision-de-penalosa-que-acaba-con-parque-metropolitano-en-bosa\/","url_meta":{"origin":13993,"position":3},"title":"Concejal Sarmiento demanda decisi\u00f3n de Pe\u00f1alosa que acaba con Parque Metropolitano en Bosa","author":"admin","date":"octubre 8, 2018","format":false,"excerpt":"Oficina de prensa del concejal Manuel Sarmiento, Bogot\u00e1, octubre 5 de 2018 Intento de Pe\u00f1alosa de eliminar Parque Metropolitano en Bosa es inconstitucional El Concejal del Polo, Manuel Sarmiento, interpuso una acci\u00f3n de nulidad por inconstitucionalidad en contra de una Resoluci\u00f3n de la Secretar\u00eda Distrital de Planeaci\u00f3n que elimina un\u2026","rel":"","context":"En \u00abBogot\u00e1\u00bb","block_context":{"text":"Bogot\u00e1","link":"https:\/\/moir.com.co\/web\/category\/temas\/bogota\/"},"img":{"alt_text":"","src":"https:\/\/i0.wp.com\/moir.com.co\/web\/wp-content\/uploads\/2018\/10\/manuelsarmientobosaparque.jpeg?fit=1200%2C900&ssl=1&resize=350%2C200","width":350,"height":200,"srcset":"https:\/\/i0.wp.com\/moir.com.co\/web\/wp-content\/uploads\/2018\/10\/manuelsarmientobosaparque.jpeg?fit=1200%2C900&ssl=1&resize=350%2C200 1x, https:\/\/i0.wp.com\/moir.com.co\/web\/wp-content\/uploads\/2018\/10\/manuelsarmientobosaparque.jpeg?fit=1200%2C900&ssl=1&resize=525%2C300 1.5x, https:\/\/i0.wp.com\/moir.com.co\/web\/wp-content\/uploads\/2018\/10\/manuelsarmientobosaparque.jpeg?fit=1200%2C900&ssl=1&resize=700%2C400 2x, https:\/\/i0.wp.com\/moir.com.co\/web\/wp-content\/uploads\/2018\/10\/manuelsarmientobosaparque.jpeg?fit=1200%2C900&ssl=1&resize=1050%2C600 3x"},"classes":[]},{"id":8867,"url":"https:\/\/moir.com.co\/web\/gobierno-infla-cifras-de-casas-gratis-entregadas-robledo\/","url_meta":{"origin":13993,"position":4},"title":"Gobierno infla cifras de casas gratis  entregadas: Robledo","author":"admin","date":"noviembre 12, 2014","format":false,"excerpt":"No es cierto que hayan entregado 75 mil viviendas. El senador Robledo rechaz\u00f3 la forma como el presidente Santos y el vicepresidente Vargas Lleras est\u00e1n manipulando la informaci\u00f3n sobre los resultados de su programa de viviendas gratuitas. Un comunicado de la Presidencia de la Rep\u00fablica se\u00f1ala que \u201cel Mandatario entreg\u00f3\u2026","rel":"","context":"En \u00abJorge Enrique Robledo\u00bb","block_context":{"text":"Jorge Enrique Robledo","link":"https:\/\/moir.com.co\/web\/category\/jorge-enrique-robledo\/"},"img":{"alt_text":"","src":"","width":0,"height":0},"classes":[]},{"id":3512,"url":"https:\/\/moir.com.co\/web\/acto-de-la-campana-de-carlos-gaviria-diaz-en-la-localidad-de-bosa-septiembre-13-de-2009\/","url_meta":{"origin":13993,"position":5},"title":"Acto de la campa\u00f1a de Carlos Gaviria D\u00edaz en la Localidad de Bosa, septiembre 13 de 2009","author":"admin","date":"septiembre 13, 2009","format":false,"excerpt":"","rel":"","context":"En \u00abGaler\u00edas\u00bb","block_context":{"text":"Galer\u00edas","link":"https:\/\/moir.com.co\/web\/category\/multimedia\/galerias\/"},"img":{"alt_text":"","src":"","width":0,"height":0},"classes":[]}],"jetpack_sharing_enabled":true,"_links":{"self":[{"href":"https:\/\/moir.com.co\/web\/wp-json\/wp\/v2\/posts\/13993","targetHints":{"allow":["GET"]}}],"collection":[{"href":"https:\/\/moir.com.co\/web\/wp-json\/wp\/v2\/posts"}],"about":[{"href":"https:\/\/moir.com.co\/web\/wp-json\/wp\/v2\/types\/post"}],"author":[{"embeddable":true,"href":"https:\/\/moir.com.co\/web\/wp-json\/wp\/v2\/users\/1"}],"replies":[{"embeddable":true,"href":"https:\/\/moir.com.co\/web\/wp-json\/wp\/v2\/comments?post=13993"}],"version-history":[{"count":1,"href":"https:\/\/moir.com.co\/web\/wp-json\/wp\/v2\/posts\/13993\/revisions"}],"predecessor-version":[{"id":13994,"href":"https:\/\/moir.com.co\/web\/wp-json\/wp\/v2\/posts\/13993\/revisions\/13994"}],"wp:attachment":[{"href":"https:\/\/moir.com.co\/web\/wp-json\/wp\/v2\/media?parent=13993"}],"wp:term":[{"taxonomy":"category","embeddable":true,"href":"https:\/\/moir.com.co\/web\/wp-json\/wp\/v2\/categories?post=13993"},{"taxonomy":"post_tag","embeddable":true,"href":"https:\/\/moir.com.co\/web\/wp-json\/wp\/v2\/tags?post=13993"}],"curies":[{"name":"wp","href":"https:\/\/api.w.org\/{rel}","templated":true}]}}