{"id":13957,"date":"2017-11-27T15:47:20","date_gmt":"2017-11-27T15:47:20","guid":{"rendered":"https:\/\/moir.org.co\/web\/?p=13957"},"modified":"2017-11-27T15:47:20","modified_gmt":"2017-11-27T15:47:20","slug":"desaceleracion-o-crisis-he-ahi-la-cuestion","status":"publish","type":"post","link":"https:\/\/moir.com.co\/web\/desaceleracion-o-crisis-he-ahi-la-cuestion\/","title":{"rendered":"\u00bfDesaceleraci\u00f3n o crisis? He ah\u00ed la cuesti\u00f3n"},"content":{"rendered":"<p><strong>Aurelio Su\u00e1rez Montoya, El Tiempo, Bogot\u00e1, noviembre 27 de 2017<\/strong><\/p>\n<p id=\"p155588-m29-28-30\" class=\"contenido\">Afirmando que \u201cno son los mismos con las mismas\u201d y de que \u201cme sorprender\u00eda\u201d, Rudolf Hommes, por la v\u00eda de un chat, me hizo llegar el discurso econ\u00f3mico de Humberto de la Calle en la Seap. En la l\u00ednea de todos los analistas oficiales y del Ministerio de Hacienda, el ya candidato del Partido Liberal parte de que \u201cla econom\u00eda colombiana atraviesa por una coyuntura de desaceleraci\u00f3n\u201d y que el mecanismo expedito para superarla o evitar su agravamiento consiste en \u201csanar las finanzas p\u00fablicas (\u2026) para poner al pa\u00eds en una nueva senda de crecimiento\u201d.<\/p>\n<div class=\"module-ads\"><\/div>\n<p id=\"p155588-m49-2-50\" class=\"contenido\">Es evidente que tanto su base de an\u00e1lisis como sus soluciones est\u00e1n en el marco de la misma pol\u00edtica econ\u00f3mica que rige hace 25 a\u00f1os. \u00bfSer\u00e1 apenas una simple desaceleraci\u00f3n cuando, en 2017, la sumatoria del d\u00e9ficit de las cuentas externas con el d\u00e9ficit fiscal, como porcentaje del PIB, ser\u00e1 del 7,6 por ciento \u2012si el primero se estima en 4 por ciento y el segundo en 3,6 por ciento (Clavijo)\u2012, superior a la de 2014, del 7 por ciento, pero luego de haber ya agotado todos los instrumentos: la pol\u00edtica monetaria, con alza y baja de la tasa de inter\u00e9s; la pol\u00edtica cambiaria, que corrigi\u00f3 la tasa de cambio en torno a $ 3.000, y la saturaci\u00f3n de la pol\u00edtica fiscal, con la inicua reforma tributaria, que no aument\u00f3 el recaudo en pesos reales?<\/p>\n<p>Nada se dice en t\u00e9rminos de empleo y de incentivar la demanda efectiva. Las cinco \u2018locomotoras\u2019 de Santos apenas crearon, entre 2010 y 2017, 300.000 de los m\u00e1s de tres millones de nuevos ocupados, en tanto los desocupados siguen por encima de los dos millones de personas. Incluso la propuesta liberal que busca preservar el grado de inversi\u00f3n no apunta a detener el crecimiento exponencial del endeudamiento p\u00fablico, sino que quiere \u2012por lo expuesto\u2012 garantizarle recorrido seguro. La propuesta tampoco protege al pa\u00eds de nuevos choques externos provenientes de alzas sostenidas en las tasas de inter\u00e9s de la FED o del Trump\u2019s Corporate-Tax Plan.<\/p>\n<p>Esto, sin debatir que el candidato plantea ahondar, de hecho, los TLC, con aranceles tope al 10 por ciento y sin reversa a los de 0 por ciento, y el modelo de capital extranjero. No s\u00e9 si sean los mismos, pero s\u00ed son las mismas, de la misma l\u00ednea de la excentricidad de Vargas de poner en 0 por ciento la tarifa de renta a los intereses cobrados por los fondos de capital extranjero que adquieren TES y que fue hazmerre\u00edr en Wall Street.<\/p>\n<p>Como el talante verdadero de un gobierno se determina en los siguientes t\u00e9rminos, seg\u00fan Voltaire: \u201cEl arte de gobernar generalmente consiste en despojar de la mayor cantidad posible de dinero a una clase de ciudadanos para transferirla a otra\u201d, me concentro en c\u00f3mo lo propone De la Calle, dejando de lado las otras propuestas complementarias.<\/p>\n<p>Presenta una reforma tributaria \u201cprogresiva\u201d, la cual, parad\u00f3jicamente, arranca fijando una tarifa de impuesto de renta corporativo \u201cplano\u201d, para grandes, peque\u00f1as y medianas empresas, en el 25 por ciento, sin deducciones ni beneficios, omitiendo de entrada que las utilidades empresariales tienen un \u00edndice Gini del 0,82 (Acopi Bogot\u00e1, Su\u00e1rez, Mart\u00ednez), mucho peor que el del ingreso entre personas, que es del 0,52.<\/p>\n<p>Es decir que los tres mil grandes contribuyentes de personas jur\u00eddicas que en 2016 pagaban tarifa del 41 por ciento bajar\u00edan 16 puntos de un tajo, m\u00e1s all\u00e1 incluso del 33 por ciento en el que quedar\u00eda la tarifa nominal en 2018, en condici\u00f3n igual a las pymes, precisamente las que est\u00e1n pasando por su peor momento. Dicha rebaja se compensar\u00eda, anota De la Calle, ampliando la base del IVA, fuera de la canasta b\u00e1sica, al 16 por ciento. Es decir, menos impuestos directos y todav\u00eda m\u00e1s indirectos, con los costos que corren a cargo de los de a pie. En cuanto a personas, aboga que \u201cnuestra contribuci\u00f3n sea creciente en nuestro nivel de riqueza\u201d, mas no precisa c\u00f3mo hacerlo realidad. Lo acompasa con flexibilizar la regla fiscal y con el lugar com\u00fan de \u201celiminar tr\u00e1mites\u201d y \u201ccombatir evasi\u00f3n\u201d.<\/p>\n<p>Si se quiere ser progresivo, \u00bfpor qu\u00e9 no una tarifa diferencial para empresas \u2012seg\u00fan tama\u00f1o\u2012 o aumentar el impuesto a las herencias, defectuoso, o gravar capitales golondrina especulativos, o aplicar una tasa a los patrimonios personales en el exterior, sustra\u00eddos del torrente econ\u00f3mico nacional, o revivir la que se aplic\u00f3 hasta 2006 al giro de las rentas de subsidiarias extranjeras a casas matrices, tal como existe en Per\u00fa, Francia y Espa\u00f1a? Esas s\u00ed ser\u00edan ideas distintas.<\/p>\n","protected":false},"excerpt":{"rendered":"<p>Aurelio Su\u00e1rez Montoya, El Tiempo, Bogot\u00e1, noviembre 27 de 2017 Afirmando que \u201cno son los mismos con las mismas\u201d y de que \u201cme sorprender\u00eda\u201d, Rudolf Hommes, por la v\u00eda de un chat, me hizo llegar el discurso econ\u00f3mico de Humberto de la Calle en la Seap. En la l\u00ednea de todos los analistas oficiales y [&hellip;]<\/p>\n","protected":false},"author":1,"featured_media":13888,"comment_status":"open","ping_status":"open","sticky":false,"template":"","format":"standard","meta":{"advanced_seo_description":"","jetpack_seo_html_title":"","jetpack_seo_noindex":false,"_jetpack_memberships_contains_paid_content":false,"footnotes":""},"categories":[79,102,97,98],"tags":[],"class_list":["post-13957","post","type-post","status-publish","format-standard","has-post-thumbnail","hentry","category-aurelio-suarez-montoya","category-economia","category-imperialismo-y-neoliberalismo","category-politica"],"jetpack_featured_media_url":"https:\/\/i0.wp.com\/moir.com.co\/web\/wp-content\/uploads\/2017\/11\/aureliosuarezdiariodelhuila.jpg?fit=600%2C375&ssl=1","jetpack-related-posts":[{"id":14351,"url":"https:\/\/moir.com.co\/web\/video-alarmante-incremento-de-la-desigualdad-economica-en-el-mundo-aurelio-suarez-montoya\/","url_meta":{"origin":13957,"position":0},"title":"Video: Alarmante incremento de la desigualdad econ\u00f3mica en el mundo, Aurelio Su\u00e1rez Montoya","author":"admin","date":"enero 29, 2018","format":"video","excerpt":"Bogot\u00e1, enero 29 de 2018","rel":"","context":"En \u00abAurelio Su\u00e1rez Montoya\u00bb","block_context":{"text":"Aurelio Su\u00e1rez Montoya","link":"https:\/\/moir.com.co\/web\/category\/bitacoras\/aurelio-suarez-montoya\/"},"img":{"alt_text":"","src":"","width":0,"height":0},"classes":[]},{"id":13078,"url":"https:\/\/moir.com.co\/web\/aurelio-suarez-dio-una-mirada-a-la-politica-y-la-economia\/","url_meta":{"origin":13957,"position":1},"title":"Aurelio Su\u00e1rez dio una mirada a la pol\u00edtica y la econom\u00eda","author":"admin","date":"agosto 10, 2017","format":false,"excerpt":"El Nuevo D\u00eda, Ibagu\u00e9, agosto 10 de 2017 El analista pol\u00edtico, econ\u00f3mico y consultor Aurelio Su\u00e1rez Montoya, quien tambi\u00e9n es columnista y panelista de medios nacionales de comunicaci\u00f3n, excandidato a la Alcald\u00eda de Bogot\u00e1 en 2011 y exdiputado de la Asamblea de Risaralda. Aurelio Su\u00e1rez fue invitado a Ibagu\u00e9 en\u2026","rel":"","context":"En \u00abAgro\u00bb","block_context":{"text":"Agro","link":"https:\/\/moir.com.co\/web\/category\/temas\/agro\/"},"img":{"alt_text":"","src":"https:\/\/i0.wp.com\/moir.com.co\/web\/wp-content\/uploads\/2017\/07\/aurelio_sv3-1.jpg?fit=228%2C228&ssl=1&resize=350%2C200","width":350,"height":200},"classes":[]},{"id":13753,"url":"https:\/\/moir.com.co\/web\/rueda-de-prensa-de-aurelio-suarez-montoya-en-pereira\/","url_meta":{"origin":13957,"position":2},"title":"Rueda de prensa de Aurelio Su\u00e1rez Montoya en Pereira","author":"admin","date":"noviembre 7, 2017","format":"video","excerpt":"Rueda de prensa con uno de los economistas m\u00e1s importantes del pa\u00eds, Aurelio Su\u00e1rez, hablar\u00e1 sobre temas de relevancia para el departamento de Risaralda. Pereira, noviembre 5 de 2017","rel":"","context":"En \u00abAgro\u00bb","block_context":{"text":"Agro","link":"https:\/\/moir.com.co\/web\/category\/temas\/agro\/"},"img":{"alt_text":"","src":"","width":0,"height":0},"classes":[]},{"id":15797,"url":"https:\/\/moir.com.co\/web\/video-economia-al-dia-con-yina-ramos-una-vision-de-la-economia-colombiana-2018-con-aurelio-suarez-montoya\/","url_meta":{"origin":13957,"position":3},"title":"Video: Econom\u00eda al D\u00eda con Yina Ramos: Una visi\u00f3n de la econom\u00eda colombiana 2018, con Aurelio Su\u00e1rez Montoya","author":"admin","date":"agosto 30, 2018","format":"video","excerpt":"Bogot\u00e1, agosto 27 de 2018","rel":"","context":"En \u00abAgro\u00bb","block_context":{"text":"Agro","link":"https:\/\/moir.com.co\/web\/category\/temas\/agro\/"},"img":{"alt_text":"","src":"","width":0,"height":0},"classes":[]},{"id":15876,"url":"https:\/\/moir.com.co\/web\/video-economia-colombiana-pagar-para-endeudarse-y-seguir-endeudandose-para-poder-pagar-aurelio-suarez\/","url_meta":{"origin":13957,"position":4},"title":"Video: Econom\u00eda colombiana: pagar para endeudarse y seguir endeud\u00e1ndose para poder pagar, Aurelio Su\u00e1rez","author":"admin","date":"septiembre 10, 2018","format":"video","excerpt":"S\u00edntesis de la participaci\u00f3n del analista econ\u00f3mico Aurelio Su\u00e1rez en los programas Econom\u00eda al D\u00eda con Yina Ramos y Semana en Vivo de Cablenoticias. Bogot\u00e1, septiembre 8 de 2018","rel":"","context":"En \u00abAurelio Su\u00e1rez Montoya\u00bb","block_context":{"text":"Aurelio Su\u00e1rez Montoya","link":"https:\/\/moir.com.co\/web\/category\/bitacoras\/aurelio-suarez-montoya\/"},"img":{"alt_text":"","src":"","width":0,"height":0},"classes":[]},{"id":5785,"url":"https:\/\/moir.com.co\/web\/aurelio-suarez-montoya-elegido-candidato-del-polo-a-la-alcaldia-de-bogota\/","url_meta":{"origin":13957,"position":5},"title":"Aurelio Su\u00e1rez Montoya, elegido candidato del Polo a la Alcald\u00eda de Bogot\u00e1","author":"admin","date":"julio 19, 2011","format":false,"excerpt":"Por una amplia mayor\u00eda y luego de una jornada de doce horas en la que los delegados a la Coordinadora Distrital participaron con su respectivo voto, fue escogido el experimentado dirigente pol\u00edtico y analista econ\u00f3mico de amplia trayectoria, Aurelio Su\u00e1rez Montoya, como candidato del Polo Democr\u00e1tico Alternativo (PDA) a la\u2026","rel":"","context":"En \u00abPolo Democr\u00e1tico Alternativo\u00bb","block_context":{"text":"Polo Democr\u00e1tico Alternativo","link":"https:\/\/moir.com.co\/web\/category\/polo-democratico-alternativo\/"},"img":{"alt_text":"","src":"","width":0,"height":0},"classes":[]}],"jetpack_sharing_enabled":true,"_links":{"self":[{"href":"https:\/\/moir.com.co\/web\/wp-json\/wp\/v2\/posts\/13957","targetHints":{"allow":["GET"]}}],"collection":[{"href":"https:\/\/moir.com.co\/web\/wp-json\/wp\/v2\/posts"}],"about":[{"href":"https:\/\/moir.com.co\/web\/wp-json\/wp\/v2\/types\/post"}],"author":[{"embeddable":true,"href":"https:\/\/moir.com.co\/web\/wp-json\/wp\/v2\/users\/1"}],"replies":[{"embeddable":true,"href":"https:\/\/moir.com.co\/web\/wp-json\/wp\/v2\/comments?post=13957"}],"version-history":[{"count":1,"href":"https:\/\/moir.com.co\/web\/wp-json\/wp\/v2\/posts\/13957\/revisions"}],"predecessor-version":[{"id":13958,"href":"https:\/\/moir.com.co\/web\/wp-json\/wp\/v2\/posts\/13957\/revisions\/13958"}],"wp:featuredmedia":[{"embeddable":true,"href":"https:\/\/moir.com.co\/web\/wp-json\/wp\/v2\/media\/13888"}],"wp:attachment":[{"href":"https:\/\/moir.com.co\/web\/wp-json\/wp\/v2\/media?parent=13957"}],"wp:term":[{"taxonomy":"category","embeddable":true,"href":"https:\/\/moir.com.co\/web\/wp-json\/wp\/v2\/categories?post=13957"},{"taxonomy":"post_tag","embeddable":true,"href":"https:\/\/moir.com.co\/web\/wp-json\/wp\/v2\/tags?post=13957"}],"curies":[{"name":"wp","href":"https:\/\/api.w.org\/{rel}","templated":true}]}}