{"id":13937,"date":"2017-11-25T16:54:25","date_gmt":"2017-11-25T16:54:25","guid":{"rendered":"https:\/\/moir.org.co\/web\/?p=13937"},"modified":"2017-11-25T16:54:25","modified_gmt":"2017-11-25T16:54:25","slug":"la-nefasta-propuesta-pensional-de-los-banqueros","status":"publish","type":"post","link":"https:\/\/moir.com.co\/web\/la-nefasta-propuesta-pensional-de-los-banqueros\/","title":{"rendered":"La nefasta propuesta pensional de los banqueros"},"content":{"rendered":"<p><strong>Mario Alejandro Valencia, Bogot\u00e1, noviembre 24 de 2017<\/strong><\/p>\n<p><em>La insistencia de ANIF en esta reforma y los propios hechos han demostrado que la Ley 100 fue un fracaso.<\/em><\/p>\n<p>Otra vez ANIF ha lanzado una propuesta para reformar el sistema pensional colombiano, y otra vez su contenido tiene el prop\u00f3sito de lesionar la calidad de vida. La sugerencia es marchitar el sistema p\u00fablico de pensiones, cerrando la opci\u00f3n de nuevos afiliados a Colpensiones, lo que por supuesto beneficiar\u00eda a las administradoras privadas de pensiones. Tambi\u00e9n piden subir la edad de pensi\u00f3n en 5 a\u00f1os, a 62 para las mujeres y 67 para los hombres.<\/p>\n<p>La situaci\u00f3n pensional de Colombia es dram\u00e1tica. De cada 10 trabajadores solo cotizan 3 y de estos solo 1 se pensiona. Seg\u00fan Fedesarrollo, de quienes lo logran, el 57% hacen parte del 30% m\u00e1s rico de la poblaci\u00f3n y tan solo el 9% de los pensionados est\u00e1n en el 30% m\u00e1s pobre. Pensionarse en el r\u00e9gimen privado creado en la Ley 100 de 1993 es casi imposible; para hacerlo con una mesada de $ 1\u2018000.000 mensuales debe ahorrar $200 millones durante 1.300 semanas. Llegar a este monto implica ganarse $1.500.000 mensuales y aproximadamente el 74% de los ocupados ganan menos que esto. Esto explica porqu\u00e9 el 40% de quienes est\u00e1n en los fondos privados no tienen una renta vitalicia sino un retiro programado.<\/p>\n<p>Mientras esto ocurre, los fondos privados acumulan a septiembre de este a\u00f1o $218,4 billones de ahorros pensionales de los cuales 69,9 billones corresponden a pr\u00e9stamos al mismo Estado que mont\u00f3 el negocio privado. El sistema p\u00fablico se qued\u00f3 sin los cotizantes y la poblaci\u00f3n con la deuda, a unos fondos en donde tan solo 3 grupos econ\u00f3micos concentran el 94% del ahorro pensional y el 60% de los activos financieros del pa\u00eds. \u00bfPuede una naci\u00f3n funcionar adecuadamente con semejante nivel de concentraci\u00f3n de riqueza y poder pol\u00edtico y judicial?<\/p>\n<p>La insistencia de ANIF en esta reforma y los propios hechos han demostrado que la Ley 100 fue un fracaso. Pero si se reforma en el sentido que propone la instituci\u00f3n financiera, provocar\u00e1 que el disfrute de la pensi\u00f3n promedio de un colombiano pase de 14,7 a\u00f1os a 9,7 a\u00f1os, cuando en algunos pa\u00edses de la OCDE es en promedio de 18 a\u00f1os. Parafraseando al finado Fabio Echeverry: a los trabajadores les va mal, pero a los banqueros les va bien, muy bien.<\/p>\n<p>El sistema pensional debe cambiarse, pero en otra direcci\u00f3n. El pr\u00f3ximo gobierno y Congreso deben, primero, definir la naturaleza pol\u00edtica del nuevo sistema, teniendo en cuenta como aspecto fundamental su condici\u00f3n social: no debe ser un sistema de ahorro individual sino de solidaridad intergeneracional. El logro de la pensi\u00f3n debe ser un derecho de los trabajadores y no una f\u00f3rmula matem\u00e1tica.<\/p>\n<p>En segundo lugar se debe buscar la soluci\u00f3n financiera, pero no al rev\u00e9s como propone ANIF. Una propuesta ser\u00eda que hasta ingresos de 4 salarios m\u00ednimos sea obligaci\u00f3n afiliarse el r\u00e9gimen p\u00fablico y de ah\u00ed en adelante sea opcional hacerlo en el privado. Una de las causas por las cuales el sistema colaps\u00f3 es que en el r\u00e9gimen privado hay 47 cotizantes por cada pensionado y en el p\u00fablico apenas 1,8 cotizantes por cada pensionado. Esto debe cambiar.<\/p>\n<p><a href=\"http:\/\/www.dinero.com\/opinion\/columnistas\/articulo\/sin-ciencia-no-hay-paraiso-por-mario-valencia\/251782\" target=\"_blank\" rel=\"noopener\">Finalmente, los recursos que necesita el Estado para financiar las pensiones obligan a una reforma tributaria que elimine los beneficios tributarios y persiga con severidad los capitales que se fugan hacia los para\u00edsos fiscales.<\/a><\/p>\n","protected":false},"excerpt":{"rendered":"<p>Mario Alejandro Valencia, Bogot\u00e1, noviembre 24 de 2017 La insistencia de ANIF en esta reforma y los propios hechos han demostrado que la Ley 100 fue un fracaso. Otra vez ANIF ha lanzado una propuesta para reformar el sistema pensional colombiano, y otra vez su contenido tiene el prop\u00f3sito de lesionar la calidad de vida. [&hellip;]<\/p>\n","protected":false},"author":1,"featured_media":13938,"comment_status":"open","ping_status":"open","sticky":false,"template":"","format":"standard","meta":{"advanced_seo_description":"","jetpack_seo_html_title":"","jetpack_seo_noindex":false,"_jetpack_memberships_contains_paid_content":false,"footnotes":""},"categories":[102,97,98,96],"tags":[],"class_list":["post-13937","post","type-post","status-publish","format-standard","has-post-thumbnail","hentry","category-economia","category-imperialismo-y-neoliberalismo","category-politica","category-salud-y-pensiones"],"jetpack_featured_media_url":"https:\/\/i0.wp.com\/moir.com.co\/web\/wp-content\/uploads\/2017\/11\/pensiones1.jpg?fit=490%2C381&ssl=1","jetpack-related-posts":[{"id":15447,"url":"https:\/\/moir.com.co\/web\/pensiones-para-pasear-en-miami\/","url_meta":{"origin":13937,"position":0},"title":"Pensiones para pasear en Miami","author":"admin","date":"julio 17, 2018","format":false,"excerpt":"Mario Alejandro Valencia, Bogot\u00e1, julio 16 de 2018 Es extra\u00f1o que los banqueros est\u00e9n tan preocupados por la situaci\u00f3n fiscal del pa\u00eds, que ellos mismos han ayudado a agravar, con negocios lesivos para el patrimonio p\u00fablico como algunos de las alianzas p\u00fablico-privadas. Sergio Clavijo, director de la Asociaci\u00f3n Nacional de\u2026","rel":"","context":"En \u00abEconom\u00eda\u00bb","block_context":{"text":"Econom\u00eda","link":"https:\/\/moir.com.co\/web\/category\/temas\/economia\/"},"img":{"alt_text":"","src":"","width":0,"height":0},"classes":[]},{"id":6503,"url":"https:\/\/moir.com.co\/web\/senador-robledo-se-opone-a-aumento-en-la-edad-de-jubilacion\/","url_meta":{"origin":13937,"position":1},"title":"Senador Robledo se opone a aumento en la edad de jubilaci\u00f3n","author":"admin","date":"mayo 2, 2012","format":false,"excerpt":"Propuestas de los Fondos Privados lesiona los intereses de los trabajadores. Se debe fortalecer el r\u00e9gimen de prima media. En el Quinto Congreso de Asofondos los Fondos Privados de Pensiones propusieron una \u201creforma estructural al sistema pensional\u201d que aumente las edades de jubilaci\u00f3n, reduzca el monto de las mesadas pensionales\u2026","rel":"","context":"En \u00abJorge Enrique Robledo\u00bb","block_context":{"text":"Jorge Enrique Robledo","link":"https:\/\/moir.com.co\/web\/category\/jorge-enrique-robledo\/"},"img":{"alt_text":"","src":"","width":0,"height":0},"classes":[]},{"id":6213,"url":"https:\/\/moir.com.co\/web\/felices-pensiones\/","url_meta":{"origin":13937,"position":2},"title":"Felices pensiones","author":"admin","date":"enero 4, 2012","format":false,"excerpt":"Hay una costumbre inveterada de la oligarqu\u00eda de este pa\u00eds: recibir el a\u00f1o nuevo con costosas fiestas en clubes de post\u00edn; mensajes televisados con presidente a bordo, sonriendo como padre amant\u00edsimo de sus gobernados; y una cascada de alzas, medidas y anuncios, que en puridad de verdad deber\u00edan despertar a\u2026","rel":"","context":"En \u00abTemas\u00bb","block_context":{"text":"Temas","link":"https:\/\/moir.com.co\/web\/category\/temas\/"},"img":{"alt_text":"","src":"","width":0,"height":0},"classes":[]},{"id":15027,"url":"https:\/\/moir.com.co\/web\/debate-pensional-todo-por-rescatar-las-afp\/","url_meta":{"origin":13937,"position":3},"title":"Debate pensional: \u00bfTodo por rescatar las AFP?","author":"admin","date":"mayo 2, 2018","format":false,"excerpt":"Aurelio Su\u00e1rez Montoya, Bogot\u00e1, mayo 2 de 2018 \u201cLos escenarios dicen que el pasivo pensional va cayendo como porcentaje del PIB (\u2026) no hay bomba de tiempo\u201d, dijo Mauricio C\u00e1rdenas al clausurar el Congreso de Asofondos. En la Ocde sus miembros aplican en promedio el 8,2 % del PIB de\u2026","rel":"","context":"En \u00abAurelio Su\u00e1rez Montoya\u00bb","block_context":{"text":"Aurelio Su\u00e1rez Montoya","link":"https:\/\/moir.com.co\/web\/category\/bitacoras\/aurelio-suarez-montoya\/"},"img":{"alt_text":"","src":"https:\/\/i0.wp.com\/moir.com.co\/web\/wp-content\/uploads\/2018\/05\/pensiones1.jpg?fit=490%2C381&ssl=1&resize=350%2C200","width":350,"height":200},"classes":[]},{"id":7256,"url":"https:\/\/moir.com.co\/web\/cada-vez-menos-en-la-cama-y-los-demas-en-el-suelo\/","url_meta":{"origin":13937,"position":4},"title":"Cada vez menos en la cama y los dem\u00e1s en el suelo","author":"admin","date":"febrero 15, 2013","format":false,"excerpt":"Es dif\u00edcil concebir algo peor que la reforma pensional propuesta por Rafael Pardo y Juan Manuel Santos. Porque se propone empeorarles, una vez m\u00e1s, sus derechos de pensi\u00f3n a m\u00e1s de un mill\u00f3n de familias que viven de sueldos superiores a dos salarios m\u00ednimos y est\u00e1n vinculadas a empresas privadas,\u2026","rel":"","context":"En \u00abJorge Enrique Robledo\u00bb","block_context":{"text":"Jorge Enrique Robledo","link":"https:\/\/moir.com.co\/web\/category\/jorge-enrique-robledo\/"},"img":{"alt_text":"","src":"","width":0,"height":0},"classes":[]},{"id":971,"url":"https:\/\/moir.com.co\/web\/la-reforma-pensional-que-suprime-el-regimen-especial-del-magisterio\/","url_meta":{"origin":13937,"position":5},"title":"LA REFORMA PENSIONAL QUE SUPRIME EL R\u00c9GIMEN ESPECIAL DEL MAGISTERIO","author":"admin","date":"agosto 14, 2004","format":false,"excerpt":"\u201cImplementaci\u00f3n de una reforma a los reg\u00edmenes especiales de pensiones para maestros, las fuerzas armadas, y otros grupos que reducir\u00e1n el d\u00e9ficit actuarial de estos reg\u00edmenes y aumentar\u00e1n los ahorros adicionales de dinero. El d\u00e9ficit actuarial del r\u00e9gimen para los maestros se reducir\u00e1 al menos en una proporci\u00f3n similar a\u2026","rel":"","context":"En \u00abTribuna Magisterial\u00bb","block_context":{"text":"Tribuna Magisterial","link":"https:\/\/moir.com.co\/web\/category\/tribuna-magisterial\/"},"img":{"alt_text":"","src":"","width":0,"height":0},"classes":[]}],"jetpack_sharing_enabled":true,"_links":{"self":[{"href":"https:\/\/moir.com.co\/web\/wp-json\/wp\/v2\/posts\/13937","targetHints":{"allow":["GET"]}}],"collection":[{"href":"https:\/\/moir.com.co\/web\/wp-json\/wp\/v2\/posts"}],"about":[{"href":"https:\/\/moir.com.co\/web\/wp-json\/wp\/v2\/types\/post"}],"author":[{"embeddable":true,"href":"https:\/\/moir.com.co\/web\/wp-json\/wp\/v2\/users\/1"}],"replies":[{"embeddable":true,"href":"https:\/\/moir.com.co\/web\/wp-json\/wp\/v2\/comments?post=13937"}],"version-history":[{"count":1,"href":"https:\/\/moir.com.co\/web\/wp-json\/wp\/v2\/posts\/13937\/revisions"}],"predecessor-version":[{"id":13939,"href":"https:\/\/moir.com.co\/web\/wp-json\/wp\/v2\/posts\/13937\/revisions\/13939"}],"wp:featuredmedia":[{"embeddable":true,"href":"https:\/\/moir.com.co\/web\/wp-json\/wp\/v2\/media\/13938"}],"wp:attachment":[{"href":"https:\/\/moir.com.co\/web\/wp-json\/wp\/v2\/media?parent=13937"}],"wp:term":[{"taxonomy":"category","embeddable":true,"href":"https:\/\/moir.com.co\/web\/wp-json\/wp\/v2\/categories?post=13937"},{"taxonomy":"post_tag","embeddable":true,"href":"https:\/\/moir.com.co\/web\/wp-json\/wp\/v2\/tags?post=13937"}],"curies":[{"name":"wp","href":"https:\/\/api.w.org\/{rel}","templated":true}]}}