{"id":1393,"date":"2006-05-10T07:00:00","date_gmt":"2006-05-10T07:00:00","guid":{"rendered":"https:\/\/moir.org.co\/web\/el-gobierno-debe-atender-las-solic-itudes-de-las-comunidades-indigenas-del-cauca-y-acabar-con-la-represion-y-la-violencia\/"},"modified":"2006-05-10T07:00:00","modified_gmt":"2006-05-10T07:00:00","slug":"el-gobierno-debe-atender-las-solic-itudes-de-las-comunidades-indigenas-del-cauca-y-acabar-con-la-represion-y-la-violencia","status":"publish","type":"post","link":"https:\/\/moir.com.co\/web\/el-gobierno-debe-atender-las-solic-itudes-de-las-comunidades-indigenas-del-cauca-y-acabar-con-la-represion-y-la-violencia\/","title":{"rendered":"EL GOBIERNO DEBE ATENDER LAS SOLIC ITUDES DE LAS COMUNIDADES IND\u00cdGENAS DEL CAUCA Y ACABAR CON LA REPRESI\u00d3N Y LA VIOLENCIA"},"content":{"rendered":"<p>Como la opini\u00f3n colombiana conoce, desde el 15 de mayo, cuando se adelant\u00f3 en m\u00e1s de 20 departamentos, por parte de 200.000 personas, una jornada nacional contra el TLC, por la vida digna y la soberan\u00eda nacional, casi dos decenas de miles de ind\u00edgenas, campesinos y miembros de las comunidades afrodescendientes del Cauca, se reunieron en Piendam\u00f3 en la Cumbre de los Pueblos. All\u00ed se pronunciaron por la presencia de varios ministros para atender sus demandas en torno a la concertaci\u00f3n de una consulta ciudadana sobre el TLC, a la reclamaci\u00f3n de territorios ancestrales que les pertenecen y cuya entrega se les ha incumplido y al requerimiento de mayor atenci\u00f3n a sus necesidades en educaci\u00f3n y salud.<\/p>\n<p>Al ser deso\u00eddas sus peticiones, expresadas en una comunicaci\u00f3n enviada al alto gobierno, procedieron a ubicarse de manera pac\u00edfica en la Carretera Panamericana. Esa protesta fue reprimida de la misma forma como se hab\u00eda hecho en Popay\u00e1n donde se procedi\u00f3 de manera violenta contra los manifestantes siendo detenidos y golpeados m\u00e1s de 40, entre ellos cinco miembros de la organizaci\u00f3n filial AGROPEMCA. El saldo de las bestiales t\u00e1cticas del gobierno, hasta el 17 de mayo, para desmovilizar a la poblaci\u00f3n es la muerte del comunero ind\u00edgena de Corinto, Pedro Mauricio Poscu\u00e9, con arma de fuego, unos 50 heridos, 30 detenidos m\u00e1s y diez desaparecidos y unas cifras similares unidas a la destrucci\u00f3n de instalaciones del resguardo ind\u00edgena produjo hoy 17 de mayo en las horas de la tarde una clase de sarracina propiciada por el ardid del gobierno que, aunque anunci\u00f3 una comisi\u00f3n negociadora, envi\u00f3 como su representaci\u00f3n a un n\u00famero mayor de tanques, agentes de la fuerza p\u00fablica y m\u00e1s gases t\u00f3xicos.<\/p>\n<p>La Asociaci\u00f3n Nacional por la Salvaci\u00f3n Agropecuaria , reconociendo la justeza de los motivos de la movilizaci\u00f3n del Cauca, reclama del gobierno el cese inmediato de las acciones hostiles contra la poblaci\u00f3n campesina e ind\u00edgena, la libertad de los detenidos, la atenci\u00f3n de los heridos y la investigaci\u00f3n r\u00e1pida del homicidio del comunero muerto para enjuiciar a los responsables, a fin de que se termine con la impunidad en este tipo de cr\u00edmenes, y la realizaci\u00f3n del di\u00e1logo necesario como as\u00ed mismo lo ha requerido la Defensor\u00eda del Pueblo. Tambi\u00e9n se requiere que a quienes se han manifestado en otras regiones como Nari\u00f1o se les brinde un trato democr\u00e1tico y no se recurra a la descalificaci\u00f3n para validar la violaci\u00f3n de sus derechos fundamentales.<\/p>\n<p>\u00c1NGEL MAR\u00cdA CABALLERO LIAN<br \/>\nPRESIDENTE<\/p>\n<p>AURELIO SU\u00c1REZ MONTOYA<br \/>\nDIRECTOR EJECUTIVO<\/p>\n","protected":false},"excerpt":{"rendered":"<p>Como la opini\u00f3n colombiana conoce, desde el 15 de mayo, cuando se adelant\u00f3 en m\u00e1s de 20 departamentos, por parte de 200.000 personas, una jornada nacional contra el TLC, por la vida digna y la soberan\u00eda nacional, casi dos decenas de miles de ind\u00edgenas, campesinos y miembros de las comunidades afrodescendientes del Cauca, se reunieron [&hellip;]<\/p>\n","protected":false},"author":1,"featured_media":0,"comment_status":"open","ping_status":"open","sticky":false,"template":"","format":"standard","meta":{"advanced_seo_description":"","jetpack_seo_html_title":"","jetpack_seo_noindex":false,"_jetpack_memberships_contains_paid_content":false,"footnotes":""},"categories":[7],"tags":[],"class_list":["post-1393","post","type-post","status-publish","format-standard","hentry","category-pronunciamientos-de-organizaciones-sociales"],"jetpack_featured_media_url":"","jetpack-related-posts":[{"id":21198,"url":"https:\/\/moir.com.co\/web\/resistencia-civil-indigena-al-tlc-enfrentada-a-la-represion-oficial\/","url_meta":{"origin":1393,"position":0},"title":"RESISTENCIA CIVIL IND\u00cdGENA AL TLC, ENFRENTADA A LA REPRESI\u00d3N OFICIAL","author":"admin","date":"mayo 9, 2006","format":false,"excerpt":"Desde el martes 16 de mayo, y en el marco del proceso llamado Cumbre de los Pueblos, 17 mil ind\u00edgenas del Cauca se sentaron en la V\u00eda Panamericana, en las inmediaciones del Resguardo de La Mar\u00eda, Piendam\u00f3, y pidieron la presencia de altos funcionarios para presentarles sus solicitudes, en t\u00e9rminos\u2026","rel":"","context":"En \u00abTribuna Roja N\u00ba 103, mayo 19 de 2006\u00bb","block_context":{"text":"Tribuna Roja N\u00ba 103, mayo 19 de 2006","link":"https:\/\/moir.com.co\/web\/category\/tribuna-roja\/ediciones-2005-2009\/tribuna-roja-no-103-mayo-19-de-2006\/"},"img":{"alt_text":"","src":"","width":0,"height":0},"classes":[]},{"id":2569,"url":"https:\/\/moir.com.co\/web\/el-problema-indigena-debe-ser-atendido\/","url_meta":{"origin":1393,"position":1},"title":"EL PROBLEMA IND\u00cdGENA DEBE SER ATENDIDO","author":"admin","date":"octubre 31, 2008","format":false,"excerpt":"Jorge Enrique Robledo, Bogot\u00e1, 31 de octubre de 2008 La inmensa movilizaci\u00f3n de los ind\u00edgenas colombianos, de la que la del Cauca es la mayor mas no la \u00fanica, porque tambi\u00e9n han protestado, entre otros, los del Valle, Risaralda, Caldas, Choc\u00f3, Nari\u00f1o y La Guajira, ha puesto otra vez sobre\u2026","rel":"","context":"En \u00abJorge Enrique Robledo\u00bb","block_context":{"text":"Jorge Enrique Robledo","link":"https:\/\/moir.com.co\/web\/category\/jorge-enrique-robledo\/"},"img":{"alt_text":"","src":"","width":0,"height":0},"classes":[]},{"id":640,"url":"https:\/\/moir.com.co\/web\/salvacion-agropecuaria-dira-no-al-alca-y-al-tlc-el-15-de-abril\/","url_meta":{"origin":1393,"position":2},"title":"\u00a1SALVACI\u00d3N  AGROPECUARIA DIR\u00c1 NO AL ALCA Y AL TLC EL 15 DE ABRIL!","author":"admin","date":"agosto 11, 2004","format":false,"excerpt":"La Asociaci\u00f3n Nacional por la Salvaci\u00f3n Agropecuaria, seg\u00fan lo convenido con organizaciones agrarias, campesinas, ind\u00edgenas, sindicales y sociales de Colombia, Ecuador, Per\u00fa y Bolivia y de acuerdo al mandato de su VIII Junta Nacional, se movilizar\u00e1 el pr\u00f3ximo jueves 15 de abril en el marco de la Primera Jornada Andina\u2026","rel":"","context":"En \u00abPronunciamientos de Organizaciones Sociales\u00bb","block_context":{"text":"Pronunciamientos de Organizaciones Sociales","link":"https:\/\/moir.com.co\/web\/category\/pronunciamientos-de-organizaciones-sociales\/"},"img":{"alt_text":"","src":"","width":0,"height":0},"classes":[]},{"id":1375,"url":"https:\/\/moir.com.co\/web\/declaracion-del-encuentro-de-organizaciones-campesinas-indigenas-y-agrarias-de-colombia-por-la-movilizacion-contra-el-tlc\/","url_meta":{"origin":1393,"position":3},"title":"DECLARACI\u00d3N  DEL  ENCUENTRO DE ORGANIZACIONES CAMPESINAS, IND\u00cdGENAS Y AGRARIAS DE COLOMBIA POR LA  MOVILIZACI\u00d3N CONTRA EL TLC","author":"admin","date":"abril 9, 2006","format":false,"excerpt":"Las organizaciones agrarias, campesinas, ind\u00edgenas y sociales vinculadas al sector rural colombiano y reunidas en Bogot\u00e1 el 5 de abril de 2006 declaramos a la opini\u00f3n y al gobierno nacional: 1. Que el d\u00eda 28 de febrero de 2006 se cerraron las negociaciones del Tratado de Libre Comercio (TLC) entre\u2026","rel":"","context":"En \u00abPronunciamientos de Organizaciones Sociales\u00bb","block_context":{"text":"Pronunciamientos de Organizaciones Sociales","link":"https:\/\/moir.com.co\/web\/category\/pronunciamientos-de-organizaciones-sociales\/"},"img":{"alt_text":"","src":"","width":0,"height":0},"classes":[]},{"id":1132,"url":"https:\/\/moir.com.co\/web\/sabiduria-indigena-si-a-la-vida-no-al-tlc\/","url_meta":{"origin":1393,"position":4},"title":"SABIDUR\u00cdA IND\u00cdGENA: S\u00cd A LA VIDA, NO AL TLC","author":"admin","date":"marzo 7, 2005","format":false,"excerpt":"Las elites culturales y las clases sociales dominantes menosprecian a los pueblos ind\u00edgenas. Heredando prejuicios de los antiguos colonialistas, reverdecidos ahora por los imperialistas, los creen seres inferiores. Al imponer ese concepto en el seno de la sociedad, las comunidades de indios se vuelven presa f\u00e1cil para ser perseguidos, despojados\u2026","rel":"","context":"En \u00abTemas\u00bb","block_context":{"text":"Temas","link":"https:\/\/moir.com.co\/web\/category\/temas\/"},"img":{"alt_text":"","src":"","width":0,"height":0},"classes":[]},{"id":1303,"url":"https:\/\/moir.com.co\/web\/que-cese-la-agresion-oficial-contra-el-pueblo-nasa\/","url_meta":{"origin":1393,"position":5},"title":"QUE CESE LA AGRESI\u00d3N OFICIAL CONTRA EL PUEBLO NASA","author":"admin","date":"octubre 30, 2005","format":false,"excerpt":"La muerte del joven Belisario Camyo Guetoto, de 18 a\u00f1os de edad, v\u00edctima de un disparo de fusil durante una agresi\u00f3n a las comunidades nasas asentadas en la hacienda El Japio, municipio de Caloto, Cauca, configura el hecho de mayor gravedad en la implacable ofensiva desatada desde casi hace un\u2026","rel":"","context":"Entrada similar","block_context":{"text":"Entrada similar","link":""},"img":{"alt_text":"","src":"","width":0,"height":0},"classes":[]}],"jetpack_sharing_enabled":true,"_links":{"self":[{"href":"https:\/\/moir.com.co\/web\/wp-json\/wp\/v2\/posts\/1393","targetHints":{"allow":["GET"]}}],"collection":[{"href":"https:\/\/moir.com.co\/web\/wp-json\/wp\/v2\/posts"}],"about":[{"href":"https:\/\/moir.com.co\/web\/wp-json\/wp\/v2\/types\/post"}],"author":[{"embeddable":true,"href":"https:\/\/moir.com.co\/web\/wp-json\/wp\/v2\/users\/1"}],"replies":[{"embeddable":true,"href":"https:\/\/moir.com.co\/web\/wp-json\/wp\/v2\/comments?post=1393"}],"version-history":[{"count":0,"href":"https:\/\/moir.com.co\/web\/wp-json\/wp\/v2\/posts\/1393\/revisions"}],"wp:attachment":[{"href":"https:\/\/moir.com.co\/web\/wp-json\/wp\/v2\/media?parent=1393"}],"wp:term":[{"taxonomy":"category","embeddable":true,"href":"https:\/\/moir.com.co\/web\/wp-json\/wp\/v2\/categories?post=1393"},{"taxonomy":"post_tag","embeddable":true,"href":"https:\/\/moir.com.co\/web\/wp-json\/wp\/v2\/tags?post=1393"}],"curies":[{"name":"wp","href":"https:\/\/api.w.org\/{rel}","templated":true}]}}