{"id":1391,"date":"2006-04-30T07:00:00","date_gmt":"2006-04-30T07:00:00","guid":{"rendered":"https:\/\/moir.org.co\/web\/barranquilla-se-une-a-la-gran-jornada-nacional-de-protesta-contra-el-tratado-de-libre-comercio-con-estados-unidos\/"},"modified":"2006-04-30T07:00:00","modified_gmt":"2006-04-30T07:00:00","slug":"barranquilla-se-une-a-la-gran-jornada-nacional-de-protesta-contra-el-tratado-de-libre-comercio-con-estados-unidos","status":"publish","type":"post","link":"https:\/\/moir.com.co\/web\/barranquilla-se-une-a-la-gran-jornada-nacional-de-protesta-contra-el-tratado-de-libre-comercio-con-estados-unidos\/","title":{"rendered":"BARRANQUILLA SE UNE A LA GRAN JORNADA NACIONAL DE PROTESTA CONTRA EL TRATADO DE LIBRE COMERCIO CON ESTADOS UNIDOS"},"content":{"rendered":"<p>En medio del debate nacional que ha suscitado la aprobaci\u00f3n del Tratado de Libre Comercio con Estados Unidos por parte del gobierno nacional, una serie de organizaciones de las comunidades ind\u00edgenas, campesinas y productores agropecuarios han convocado una jornada nacional de lucha contra este instrumento de sometimiento de nuestro pa\u00eds al imperio del Norte. Entre los promotores est\u00e1n la Asociaci\u00f3n Nacional por la Salvaci\u00f3n Agropecuaria, Fensuagro, Coordinador Nacional Agrario, Anuc-UR, Coordinaci\u00f3n de Organizaciones Sociales del Cauca, Unidad Cafetera, Asociaci\u00f3n de Agricultores y Ganaderos del Meta, Agropenca del Cauca, Unidad Panelera, Apemecafe, Anmusic, Fanal, Sindesena, Asociaci\u00f3n Colombiana de Ingenieros Agr\u00f3nomos, Asociaci\u00f3n Nacional de Productores de Trigo, entre otras.<\/p>\n<p>Hay argumentos de peso para rechazar el TLC. Los Estados Unidos conservan sus abultados subsidios a los productos agropecuarios e industriales mientras Colombia elimina cualquier respaldo a las actividades productivas, lo cual hace imposible cualquier competencia. El mercado interno de 45 millones de colombianos quedar\u00e1 a merced de los bienes, servicios y capitales de las multinacionales gringas. La educaci\u00f3n, la salud y los servicios p\u00fablicos ser\u00e1n privatizados por completo. Las medicinas y agroqu\u00edmicos de marca de los consorcios estadounidenses tendr\u00e1n todas las prerrogativas en el tema de propiedad intelectual. La rica biodiversidad tambi\u00e9n se entrega a la voracidad norteamericana.<\/p>\n<p>La Gran Coalici\u00f3n Democr\u00e1tica del Atl\u00e1ntico se une a esta gran jornada de lucha al lado de las Centrales Obreras, FECODE, las organizaciones sociales y pol\u00edticas democr\u00e1ticas y progresistas para tomar las carreteras y v\u00edas p\u00fablicas para la protesta el lunes 15 de mayo pr\u00f3ximo. En Barranquilla la concentraci\u00f3n partir\u00e1 del Parque del Cementerio Universal a las tres de la tarde por la calle Murillo hasta el Paseo Bol\u00edvar en el centro de la ciudad. Tambi\u00e9n impulsaremos la candidatura presidencial de Carlos Gaviria D\u00edaz del Polo Democr\u00e1tico Alternativo, quien se ha opuesto al Tratado de Libre Comercio y ha propuesto una consulta popular para que sea el pueblo colombiano el que defina los destinos nacionales en materia tan crucial para las generaciones presentes y futuras.<\/p>\n","protected":false},"excerpt":{"rendered":"<p>En medio del debate nacional que ha suscitado la aprobaci\u00f3n del Tratado de Libre Comercio con Estados Unidos por parte del gobierno nacional, una serie de organizaciones de las comunidades ind\u00edgenas, campesinas y productores agropecuarios han convocado una jornada nacional de lucha contra este instrumento de sometimiento de nuestro pa\u00eds al imperio del Norte. Entre [&hellip;]<\/p>\n","protected":false},"author":1,"featured_media":0,"comment_status":"open","ping_status":"open","sticky":false,"template":"","format":"standard","meta":{"advanced_seo_description":"","jetpack_seo_html_title":"","jetpack_seo_noindex":false,"_jetpack_memberships_contains_paid_content":false,"footnotes":""},"categories":[7],"tags":[],"class_list":["post-1391","post","type-post","status-publish","format-standard","hentry","category-pronunciamientos-de-organizaciones-sociales"],"jetpack_featured_media_url":"","jetpack-related-posts":[{"id":425,"url":"https:\/\/moir.com.co\/web\/convocatoria-a-marcha-nacional-panelera-el-proximo-30-de-julio-de-2002\/","url_meta":{"origin":1391,"position":0},"title":"CONVOCATORIA A MARCHA NACIONAL PANELERA EL PROXIMO 30 DE JULIO DE 2002","author":"admin","date":"agosto 8, 2004","format":false,"excerpt":"Asociaci\u00f3n Nacional por la Salvaci\u00f3n agropecuaria-Unidad Panelera Nacional, Ibagu\u00e9, junio 26 de 2002 Despu\u00e9s de realizadas las audiencias p\u00fablicas de Sup\u00eda (Caldas), Villeta (Cundinamarca) y Moniquir\u00e1 (Boyac\u00e1) con la participaci\u00f3n entusiasta de cientos de paneleros, en las que fue un\u00e1nime el rechazo a la Resoluci\u00f3n 399 de la Corporaci\u00f3n Aut\u00f3noma\u2026","rel":"","context":"En \u00abPronunciamientos de Organizaciones Sociales\u00bb","block_context":{"text":"Pronunciamientos de Organizaciones Sociales","link":"https:\/\/moir.com.co\/web\/category\/pronunciamientos-de-organizaciones-sociales\/"},"img":{"alt_text":"","src":"","width":0,"height":0},"classes":[]},{"id":637,"url":"https:\/\/moir.com.co\/web\/con-gran-exito-se-cumplio-en-colombia-la-jornada-andina-contra-el-alca-y-el-tlc\/","url_meta":{"origin":1391,"position":1},"title":"CON GRAN \u00c9XITO SE CUMPLI\u00d3 EN COLOMBIA LA JORNADA ANDINA CONTRA EL ALCA Y EL TLC","author":"admin","date":"agosto 11, 2004","format":false,"excerpt":"Salvaci\u00f3n Agropecuaria, abril 21 de 2004 Con entusiasmo se cumpli\u00f3 en m\u00e1s de diez departamentos la Jornada Andina convocada por la Red de Acci\u00f3n frente al ALCA y al Libre Comercio \u2013Recalca\u2013, la Central Unitaria de Trabajadores y la Asociaci\u00f3n Nacional por la Salvaci\u00f3n Agropecuaria, en coordinaci\u00f3n con importantes organizaciones\u2026","rel":"","context":"En \u00abPronunciamientos de Organizaciones Sociales\u00bb","block_context":{"text":"Pronunciamientos de Organizaciones Sociales","link":"https:\/\/moir.com.co\/web\/category\/pronunciamientos-de-organizaciones-sociales\/"},"img":{"alt_text":"","src":"","width":0,"height":0},"classes":[]},{"id":640,"url":"https:\/\/moir.com.co\/web\/salvacion-agropecuaria-dira-no-al-alca-y-al-tlc-el-15-de-abril\/","url_meta":{"origin":1391,"position":2},"title":"\u00a1SALVACI\u00d3N  AGROPECUARIA DIR\u00c1 NO AL ALCA Y AL TLC EL 15 DE ABRIL!","author":"admin","date":"agosto 11, 2004","format":false,"excerpt":"La Asociaci\u00f3n Nacional por la Salvaci\u00f3n Agropecuaria, seg\u00fan lo convenido con organizaciones agrarias, campesinas, ind\u00edgenas, sindicales y sociales de Colombia, Ecuador, Per\u00fa y Bolivia y de acuerdo al mandato de su VIII Junta Nacional, se movilizar\u00e1 el pr\u00f3ximo jueves 15 de abril en el marco de la Primera Jornada Andina\u2026","rel":"","context":"En \u00abPronunciamientos de Organizaciones Sociales\u00bb","block_context":{"text":"Pronunciamientos de Organizaciones Sociales","link":"https:\/\/moir.com.co\/web\/category\/pronunciamientos-de-organizaciones-sociales\/"},"img":{"alt_text":"","src":"","width":0,"height":0},"classes":[]},{"id":20763,"url":"https:\/\/moir.com.co\/web\/en-pereira-el-10-de-abril-un-rotundo-exito-el-congreso-de-unidad-agropecuaria-nacional\/","url_meta":{"origin":1391,"position":3},"title":"En Pereira, el 10 de abril: UN ROTUNDO \u00c9XITO, EL CONGRESO DE UNIDAD AGROPECUARIA NACIONAL","author":"admin","date":"abril 8, 2005","format":false,"excerpt":"El evento reuni\u00f3 73 organizaciones y 478 delegados provenientes de 102 municipios del pa\u00eds En un importante avance para la defensa del sector agropecuario se constituy\u00f3 el Congreso convocado por Unidad Cafetera y realizado en Pereira el 10 de abril. En dicho evento se acreditaron 478 delegados provenientes de doce\u2026","rel":"","context":"En \u00abTribuna Roja N\u00b0 71, Bogot\u00e1; abril 26 de 1997\u00bb","block_context":{"text":"Tribuna Roja N\u00b0 71, Bogot\u00e1; abril 26 de 1997","link":"https:\/\/moir.com.co\/web\/category\/tribuna-roja\/ediciones-1995-1999\/tribuna-roja-n-71-bogota-abril-26-de-1997\/"},"img":{"alt_text":"","src":"","width":0,"height":0},"classes":[]},{"id":1016,"url":"https:\/\/moir.com.co\/web\/12-de-octubre-resistencia-civil-continental-de-agricultores-campesinos-e-indigenas-contra-el-libre-comercio\/","url_meta":{"origin":1391,"position":4},"title":"12 DE OCTUBRE: RESISTENCIA CIVIL CONTINENTAL DE AGRICULTORES, CAMPESINOS E IND\u00cdGENAS CONTRA EL LIBRE COMERCIO","author":"admin","date":"septiembre 27, 2004","format":false,"excerpt":"Tal como fue acordado por centenares de organizaciones andinas, de Centroam\u00e9rica y grupos de todo el continente americano compuestos por centrales obreras, asociaciones campesinas, de ind\u00edgenas y de agricultores, productores y empresarios locales, estudiantes e intelectuales, el pr\u00f3ximo martes 12 de octubre millones de personas en el continente americano se\u2026","rel":"","context":"En \u00abPronunciamientos de Organizaciones Sociales\u00bb","block_context":{"text":"Pronunciamientos de Organizaciones Sociales","link":"https:\/\/moir.com.co\/web\/category\/pronunciamientos-de-organizaciones-sociales\/"},"img":{"alt_text":"","src":"","width":0,"height":0},"classes":[]},{"id":1375,"url":"https:\/\/moir.com.co\/web\/declaracion-del-encuentro-de-organizaciones-campesinas-indigenas-y-agrarias-de-colombia-por-la-movilizacion-contra-el-tlc\/","url_meta":{"origin":1391,"position":5},"title":"DECLARACI\u00d3N  DEL  ENCUENTRO DE ORGANIZACIONES CAMPESINAS, IND\u00cdGENAS Y AGRARIAS DE COLOMBIA POR LA  MOVILIZACI\u00d3N CONTRA EL TLC","author":"admin","date":"abril 9, 2006","format":false,"excerpt":"Las organizaciones agrarias, campesinas, ind\u00edgenas y sociales vinculadas al sector rural colombiano y reunidas en Bogot\u00e1 el 5 de abril de 2006 declaramos a la opini\u00f3n y al gobierno nacional: 1. Que el d\u00eda 28 de febrero de 2006 se cerraron las negociaciones del Tratado de Libre Comercio (TLC) entre\u2026","rel":"","context":"En \u00abPronunciamientos de Organizaciones Sociales\u00bb","block_context":{"text":"Pronunciamientos de Organizaciones Sociales","link":"https:\/\/moir.com.co\/web\/category\/pronunciamientos-de-organizaciones-sociales\/"},"img":{"alt_text":"","src":"","width":0,"height":0},"classes":[]}],"jetpack_sharing_enabled":true,"_links":{"self":[{"href":"https:\/\/moir.com.co\/web\/wp-json\/wp\/v2\/posts\/1391","targetHints":{"allow":["GET"]}}],"collection":[{"href":"https:\/\/moir.com.co\/web\/wp-json\/wp\/v2\/posts"}],"about":[{"href":"https:\/\/moir.com.co\/web\/wp-json\/wp\/v2\/types\/post"}],"author":[{"embeddable":true,"href":"https:\/\/moir.com.co\/web\/wp-json\/wp\/v2\/users\/1"}],"replies":[{"embeddable":true,"href":"https:\/\/moir.com.co\/web\/wp-json\/wp\/v2\/comments?post=1391"}],"version-history":[{"count":0,"href":"https:\/\/moir.com.co\/web\/wp-json\/wp\/v2\/posts\/1391\/revisions"}],"wp:attachment":[{"href":"https:\/\/moir.com.co\/web\/wp-json\/wp\/v2\/media?parent=1391"}],"wp:term":[{"taxonomy":"category","embeddable":true,"href":"https:\/\/moir.com.co\/web\/wp-json\/wp\/v2\/categories?post=1391"},{"taxonomy":"post_tag","embeddable":true,"href":"https:\/\/moir.com.co\/web\/wp-json\/wp\/v2\/tags?post=1391"}],"curies":[{"name":"wp","href":"https:\/\/api.w.org\/{rel}","templated":true}]}}