{"id":13895,"date":"2017-11-20T22:32:13","date_gmt":"2017-11-20T22:32:13","guid":{"rendered":"https:\/\/moir.org.co\/web\/?p=13895"},"modified":"2017-11-20T22:32:13","modified_gmt":"2017-11-20T22:32:13","slug":"video-conclusiones-vendedores-informales-entre-el-rebusque-y-la-persecucion-robledo","status":"publish","type":"post","link":"https:\/\/moir.com.co\/web\/video-conclusiones-vendedores-informales-entre-el-rebusque-y-la-persecucion-robledo\/","title":{"rendered":"Video: Conclusiones: Vendedores informales, entre el rebusque y la persecuci\u00f3n: Robledo"},"content":{"rendered":"<p>Conclusiones senador Jorge Enrique Robledo en la Audiencia P\u00fablica sobre la situaci\u00f3n de los vendedores ambulantes, Comisi\u00f3n Quinta del Senado, 20 de noviembre de 2017<\/p>\n","protected":false},"excerpt":{"rendered":"<p>Conclusiones senador Jorge Enrique Robledo en la Audiencia P\u00fablica sobre la situaci\u00f3n de los vendedores ambulantes, Comisi\u00f3n Quinta del Senado, 20 de noviembre de 2017<\/p>\n","protected":false},"author":1,"featured_media":0,"comment_status":"open","ping_status":"open","sticky":false,"template":"","format":"video","meta":{"advanced_seo_description":"","jetpack_seo_html_title":"","jetpack_seo_noindex":false,"_jetpack_memberships_contains_paid_content":false,"footnotes":""},"categories":[102,97,4,98],"tags":[],"class_list":["post-13895","post","type-post","status-publish","format-video","hentry","category-economia","category-imperialismo-y-neoliberalismo","category-jorge-enrique-robledo","category-politica","post_format-post-format-video"],"jetpack_featured_media_url":"","jetpack-related-posts":[{"id":13893,"url":"https:\/\/moir.com.co\/web\/vendedores-informales-entre-el-rebusque-y-la-persecucion-robledo\/","url_meta":{"origin":13895,"position":0},"title":"Video: Vendedores informales, entre el rebusque y la persecuci\u00f3n: Robledo","author":"admin","date":"noviembre 20, 2017","format":"video","excerpt":"Intervenci\u00f3n del senador Jorge Enrique Robledo en la Audiencia P\u00fablica sobre la situaci\u00f3n de los vendedores ambulantes, Comisi\u00f3n Quinta del Senado, 20 de noviembre de 2017","rel":"","context":"En \u00abEconom\u00eda\u00bb","block_context":{"text":"Econom\u00eda","link":"https:\/\/moir.com.co\/web\/category\/temas\/economia\/"},"img":{"alt_text":"","src":"","width":0,"height":0},"classes":[]},{"id":12782,"url":"https:\/\/moir.com.co\/web\/senador-robledo-y-concejal-manuel-sarmiento-presentaron-demanda-para-proteger-derechos-de-vendedores-informales\/","url_meta":{"origin":13895,"position":1},"title":"Senador Robledo y concejal Manuel Sarmiento presentaron demanda para proteger derechos de vendedores informales","author":"admin","date":"junio 29, 2017","format":false,"excerpt":"Oficina de prensa del senador Jorge Enrique Robledo, Bogot\u00e1, junio 22 de \u00a02017 El Senador Robledo y el Concejal Manuel Sarmiento, del Polo Democr\u00e1tico Alternativo, presentaron una demanda contra normas distritales que desconocen los derechos de los vendedores informales. Cada vez hay m\u00e1s vendedores en la calle producto de la\u2026","rel":"","context":"En \u00abBogot\u00e1\u00bb","block_context":{"text":"Bogot\u00e1","link":"https:\/\/moir.com.co\/web\/category\/temas\/bogota\/"},"img":{"alt_text":"","src":"https:\/\/i0.wp.com\/moir.com.co\/web\/wp-content\/uploads\/2017\/06\/bogotavendedoresambulantes.png?fit=500%2C374&ssl=1&resize=350%2C200","width":350,"height":200},"classes":[]},{"id":14288,"url":"https:\/\/moir.com.co\/web\/multar-a-los-ciudadanos-que-les-compran-a-los-informales-otro-abuso-de-los-mismos-con-las-mismas-robledo\/","url_meta":{"origin":13895,"position":2},"title":"Multar a los ciudadanos que les compran a los informales, otro abuso de los mismos con las mismas: Robledo","author":"admin","date":"enero 20, 2018","format":false,"excerpt":"Oficina de prensa del senador Jorge Enrique Robledo, Bogot\u00e1, enero 19 de 2018 El Alcalde de Armenia orden\u00f3 imponer multas por 833.325 pesos a los ciudadanos que les compren a los vendedores informales no carnetizados; la informalidad es una realidad social que no se resuelve con medidas policivas; ojal\u00e1 nadie\u2026","rel":"","context":"En \u00abEconom\u00eda\u00bb","block_context":{"text":"Econom\u00eda","link":"https:\/\/moir.com.co\/web\/category\/temas\/economia\/"},"img":{"alt_text":"","src":"https:\/\/i0.wp.com\/moir.com.co\/web\/wp-content\/uploads\/2018\/01\/vendedoresambulantes2.jpg?fit=650%2C300&ssl=1&resize=350%2C200","width":350,"height":200,"srcset":"https:\/\/i0.wp.com\/moir.com.co\/web\/wp-content\/uploads\/2018\/01\/vendedoresambulantes2.jpg?fit=650%2C300&ssl=1&resize=350%2C200 1x, https:\/\/i0.wp.com\/moir.com.co\/web\/wp-content\/uploads\/2018\/01\/vendedoresambulantes2.jpg?fit=650%2C300&ssl=1&resize=525%2C300 1.5x"},"classes":[]},{"id":13470,"url":"https:\/\/moir.com.co\/web\/conclusiones-audiencia-publica-le-toca-a-la-educacion-robledo\/","url_meta":{"origin":13895,"position":3},"title":"Video. Conclusiones: Audiencia P\u00fablica &#8220;Le toca a la educaci\u00f3n&#8221;: Robledo","author":"admin","date":"octubre 9, 2017","format":"video","excerpt":"Senador Jorge Enrique Robledo, audiencia p\u00fablica, \"Le toca a la educaci\u00f3n\". 9 de octubre de 2017","rel":"","context":"En \u00abEconom\u00eda\u00bb","block_context":{"text":"Econom\u00eda","link":"https:\/\/moir.com.co\/web\/category\/temas\/economia\/"},"img":{"alt_text":"","src":"","width":0,"height":0},"classes":[]},{"id":8710,"url":"https:\/\/moir.com.co\/web\/el-gobierno-nacional-y-el-distrito-deben-atender-los-reclamos-de-los-residentes-y-comerciantes-del-centro-robledo\/","url_meta":{"origin":13895,"position":4},"title":"El gobierno nacional y el Distrito deben atender los reclamos de los residentes y comerciantes del centro: Robledo","author":"admin","date":"septiembre 11, 2014","format":false,"excerpt":"Varias organizaciones de residentes, comerciantes y vendedores ambulantes del centro de Bogot\u00e1 adelantan una movilizaci\u00f3n en rechazo al Plan Centro que promueven el gobierno nacional y el Distrito. De acuerdo con los organizadores de la movilizaci\u00f3n, el Plan Centro desplazar\u00e1 a la gran mayor\u00eda de residentes y comerciantes de esta\u2026","rel":"","context":"En \u00abJorge Enrique Robledo\u00bb","block_context":{"text":"Jorge Enrique Robledo","link":"https:\/\/moir.com.co\/web\/category\/jorge-enrique-robledo\/"},"img":{"alt_text":"","src":"","width":0,"height":0},"classes":[]},{"id":15656,"url":"https:\/\/moir.com.co\/web\/video-conclusiones-debate-sobre-abusos-y-corrupcion-de-electricaribe-robledo\/","url_meta":{"origin":13895,"position":5},"title":"Video: Conclusiones debate sobre abusos y corrupci\u00f3n de Electricaribe: Robledo","author":"admin","date":"agosto 15, 2018","format":"video","excerpt":"Intervenci\u00f3n del senador Jorge Enrique Robledo, Comisi\u00f3n Quinta del Senado, 15 de agosto de 2018","rel":"","context":"En \u00abEconom\u00eda\u00bb","block_context":{"text":"Econom\u00eda","link":"https:\/\/moir.com.co\/web\/category\/temas\/economia\/"},"img":{"alt_text":"","src":"","width":0,"height":0},"classes":[]}],"jetpack_sharing_enabled":true,"_links":{"self":[{"href":"https:\/\/moir.com.co\/web\/wp-json\/wp\/v2\/posts\/13895","targetHints":{"allow":["GET"]}}],"collection":[{"href":"https:\/\/moir.com.co\/web\/wp-json\/wp\/v2\/posts"}],"about":[{"href":"https:\/\/moir.com.co\/web\/wp-json\/wp\/v2\/types\/post"}],"author":[{"embeddable":true,"href":"https:\/\/moir.com.co\/web\/wp-json\/wp\/v2\/users\/1"}],"replies":[{"embeddable":true,"href":"https:\/\/moir.com.co\/web\/wp-json\/wp\/v2\/comments?post=13895"}],"version-history":[{"count":1,"href":"https:\/\/moir.com.co\/web\/wp-json\/wp\/v2\/posts\/13895\/revisions"}],"predecessor-version":[{"id":13896,"href":"https:\/\/moir.com.co\/web\/wp-json\/wp\/v2\/posts\/13895\/revisions\/13896"}],"wp:attachment":[{"href":"https:\/\/moir.com.co\/web\/wp-json\/wp\/v2\/media?parent=13895"}],"wp:term":[{"taxonomy":"category","embeddable":true,"href":"https:\/\/moir.com.co\/web\/wp-json\/wp\/v2\/categories?post=13895"},{"taxonomy":"post_tag","embeddable":true,"href":"https:\/\/moir.com.co\/web\/wp-json\/wp\/v2\/tags?post=13895"}],"curies":[{"name":"wp","href":"https:\/\/api.w.org\/{rel}","templated":true}]}}