{"id":13887,"date":"2017-11-20T22:18:04","date_gmt":"2017-11-20T22:18:04","guid":{"rendered":"https:\/\/moir.org.co\/web\/?p=13887"},"modified":"2017-11-20T22:18:04","modified_gmt":"2017-11-20T22:18:04","slug":"colombia-es-perdedor-en-el-comercio-agricola-aurelio-suarez","status":"publish","type":"post","link":"https:\/\/moir.com.co\/web\/colombia-es-perdedor-en-el-comercio-agricola-aurelio-suarez\/","title":{"rendered":"Colombia es perdedor en el comercio agr\u00edcola: Aurelio Su\u00e1rez"},"content":{"rendered":"<p><strong>Redacci\u00f3n Diario del Huila, Neiva, noviembre 20 de 2017<\/strong><\/p>\n<p>Desde hace un mes Aurelio Suarez Montoya, viene recorriendo el pa\u00eds con el objetivo de conocer de primera mano la realidad que se vive en las regiones en diferentes aspectos; en Colombia, su nombre es conocido porque es una de las panelistas que hasta hace poco acompa\u00f1aban la mesa de trabajo en Ma\u00f1anas Blu, espacio radial que aborda el acontecer nacional en lo pol\u00edtico, social y econ\u00f3mico.<\/p>\n<p>Su\u00e1rez Montoya es ingeniero industrial egresado de la Universidad de los Andes, cuenta adem\u00e1s con estudios en econom\u00eda y gerencia de organizaciones comerciales.<\/p>\n<p>En el \u00e1mbito pol\u00edtico es cercano al senador Jorge Robledo. Ha sido diputado a la Asamblea de Risaralda en 1994 y miembro del Comit\u00e9 Ejecutivo Nacional del Polo Democr\u00e1tico Alternativo; de igual forma ha sido catedr\u00e1tico universitario, consultor y analista en distintos medios de comunicaci\u00f3n sobre temas econ\u00f3micos, sociales y pol\u00edticos, columnista y miembro de m\u00faltiples organizaciones sociales.<\/p>\n<p>En su visita a esta Casa Editorial nos cont\u00f3 apartes del trabajo que viene realizando en torno a definir en los pr\u00f3ximos d\u00edas si aspira al Senado de la Rep\u00fablica para las pr\u00f3ximas elecciones, adem\u00e1s de compartir algunas de sus vivencias en este largo mes en el que viene escuchando los requerimientos de los colombianos.<\/p>\n<p><strong>Situaci\u00f3n del pa\u00eds<\/strong><\/p>\n<p>Comenz\u00f3 su recorrido el pasado 17 de octubre en el departamento de Nari\u00f1o en Ipiales y all\u00ed evidenci\u00f3 la situaci\u00f3n de pobreza en la cual se vive en est\u00e1 pr\u00f3spera regi\u00f3n colombiana.<\/p>\n<p>\u201cNari\u00f1o es un departamento que se debate en una trampa de pobreza porque su ingreso es muy inferior a un salario m\u00ednimo por habitante y con unos productores minifundistas de poca capacidad de producci\u00f3n y acumulaci\u00f3n y si eso, usted lo combina con 43 mil hect\u00e1reas de coca, pues se pueden sacar sus propias conclusiones para ese cuadro en ese departamento\u201d dijo.<\/p>\n<p>Aurelio Suarez, llam\u00f3 la atenci\u00f3n sobre como en otros departamentos del pa\u00eds tales como Cauca o Valle del Cauca, aunque hay producci\u00f3n a los empresarios, los viene acabando la recesi\u00f3n y la fluctuaci\u00f3n del precio del d\u00f3lar, dado que encareci\u00f3 las exportaciones y aunque se\u00a0 abarat\u00f3 las importaciones y se dio el tr\u00e1nsito al Etanol, entre otras alternativas, la tasa de ganancia de renta local cay\u00f3.<\/p>\n<p>\u201cRisaralda y Quind\u00edo, ya no son l\u00edderes en producci\u00f3n de caf\u00e9 y si le suma el desempleo y aumento de la informalidad, en Caldas sigue siendo el cuarto departamento en producci\u00f3n de caf\u00e9 y tiene algo de industria con lo cual se ha defendido y si pasa al Tolima, vemos el desastre en el arroz y ma\u00edz\u201d sostuvo.<\/p>\n<p><strong>Caf\u00e9 del Huila<\/strong><\/p>\n<p>Para Suarez, es hora de cambiar el m\u00e9todo de pagar internamente el precio del caf\u00e9 volviendo a costos de producci\u00f3n m\u00e1s una tasa de ganancia porque la volatilidad dependiente de la tasa de cambio o del valor del precio del d\u00f3lar, no hace una caficultura que genere acumulaci\u00f3n y\/o sostenibilidad.<\/p>\n<p>\u201cHoy, hay fondos de capital que compran las cosechas y hasta las cafeter\u00edas y ni siquiera los caf\u00e9s especiales resultan un buen negocio al punto que se diga que puede ser la v\u00eda para resolver los m\u00faltiples problemas que tiene la caficultura\u201d<\/p>\n<p>El dirigente pol\u00edtico insiste que la situaci\u00f3n se resuelve modificando el sistema de precios y el pago del caf\u00e9 en el pa\u00eds.<\/p>\n<p>Frente a los otros sectores agropecuarios Aurelio Suarez, se une a las voces que reclaman una renegociaci\u00f3n de los TLC y para ello indica que nuestro pa\u00eds debe hacerlo para lograr una agricultura pr\u00f3spera porque en estos momentos el sector que m\u00e1s lleva del \u2018bulto\u2019 es el agr\u00edcola.<\/p>\n<p>\u201cSi Trump renegoci\u00f3 el que ten\u00eda Estados Unidos con M\u00e9xico, porque no hacerlo nosotros con los cap\u00edtulos que tenemos y de los cuales depende el sustento de la gente, en especial se pide renegociar el TLC con los Estados Unidos\u201d sostuvo.<\/p>\n<p><strong>Aspiraci\u00f3n pol\u00edtica<\/strong><\/p>\n<p>Aunque el plazo para inscripciones vence el 11 de diciembre del a\u00f1o en curso, Aurelio Suarez sostiene que por ahora lleva las cosas con prudencia y a la espera de saber c\u00f3mo se desarrollan las cosas; mientras, reparte su tiempo con el pr\u00f3ximo lanzamiento de su libro sobre los \u00faltimos 25 a\u00f1os de Bogot\u00e1 el cual tendr\u00e1 un evento especial este 29 de noviembre en el Gimnasio Moderno.<\/p>\n<p>\u201cDespu\u00e9s de que se haga el lanzamiento del libro, tomaremos una decisi\u00f3n al respecto sobre si aspir\u00f3 o no al Senado; pienso ahora \u00a0en dejar un legado de mi vida para que le pueda servir m\u00e1s al pa\u00eds\u201d<\/p>\n<p><strong>Corrupci\u00f3n en Colombia<\/strong><\/p>\n<p>Su\u00e1rez, es preciso al indicar que la corrupci\u00f3n es el resultado de un modelo econ\u00f3mico, pol\u00edtico y social; para sustentar su afirmaci\u00f3n recomienda un libro llamado, \u2018Corrupci\u00f3n, crecimiento econ\u00f3mico y cohesi\u00f3n social\u2019 de los profesores \u00a0Carlos Mulas y Antonio Alonso, en el cual se indica que cuando hay una intersecci\u00f3n entre funcionarios p\u00fablicos, intereses pol\u00edticos y negocios particulares en pa\u00edses como Colombia, son caldo de cultivo para este fen\u00f3meno.<\/p>\n<p>\u201cAc\u00e1 cumplimos con los tres requisitos b\u00e1sicos para que nuestro pa\u00eds, sea corrupto como lo sostienen los autores en su libro\u201d<\/p>\n<p>A\u00f1ade que el sistema pol\u00edtico del pa\u00eds, no solo se puede reformar desde el Congreso sino tambi\u00e9n por fuera de \u00e9l y la oportunidad para hacerlo es en las pr\u00f3ximas elecciones cuando el pueblo vote contra los que no quieren reformarse.<\/p>\n","protected":false},"excerpt":{"rendered":"<p>Redacci\u00f3n Diario del Huila, Neiva, noviembre 20 de 2017 Desde hace un mes Aurelio Suarez Montoya, viene recorriendo el pa\u00eds con el objetivo de conocer de primera mano la realidad que se vive en las regiones en diferentes aspectos; en Colombia, su nombre es conocido porque es una de las panelistas que hasta hace poco [&hellip;]<\/p>\n","protected":false},"author":1,"featured_media":13888,"comment_status":"open","ping_status":"open","sticky":false,"template":"","format":"standard","meta":{"advanced_seo_description":"","jetpack_seo_html_title":"","jetpack_seo_noindex":false,"_jetpack_memberships_contains_paid_content":false,"footnotes":""},"categories":[114,79,102,97,98],"tags":[],"class_list":["post-13887","post","type-post","status-publish","format-standard","has-post-thumbnail","hentry","category-agro","category-aurelio-suarez-montoya","category-economia","category-imperialismo-y-neoliberalismo","category-politica"],"jetpack_featured_media_url":"https:\/\/i0.wp.com\/moir.com.co\/web\/wp-content\/uploads\/2017\/11\/aureliosuarezdiariodelhuila.jpg?fit=600%2C375&ssl=1","jetpack-related-posts":[{"id":15797,"url":"https:\/\/moir.com.co\/web\/video-economia-al-dia-con-yina-ramos-una-vision-de-la-economia-colombiana-2018-con-aurelio-suarez-montoya\/","url_meta":{"origin":13887,"position":0},"title":"Video: Econom\u00eda al D\u00eda con Yina Ramos: Una visi\u00f3n de la econom\u00eda colombiana 2018, con Aurelio Su\u00e1rez Montoya","author":"admin","date":"agosto 30, 2018","format":"video","excerpt":"Bogot\u00e1, agosto 27 de 2018","rel":"","context":"En \u00abAgro\u00bb","block_context":{"text":"Agro","link":"https:\/\/moir.com.co\/web\/category\/temas\/agro\/"},"img":{"alt_text":"","src":"","width":0,"height":0},"classes":[]},{"id":14351,"url":"https:\/\/moir.com.co\/web\/video-alarmante-incremento-de-la-desigualdad-economica-en-el-mundo-aurelio-suarez-montoya\/","url_meta":{"origin":13887,"position":1},"title":"Video: Alarmante incremento de la desigualdad econ\u00f3mica en el mundo, Aurelio Su\u00e1rez Montoya","author":"admin","date":"enero 29, 2018","format":"video","excerpt":"Bogot\u00e1, enero 29 de 2018","rel":"","context":"En \u00abAurelio Su\u00e1rez Montoya\u00bb","block_context":{"text":"Aurelio Su\u00e1rez Montoya","link":"https:\/\/moir.com.co\/web\/category\/bitacoras\/aurelio-suarez-montoya\/"},"img":{"alt_text":"","src":"","width":0,"height":0},"classes":[]},{"id":17295,"url":"https:\/\/moir.com.co\/web\/video-intervencion-de-aurelio-suarez-montoya-en-la-audiencia-el-agro-en-crisis\/","url_meta":{"origin":13887,"position":2},"title":"Video: Intervenci\u00f3n de Aurelio Su\u00e1rez Montoya en la audiencia &#8220;El agro en crisis&#8221;","author":"admin","date":"abril 14, 2019","format":"video","excerpt":"Bogot\u00e1, abril 13 de 2019","rel":"","context":"En \u00abAgro\u00bb","block_context":{"text":"Agro","link":"https:\/\/moir.com.co\/web\/category\/temas\/agro\/"},"img":{"alt_text":"","src":"","width":0,"height":0},"classes":[]},{"id":17331,"url":"https:\/\/moir.com.co\/web\/video-intervencion-de-aurelio-suarez-montoya-en-la-audiencia-publica-s-o-s-por-la-industria-textil-confecciones\/","url_meta":{"origin":13887,"position":3},"title":"Video: Intervenci\u00f3n de Aurelio Su\u00e1rez Montoya en la audiencia p\u00fablica: &#8220;S.O.S por la industria textil confecciones&#8221;","author":"admin","date":"abril 23, 2019","format":"video","excerpt":"Bogot\u00e1, abril 22 de 2019","rel":"","context":"En \u00abAurelio Su\u00e1rez Montoya\u00bb","block_context":{"text":"Aurelio Su\u00e1rez Montoya","link":"https:\/\/moir.com.co\/web\/category\/bitacoras\/aurelio-suarez-montoya\/"},"img":{"alt_text":"","src":"","width":0,"height":0},"classes":[]},{"id":5785,"url":"https:\/\/moir.com.co\/web\/aurelio-suarez-montoya-elegido-candidato-del-polo-a-la-alcaldia-de-bogota\/","url_meta":{"origin":13887,"position":4},"title":"Aurelio Su\u00e1rez Montoya, elegido candidato del Polo a la Alcald\u00eda de Bogot\u00e1","author":"admin","date":"julio 19, 2011","format":false,"excerpt":"Por una amplia mayor\u00eda y luego de una jornada de doce horas en la que los delegados a la Coordinadora Distrital participaron con su respectivo voto, fue escogido el experimentado dirigente pol\u00edtico y analista econ\u00f3mico de amplia trayectoria, Aurelio Su\u00e1rez Montoya, como candidato del Polo Democr\u00e1tico Alternativo (PDA) a la\u2026","rel":"","context":"En \u00abPolo Democr\u00e1tico Alternativo\u00bb","block_context":{"text":"Polo Democr\u00e1tico Alternativo","link":"https:\/\/moir.com.co\/web\/category\/polo-democratico-alternativo\/"},"img":{"alt_text":"","src":"","width":0,"height":0},"classes":[]},{"id":13753,"url":"https:\/\/moir.com.co\/web\/rueda-de-prensa-de-aurelio-suarez-montoya-en-pereira\/","url_meta":{"origin":13887,"position":5},"title":"Rueda de prensa de Aurelio Su\u00e1rez Montoya en Pereira","author":"admin","date":"noviembre 7, 2017","format":"video","excerpt":"Rueda de prensa con uno de los economistas m\u00e1s importantes del pa\u00eds, Aurelio Su\u00e1rez, hablar\u00e1 sobre temas de relevancia para el departamento de Risaralda. Pereira, noviembre 5 de 2017","rel":"","context":"En \u00abAgro\u00bb","block_context":{"text":"Agro","link":"https:\/\/moir.com.co\/web\/category\/temas\/agro\/"},"img":{"alt_text":"","src":"","width":0,"height":0},"classes":[]}],"jetpack_sharing_enabled":true,"_links":{"self":[{"href":"https:\/\/moir.com.co\/web\/wp-json\/wp\/v2\/posts\/13887","targetHints":{"allow":["GET"]}}],"collection":[{"href":"https:\/\/moir.com.co\/web\/wp-json\/wp\/v2\/posts"}],"about":[{"href":"https:\/\/moir.com.co\/web\/wp-json\/wp\/v2\/types\/post"}],"author":[{"embeddable":true,"href":"https:\/\/moir.com.co\/web\/wp-json\/wp\/v2\/users\/1"}],"replies":[{"embeddable":true,"href":"https:\/\/moir.com.co\/web\/wp-json\/wp\/v2\/comments?post=13887"}],"version-history":[{"count":1,"href":"https:\/\/moir.com.co\/web\/wp-json\/wp\/v2\/posts\/13887\/revisions"}],"predecessor-version":[{"id":13889,"href":"https:\/\/moir.com.co\/web\/wp-json\/wp\/v2\/posts\/13887\/revisions\/13889"}],"wp:featuredmedia":[{"embeddable":true,"href":"https:\/\/moir.com.co\/web\/wp-json\/wp\/v2\/media\/13888"}],"wp:attachment":[{"href":"https:\/\/moir.com.co\/web\/wp-json\/wp\/v2\/media?parent=13887"}],"wp:term":[{"taxonomy":"category","embeddable":true,"href":"https:\/\/moir.com.co\/web\/wp-json\/wp\/v2\/categories?post=13887"},{"taxonomy":"post_tag","embeddable":true,"href":"https:\/\/moir.com.co\/web\/wp-json\/wp\/v2\/tags?post=13887"}],"curies":[{"name":"wp","href":"https:\/\/api.w.org\/{rel}","templated":true}]}}