{"id":13881,"date":"2017-11-20T17:53:05","date_gmt":"2017-11-20T17:53:05","guid":{"rendered":"https:\/\/moir.org.co\/web\/?p=13881"},"modified":"2017-11-20T17:53:05","modified_gmt":"2017-11-20T17:53:05","slug":"el-polo-democratico-propone-proyecto-de-acuerdo-para-respaldar-industria-de-bogota","status":"publish","type":"post","link":"https:\/\/moir.com.co\/web\/el-polo-democratico-propone-proyecto-de-acuerdo-para-respaldar-industria-de-bogota\/","title":{"rendered":"El Polo Democr\u00e1tico propone proyecto de acuerdo para respaldar industria de Bogot\u00e1"},"content":{"rendered":"<p><strong>Oficina de prensa del concejal Manuel Sarmiento, Bogot\u00e1, noviembre 20 de 2017<\/strong><\/p>\n<p>El concejal Manuel Sarmiento puso a consideraci\u00f3n del Cabildo Distrital un proyecto de acuerdo de pol\u00edtica de fomento a la industria manufacturera bogotana. \u201cNo ha habido ning\u00fan pa\u00eds desarrollado que se haya forjado sin respaldar con todo el aparato estatal a la producci\u00f3n industrial. La manufactura es un sector indispensable para desarrollar la econom\u00eda de las naciones y generar empleos estables y bien remunerados, por lo que el Distrito, en este caso, debe fomentarla, afirm\u00f3 Sarmiento.<\/p>\n<p>La pol\u00edtica de apertura econ\u00f3mica y Tratados de Libre Comercio aplicada por todos los gobiernos desde hace 30 a\u00f1os ha disparado las importaciones y el contrabando, lo que ha arruinado a las empresas manufactureras y los empleos que generaban. \u201cEn los \u00faltimos cinco a\u00f1os la industria bogotana ha tenido cifras rojas, al punto que la producci\u00f3n de 2016 fue inferior a la de 2006. \u00a1Una d\u00e9cada perdida en materia industrial!\u201d, relat\u00f3 el cabildante. \u201cLa idea del proyecto es que en el Distrito se cree un fondo p\u00fablico desde la Secretar\u00eda de Desarrollo Econ\u00f3mico para que, por medio de subsidios, cr\u00e9ditos blandos, compras p\u00fablicas, entre otras herramientas, se respalde la producci\u00f3n en sectores industriales estrat\u00e9gicos\u201d.<\/p>\n<p>\u201cNo es serio que la pol\u00edtica de desarrollo de Pe\u00f1alosa est\u00e9 centrada \u00fanicamente en el turismo. Es verdaderamente inaudito que, ante la crisis actual de la industria, Pe\u00f1alosa en su Plan de Desarrollo (de 640 p\u00e1ginas) no haya hecho ni una sola menci\u00f3n a este importante sector. Por tanto, este proyecto de acuerdo del Polo Democr\u00e1tico Alternativo busca enfrentar la crisis industrial actual, generar una senda de reindustrializaci\u00f3n y hacer frente a la pol\u00edtica neoliberal aplicada por Santos en lo nacional y por Pe\u00f1alosa en lo distrital\u201d, concluy\u00f3 Sarmiento.<\/p>\n","protected":false},"excerpt":{"rendered":"<p>Oficina de prensa del concejal Manuel Sarmiento, Bogot\u00e1, noviembre 20 de 2017 El concejal Manuel Sarmiento puso a consideraci\u00f3n del Cabildo Distrital un proyecto de acuerdo de pol\u00edtica de fomento a la industria manufacturera bogotana. \u201cNo ha habido ning\u00fan pa\u00eds desarrollado que se haya forjado sin respaldar con todo el aparato estatal a la producci\u00f3n [&hellip;]<\/p>\n","protected":false},"author":1,"featured_media":13882,"comment_status":"open","ping_status":"open","sticky":false,"template":"","format":"standard","meta":{"advanced_seo_description":"","jetpack_seo_html_title":"","jetpack_seo_noindex":false,"_jetpack_memberships_contains_paid_content":false,"footnotes":""},"categories":[102,97,100,98],"tags":[],"class_list":["post-13881","post","type-post","status-publish","format-standard","has-post-thumbnail","hentry","category-economia","category-imperialismo-y-neoliberalismo","category-manuel-sarmiento","category-politica"],"jetpack_featured_media_url":"https:\/\/i0.wp.com\/moir.com.co\/web\/wp-content\/uploads\/2017\/11\/industrianacionaldefensa.jpg?fit=823%2C768&ssl=1","jetpack-related-posts":[{"id":12184,"url":"https:\/\/moir.com.co\/web\/penalosa-y-santos-desprecian-la-industria-bogotana-de-las-confecciones-y-el-calzado-concejal-manuel-sarmiento\/","url_meta":{"origin":13881,"position":0},"title":"Pe\u00f1alosa y Santos desprecian la industria bogotana de las confecciones y el calzado: concejal Manuel Sarmiento","author":"admin","date":"abril 27, 2017","format":false,"excerpt":"Oficina de prensa del concejal Manuel Sarmiento, Bogot\u00e1, abril 26 de 2017 A petici\u00f3n del concejal del Polo Democr\u00e1tico Alternativo Manuel Sarmiento, el d\u00eda jueves 27 de abril se debatir\u00e1 en el Concejo de Bogot\u00e1 la cr\u00edtica situaci\u00f3n del calzado y las confecciones bogotanas, causada por la profundizaci\u00f3n de la\u2026","rel":"","context":"En \u00abBogot\u00e1\u00bb","block_context":{"text":"Bogot\u00e1","link":"https:\/\/moir.com.co\/web\/category\/temas\/bogota\/"},"img":{"alt_text":"","src":"https:\/\/i0.wp.com\/moir.com.co\/web\/wp-content\/uploads\/2017\/04\/inndustriaquebrada.jpg?fit=763%2C341&ssl=1&resize=350%2C200","width":350,"height":200,"srcset":"https:\/\/i0.wp.com\/moir.com.co\/web\/wp-content\/uploads\/2017\/04\/inndustriaquebrada.jpg?fit=763%2C341&ssl=1&resize=350%2C200 1x, https:\/\/i0.wp.com\/moir.com.co\/web\/wp-content\/uploads\/2017\/04\/inndustriaquebrada.jpg?fit=763%2C341&ssl=1&resize=525%2C300 1.5x, https:\/\/i0.wp.com\/moir.com.co\/web\/wp-content\/uploads\/2017\/04\/inndustriaquebrada.jpg?fit=763%2C341&ssl=1&resize=700%2C400 2x"},"classes":[]},{"id":17472,"url":"https:\/\/moir.com.co\/web\/video-pot-de-penalosa-tambien-arremete-contra-la-industria-bogotana-concejal-manuel-sarmiento\/","url_meta":{"origin":13881,"position":1},"title":"Video: POT de Pe\u00f1alosa tambi\u00e9n arremete contra la industria bogotana: concejal Manuel Sarmiento","author":"admin","date":"mayo 14, 2019","format":"video","excerpt":"Bogot\u00e1, mayo 13 de 2019","rel":"","context":"En \u00abBogot\u00e1\u00bb","block_context":{"text":"Bogot\u00e1","link":"https:\/\/moir.com.co\/web\/category\/temas\/bogota\/"},"img":{"alt_text":"","src":"","width":0,"height":0},"classes":[]},{"id":17963,"url":"https:\/\/moir.com.co\/web\/video-en-los-zapatos-de-los-empresarios-bogotanos-concejal-manuel-sarmiento\/","url_meta":{"origin":13881,"position":2},"title":"Video: En los zapatos de los empresarios bogotanos, concejal Manuel Sarmiento","author":"admin","date":"agosto 26, 2019","format":"video","excerpt":"Bogot\u00e1, agosto 22 de 2019","rel":"","context":"En \u00abBogot\u00e1\u00bb","block_context":{"text":"Bogot\u00e1","link":"https:\/\/moir.com.co\/web\/category\/temas\/bogota\/"},"img":{"alt_text":"","src":"","width":0,"height":0},"classes":[]},{"id":17561,"url":"https:\/\/moir.com.co\/web\/video-el-tlc-con-estados-unidos-es-para-importar-y-quebrar-a-nuestros-productores-concejal-manuel-sarmiento\/","url_meta":{"origin":13881,"position":3},"title":"Video: El TLC con Estados Unidos es para importar y quebrar a nuestros productores, concejal Manuel Sarmiento","author":"admin","date":"mayo 30, 2019","format":"video","excerpt":"Bogot\u00e1, mayo 29 de 2019","rel":"","context":"En \u00abBogot\u00e1\u00bb","block_context":{"text":"Bogot\u00e1","link":"https:\/\/moir.com.co\/web\/category\/temas\/bogota\/"},"img":{"alt_text":"","src":"","width":0,"height":0},"classes":[]},{"id":18260,"url":"https:\/\/moir.com.co\/web\/video-conozcan-las-razones-del-paro-del-21-de-noviembre-concejal-manuel-sarmiento\/","url_meta":{"origin":13881,"position":4},"title":"Video: Conozcan las razones del paro del 21 de noviembre, concejal Manuel Sarmiento","author":"admin","date":"noviembre 14, 2019","format":"video","excerpt":"Bogot\u00e1, noviembre 14 de 2019","rel":"","context":"En \u00abBogot\u00e1\u00bb","block_context":{"text":"Bogot\u00e1","link":"https:\/\/moir.com.co\/web\/category\/temas\/bogota\/"},"img":{"alt_text":"","src":"","width":0,"height":0},"classes":[]},{"id":18017,"url":"https:\/\/moir.com.co\/web\/video-debate-sobre-proyecto-de-colegios-en-concesion-intervencion-del-concejal-manuel-sarmiento\/","url_meta":{"origin":13881,"position":5},"title":"Video: Debate sobre proyecto de colegios en concesi\u00f3n, intervenci\u00f3n del concejal Manuel Sarmiento","author":"admin","date":"septiembre 5, 2019","format":"video","excerpt":"Bogot\u00e1, septiembre 3 de 2019","rel":"","context":"En \u00abBogot\u00e1\u00bb","block_context":{"text":"Bogot\u00e1","link":"https:\/\/moir.com.co\/web\/category\/temas\/bogota\/"},"img":{"alt_text":"","src":"","width":0,"height":0},"classes":[]}],"jetpack_sharing_enabled":true,"_links":{"self":[{"href":"https:\/\/moir.com.co\/web\/wp-json\/wp\/v2\/posts\/13881","targetHints":{"allow":["GET"]}}],"collection":[{"href":"https:\/\/moir.com.co\/web\/wp-json\/wp\/v2\/posts"}],"about":[{"href":"https:\/\/moir.com.co\/web\/wp-json\/wp\/v2\/types\/post"}],"author":[{"embeddable":true,"href":"https:\/\/moir.com.co\/web\/wp-json\/wp\/v2\/users\/1"}],"replies":[{"embeddable":true,"href":"https:\/\/moir.com.co\/web\/wp-json\/wp\/v2\/comments?post=13881"}],"version-history":[{"count":1,"href":"https:\/\/moir.com.co\/web\/wp-json\/wp\/v2\/posts\/13881\/revisions"}],"predecessor-version":[{"id":13883,"href":"https:\/\/moir.com.co\/web\/wp-json\/wp\/v2\/posts\/13881\/revisions\/13883"}],"wp:featuredmedia":[{"embeddable":true,"href":"https:\/\/moir.com.co\/web\/wp-json\/wp\/v2\/media\/13882"}],"wp:attachment":[{"href":"https:\/\/moir.com.co\/web\/wp-json\/wp\/v2\/media?parent=13881"}],"wp:term":[{"taxonomy":"category","embeddable":true,"href":"https:\/\/moir.com.co\/web\/wp-json\/wp\/v2\/categories?post=13881"},{"taxonomy":"post_tag","embeddable":true,"href":"https:\/\/moir.com.co\/web\/wp-json\/wp\/v2\/tags?post=13881"}],"curies":[{"name":"wp","href":"https:\/\/api.w.org\/{rel}","templated":true}]}}