{"id":13873,"date":"2017-11-20T17:14:14","date_gmt":"2017-11-20T17:14:14","guid":{"rendered":"https:\/\/moir.org.co\/web\/?p=13873"},"modified":"2017-11-20T17:14:14","modified_gmt":"2017-11-20T17:14:14","slug":"las-dos-cartas-de-santos","status":"publish","type":"post","link":"https:\/\/moir.com.co\/web\/las-dos-cartas-de-santos\/","title":{"rendered":"Las dos cartas de Santos"},"content":{"rendered":"<p><strong>Libardo G\u00f3mez S\u00e1nchez, Neiva, noviembre 20 de 2017<\/strong><\/p>\n<p>Dada la incertidumbre que ronda respecto a la participaci\u00f3n de la ciudadan\u00eda en los pr\u00f3ximos comicios, hastiada de noticias sobre corrupci\u00f3n y la insufrible quiebra de la econom\u00eda, la dirigencia pol\u00edtica tradicional, viene apelando a diversas estrategias para mantenerse en el control del aparato burocr\u00e1tico del Estado, la mas trillada en los \u00faltimos a\u00f1os, ha sido la promocionada controversia entre la Unidad Nacional y el Centro Democr\u00e1tico alrededor del proceso de Paz, que les ha servido para posar como diferentes, a pesar de que en todos los temas cardinales de la vida nacional, \u00a0que tienen que ver con la Salud, la educaci\u00f3n y el trabajo est\u00e1n perfectamente alineados.<\/p>\n<p>En gira que realiz\u00e1ramos este fin de semana con el Dr. Aurelio Suarez, candidato al senado de la republica por el Polo Democr\u00e1tico, la malicia ind\u00edgena propia de nuestras gentes del campo sali\u00f3 a relucir, a prop\u00f3sito de la consulta liberal del domingo y que tenia cantada la proclamaci\u00f3n de Humberto de la Calle; un cafetero de pura cepa en el municipio del Pital, nos afirm\u00f3 que el enga\u00f1o fraguado por Santos consist\u00eda en jugar a dos bandas; por una parte su candidato Germ\u00e1n Vargas Lleras se presenta como corrido a la derecha para morderle electorado al acuerdo del Centro Democr\u00e1tico con un ala del Partido Conservador y por el otro el candidato liberal rodeado de Clara L\u00f3pez, Petro y la Marcha Patri\u00f3tica para darle un tinte izquierdoso, con el prop\u00f3sito de sustraer electorado a la Coalici\u00f3n por Colombia conformada por Fajardo, Claudia L\u00f3pez y Robledo, es decir, pretende llegar a segunda vuelta con dos caballos manejados por el mismo due\u00f1o .<\/p>\n<p>Dadas las ma\u00f1as y la habilidad de las familias que han manejado al pa\u00eds en los \u00faltimos cien a\u00f1os, no parece descabellada la c\u00e1bala del productor, porque revisados los bocetos de programa expuestos por estos candidatos del establecimiento, anuncian la profundizaci\u00f3n de las mismas pol\u00edticas que han gobernado en las \u00faltimas d\u00e9cadas y que nos tienen en una crisis sin precedentes; la capacidad de mimetizarse como el camale\u00f3n podr\u00eda en esta ocasi\u00f3n, darle con un portazo en la nariz, a quien a pesar del protuberante esp\u00edritu que reina respecto a la protecci\u00f3n del medio ambiente y los recursos como el agua, se atreve a desafiar al pa\u00eds negociando a sus espaldas, santuarios como el p\u00e1ramo de Santurb\u00e1n, con los magnates del petr\u00f3leo de los Emiratos \u00c1rabes un negocio en que nos imaginamos como va \u00e9l y los suyos.<\/p>\n","protected":false},"excerpt":{"rendered":"<p>Libardo G\u00f3mez S\u00e1nchez, Neiva, noviembre 20 de 2017 Dada la incertidumbre que ronda respecto a la participaci\u00f3n de la ciudadan\u00eda en los pr\u00f3ximos comicios, hastiada de noticias sobre corrupci\u00f3n y la insufrible quiebra de la econom\u00eda, la dirigencia pol\u00edtica tradicional, viene apelando a diversas estrategias para mantenerse en el control del aparato burocr\u00e1tico del Estado, [&hellip;]<\/p>\n","protected":false},"author":1,"featured_media":13874,"comment_status":"open","ping_status":"open","sticky":false,"template":"","format":"standard","meta":{"advanced_seo_description":"","jetpack_seo_html_title":"","jetpack_seo_noindex":false,"_jetpack_memberships_contains_paid_content":false,"footnotes":""},"categories":[114,102,97,107,98],"tags":[],"class_list":["post-13873","post","type-post","status-publish","format-standard","has-post-thumbnail","hentry","category-agro","category-economia","category-imperialismo-y-neoliberalismo","category-mineria-y-petroleo","category-politica"],"jetpack_featured_media_url":"https:\/\/i0.wp.com\/moir.com.co\/web\/wp-content\/uploads\/2017\/11\/santurbanmatador.jpg?fit=1200%2C1060&ssl=1","jetpack-related-posts":[{"id":11584,"url":"https:\/\/moir.com.co\/web\/jorge-robledo-en-la-w-sobre-la-politica-nacional-y-su-vida\/","url_meta":{"origin":13873,"position":0},"title":"Jorge Robledo en la W: Sobre la pol\u00edtica nacional y su vida","author":"admin","date":"enero 27, 2017","format":"video","excerpt":"","rel":"","context":"En \u00abEconom\u00eda\u00bb","block_context":{"text":"Econom\u00eda","link":"https:\/\/moir.com.co\/web\/category\/temas\/economia\/"},"img":{"alt_text":"","src":"","width":0,"height":0},"classes":[]},{"id":13165,"url":"https:\/\/moir.com.co\/web\/documento-declaracion-politica-lix-junta-nacional-cut\/","url_meta":{"origin":13873,"position":1},"title":"Documento: Declaraci\u00f3n Pol\u00edtica LIX Junta Nacional CUT","author":"admin","date":"agosto 22, 2017","format":false,"excerpt":"Bogot\u00e1, agosto 17 y 18 de 2017 \u00a0","rel":"","context":"En \u00abAgro\u00bb","block_context":{"text":"Agro","link":"https:\/\/moir.com.co\/web\/category\/temas\/agro\/"},"img":{"alt_text":"","src":"https:\/\/i0.wp.com\/moir.com.co\/web\/wp-content\/uploads\/2017\/04\/cut.jpg?fit=341%2C200&ssl=1&resize=350%2C200","width":350,"height":200},"classes":[]},{"id":2912,"url":"https:\/\/moir.com.co\/web\/vi-la-economia-de-nueva-democracia\/","url_meta":{"origin":13873,"position":2},"title":"VI. LA ECONOMIA DE NUEVA DEMOCRACIA","author":"admin","date":"abril 1, 2009","format":false,"excerpt":"La rep\u00fablica de este tipo que se establezca en China debe ser de nueva democracia no s\u00f3lo en su pol\u00edtica, sino tambi\u00e9n en su econom\u00eda. Los grandes bancos y las grandes empresas industriales y comerciales deben ser propiedad estatal en esta rep\u00fablica. \"Todas las empresas, pertenecientes a chinos o extranjeros,\u2026","rel":"","context":"Entrada similar","block_context":{"text":"Entrada similar","link":""},"img":{"alt_text":"","src":"","width":0,"height":0},"classes":[]},{"id":17689,"url":"https:\/\/moir.com.co\/web\/video-completo-debate-de-control-politico-salvemos-el-empleo-y-la-industria-nacionales\/","url_meta":{"origin":13873,"position":3},"title":"Video completo: Debate de control pol\u00edtico: \u00a1Salvemos el empleo y la industria nacionales!","author":"admin","date":"junio 21, 2019","format":"video","excerpt":"Bogot\u00e1, junio 19 de 2019","rel":"","context":"En \u00abEconom\u00eda\u00bb","block_context":{"text":"Econom\u00eda","link":"https:\/\/moir.com.co\/web\/category\/temas\/economia\/"},"img":{"alt_text":"","src":"","width":0,"height":0},"classes":[]},{"id":12755,"url":"https:\/\/moir.com.co\/web\/el-santismo-y-el-uribismo-son-el-nuevo-frente-nacional-robledo\/","url_meta":{"origin":13873,"position":4},"title":"\u201cEl Santismo y el uribismo son el nuevo Frente Nacional\u201d, Robledo","author":"admin","date":"junio 23, 2017","format":false,"excerpt":"Entrevista de La Rep\u00fablica, Bogot\u00e1, junio 21 de 2017 A pesar de que ha estado m\u00e1s de 15 a\u00f1os en el Congreso, Jorge Enrique Robledo, precandidato a la Presidencia del Polo Democr\u00e1tico, se muestra como un pol\u00edtico \u2018outsider\u2019, que en compa\u00f1\u00eda de los precandidatos del Partido Verde y de Sergio\u2026","rel":"","context":"En \u00abAgro\u00bb","block_context":{"text":"Agro","link":"https:\/\/moir.com.co\/web\/category\/temas\/agro\/"},"img":{"alt_text":"","src":"https:\/\/i0.wp.com\/moir.com.co\/web\/wp-content\/uploads\/2017\/05\/robledocartaapen%CC%83alosa.png?fit=578%2C325&ssl=1&resize=350%2C200","width":350,"height":200,"srcset":"https:\/\/i0.wp.com\/moir.com.co\/web\/wp-content\/uploads\/2017\/05\/robledocartaapen%CC%83alosa.png?fit=578%2C325&ssl=1&resize=350%2C200 1x, https:\/\/i0.wp.com\/moir.com.co\/web\/wp-content\/uploads\/2017\/05\/robledocartaapen%CC%83alosa.png?fit=578%2C325&ssl=1&resize=525%2C300 1.5x"},"classes":[]},{"id":17685,"url":"https:\/\/moir.com.co\/web\/video-debate-de-control-politico-salvemos-el-trabajo-y-la-produccion-nacionales-intervencion-del-representante-jorge-gomez\/","url_meta":{"origin":13873,"position":5},"title":"Video: debate de control pol\u00edtico: Salvemos el trabajo y la producci\u00f3n nacionales: intervenci\u00f3n del Representante Jorge G\u00f3mez","author":"admin","date":"junio 21, 2019","format":"video","excerpt":"Bogot\u00e1, junio 19 de 2019","rel":"","context":"En \u00abEconom\u00eda\u00bb","block_context":{"text":"Econom\u00eda","link":"https:\/\/moir.com.co\/web\/category\/temas\/economia\/"},"img":{"alt_text":"","src":"","width":0,"height":0},"classes":[]}],"jetpack_sharing_enabled":true,"_links":{"self":[{"href":"https:\/\/moir.com.co\/web\/wp-json\/wp\/v2\/posts\/13873","targetHints":{"allow":["GET"]}}],"collection":[{"href":"https:\/\/moir.com.co\/web\/wp-json\/wp\/v2\/posts"}],"about":[{"href":"https:\/\/moir.com.co\/web\/wp-json\/wp\/v2\/types\/post"}],"author":[{"embeddable":true,"href":"https:\/\/moir.com.co\/web\/wp-json\/wp\/v2\/users\/1"}],"replies":[{"embeddable":true,"href":"https:\/\/moir.com.co\/web\/wp-json\/wp\/v2\/comments?post=13873"}],"version-history":[{"count":1,"href":"https:\/\/moir.com.co\/web\/wp-json\/wp\/v2\/posts\/13873\/revisions"}],"predecessor-version":[{"id":13875,"href":"https:\/\/moir.com.co\/web\/wp-json\/wp\/v2\/posts\/13873\/revisions\/13875"}],"wp:featuredmedia":[{"embeddable":true,"href":"https:\/\/moir.com.co\/web\/wp-json\/wp\/v2\/media\/13874"}],"wp:attachment":[{"href":"https:\/\/moir.com.co\/web\/wp-json\/wp\/v2\/media?parent=13873"}],"wp:term":[{"taxonomy":"category","embeddable":true,"href":"https:\/\/moir.com.co\/web\/wp-json\/wp\/v2\/categories?post=13873"},{"taxonomy":"post_tag","embeddable":true,"href":"https:\/\/moir.com.co\/web\/wp-json\/wp\/v2\/tags?post=13873"}],"curies":[{"name":"wp","href":"https:\/\/api.w.org\/{rel}","templated":true}]}}