{"id":13865,"date":"2017-11-18T21:52:23","date_gmt":"2017-11-18T21:52:23","guid":{"rendered":"https:\/\/moir.org.co\/web\/?p=13865"},"modified":"2017-11-18T21:52:23","modified_gmt":"2017-11-18T21:52:23","slug":"la-cuenta-del-desfalco-de-electricaribe-sigue-subiendo-robledo","status":"publish","type":"post","link":"https:\/\/moir.com.co\/web\/la-cuenta-del-desfalco-de-electricaribe-sigue-subiendo-robledo\/","title":{"rendered":"La cuenta del desfalco de Electricaribe sigue subiendo: Robledo"},"content":{"rendered":"<p><strong>Oficina de prensa del senador y candidato presidencial del Polo Jorge Enrique Robledo, Bogot\u00e1, noviembre 18 de 2017<\/strong><\/p>\n<p><em>Contralor\u00eda descubre otros $200.000 millones que les tumb\u00f3 la multinacional espa\u00f1ola a sus usuarios.<\/em><\/p>\n<p>\u201cLos abusos de Electricaribe en contra de los coste\u00f1os no ten\u00edan l\u00edmites\u201d, se\u00f1al\u00f3 el candidato presidencial y senador Jorge Enrique Robledo. En julio se conoci\u00f3 que esta compa\u00f1\u00eda espa\u00f1ola se quedaba con el 99 por ciento de los subsidios que le transfer\u00eda el gobierno nacional. Y la Contralor\u00eda acaba de develar c\u00f3mo, \u00a1durante siete a\u00f1os!, a los hogares m\u00e1s pobres les quit\u00f3 4.000 millones de pesos mensuales, 200.000 millones de pesos en total (<a href=\"http:\/\/bit.ly\/2zRo6oe\">http:\/\/bit.ly\/2zRo6oe<\/a>).<\/p>\n<p>\u201c\u00bfD\u00f3nde estaba el control y la vigilancia del gobierno nacional?, \u00bfnunca se dieron cuenta de este multimillonario desfalco?, \u00bflos funcionarios lo ignoraban o se hicieron los bobos o recibieron sobornos?,\u201d se pregunt\u00f3 Robledo. Lo que se est\u00e1 abusando en el pa\u00eds con las tarifas de los servicios p\u00fablicos es inaceptable e injustificable.<\/p>\n<p>Robledo concluy\u00f3: \u201cEste tipo de comportamientos no pueden repetirse. Es por eso que le propongo al pa\u00eds conformar una comisi\u00f3n independiente, con acad\u00e9micos de altas calidades, para hacer una auditor\u00eda a todos los cobros que hacen las empresas de energ\u00eda el\u00e9ctrica. Las tarifas de este servicio p\u00fablico y las f\u00f3rmulas con las que se calculan no pueden continuar siendo el desplumadero de los colombianos. Los usuarios deben pagar lo justo, ni un centavo m\u00e1s.\u201d<\/p>\n","protected":false},"excerpt":{"rendered":"<p>Oficina de prensa del senador y candidato presidencial del Polo Jorge Enrique Robledo, Bogot\u00e1, noviembre 18 de 2017 Contralor\u00eda descubre otros $200.000 millones que les tumb\u00f3 la multinacional espa\u00f1ola a sus usuarios. \u201cLos abusos de Electricaribe en contra de los coste\u00f1os no ten\u00edan l\u00edmites\u201d, se\u00f1al\u00f3 el candidato presidencial y senador Jorge Enrique Robledo. En julio [&hellip;]<\/p>\n","protected":false},"author":1,"featured_media":13866,"comment_status":"open","ping_status":"open","sticky":false,"template":"","format":"standard","meta":{"advanced_seo_description":"","jetpack_seo_html_title":"","jetpack_seo_noindex":false,"_jetpack_memberships_contains_paid_content":false,"footnotes":""},"categories":[102,97,4,98,108],"tags":[],"class_list":["post-13865","post","type-post","status-publish","format-standard","has-post-thumbnail","hentry","category-economia","category-imperialismo-y-neoliberalismo","category-jorge-enrique-robledo","category-politica","category-servicios-publicos-articulos-de-actualidad"],"jetpack_featured_media_url":"https:\/\/i0.wp.com\/moir.com.co\/web\/wp-content\/uploads\/2017\/11\/electricaribenomas.png?fit=729%2C427&ssl=1","jetpack-related-posts":[{"id":14425,"url":"https:\/\/moir.com.co\/web\/se-viene-otro-desfalco-en-electricaribe-robledo\/","url_meta":{"origin":13865,"position":0},"title":"\u00bfSe viene otro desfalco en Electricaribe? Robledo","author":"admin","date":"febrero 7, 2018","format":false,"excerpt":"Oficina de prensa del senador Jorge Enrique Robledo, Bogot\u00e1, febrero 7 de 2018 Otros 455.000 millones de pesos en riesgo; 10 millones de coste\u00f1os afectados por las p\u00e9simas decisiones del gobierno y los abusos de la multinacional \u201cSigue la alcahueter\u00eda del gobierno con los se\u00f1ores de Electricaribe,\u201d se\u00f1al\u00f3 el senador\u2026","rel":"","context":"En \u00abEconom\u00eda\u00bb","block_context":{"text":"Econom\u00eda","link":"https:\/\/moir.com.co\/web\/category\/temas\/economia\/"},"img":{"alt_text":"","src":"https:\/\/i0.wp.com\/moir.com.co\/web\/wp-content\/uploads\/2018\/02\/electricaribe2018.jpg?fit=768%2C511&ssl=1&resize=350%2C200","width":350,"height":200,"srcset":"https:\/\/i0.wp.com\/moir.com.co\/web\/wp-content\/uploads\/2018\/02\/electricaribe2018.jpg?fit=768%2C511&ssl=1&resize=350%2C200 1x, https:\/\/i0.wp.com\/moir.com.co\/web\/wp-content\/uploads\/2018\/02\/electricaribe2018.jpg?fit=768%2C511&ssl=1&resize=525%2C300 1.5x, https:\/\/i0.wp.com\/moir.com.co\/web\/wp-content\/uploads\/2018\/02\/electricaribe2018.jpg?fit=768%2C511&ssl=1&resize=700%2C400 2x"},"classes":[]},{"id":10941,"url":"https:\/\/moir.com.co\/web\/lo-de-electricaribe-es-un-autentico-desastre-robledo\/","url_meta":{"origin":13865,"position":1},"title":"Lo de Electricaribe es un aut\u00e9ntico desastre: Robledo","author":"admin","date":"noviembre 9, 2016","format":false,"excerpt":"Oficina de prensa del senador Jorge Enrique Robledo, Bogot\u00e1, noviembre 9 de 2016 $4.5 billones en subsidios del Estado sin que se d\u00e9 ninguna participaci\u00f3n accionaria; la multinacional espa\u00f1ola incumple todas sus obligaciones legales; Electricarbe recuerda los atropeyos de la Colonia espa\u00f1ola. \u201cLlev\u00f3 a\u00f1os denunciando el desastre de Electricaribe sin\u2026","rel":"","context":"En \u00abEconom\u00eda\u00bb","block_context":{"text":"Econom\u00eda","link":"https:\/\/moir.com.co\/web\/category\/temas\/economia\/"},"img":{"alt_text":"","src":"https:\/\/i0.wp.com\/moir.com.co\/web\/wp-content\/uploads\/2016\/11\/electricaribenomas.png?fit=729%2C427&ssl=1&resize=350%2C200","width":350,"height":200,"srcset":"https:\/\/i0.wp.com\/moir.com.co\/web\/wp-content\/uploads\/2016\/11\/electricaribenomas.png?fit=729%2C427&ssl=1&resize=350%2C200 1x, https:\/\/i0.wp.com\/moir.com.co\/web\/wp-content\/uploads\/2016\/11\/electricaribenomas.png?fit=729%2C427&ssl=1&resize=525%2C300 1.5x, https:\/\/i0.wp.com\/moir.com.co\/web\/wp-content\/uploads\/2016\/11\/electricaribenomas.png?fit=729%2C427&ssl=1&resize=700%2C400 2x"},"classes":[]},{"id":14618,"url":"https:\/\/moir.com.co\/web\/robledo-lleva-anos-respaldando-a-usuarios-de-electricaribe\/","url_meta":{"origin":13865,"position":2},"title":"Robledo lleva a\u00f1os respaldando a usuarios de Electricaribe","author":"admin","date":"marzo 2, 2018","format":false,"excerpt":"Norman Alarc\u00f3n Rodas, Barranquilla, marzo 1 de 2018 Uno de los temas fundamentales que afectan a toda la Costa Atl\u00e1ntica es el del servicio el\u00e9ctrico, porque est\u00e1 relacionado directamente con la calidad de vida de la poblaci\u00f3n y con la capacidad del sector productivo. Se cumplen veinte a\u00f1os de la\u2026","rel":"","context":"En \u00abEconom\u00eda\u00bb","block_context":{"text":"Econom\u00eda","link":"https:\/\/moir.com.co\/web\/category\/temas\/economia\/"},"img":{"alt_text":"","src":"https:\/\/i0.wp.com\/moir.com.co\/web\/wp-content\/uploads\/2018\/02\/robledoafichecampan%CC%83a2018.jpg?fit=397%2C442&ssl=1&resize=350%2C200","width":350,"height":200},"classes":[]},{"id":10927,"url":"https:\/\/moir.com.co\/web\/gobierno-debe-intervenir-a-electricaribe-para-evitar-apagon-robledo\/","url_meta":{"origin":13865,"position":3},"title":"Gobierno debe intervenir a Electricaribe para evitar apag\u00f3n: Robledo","author":"admin","date":"noviembre 8, 2016","format":"audio","excerpt":"El senador y precandidato presidencial Jorge Enrique Robledo se\u00f1ala que es inadmisible que se presente un apag\u00f3n en la costa caribe, la afirmaci\u00f3n la hace en una carta que le env\u00eda al presidente Santos sobre la grave situaci\u00f3n de Electricaribe. Para Robledo el gobierno de Santos debe intervenir a Electricaribe\u2026","rel":"","context":"En \u00abEconom\u00eda\u00bb","block_context":{"text":"Econom\u00eda","link":"https:\/\/moir.com.co\/web\/category\/temas\/economia\/"},"img":{"alt_text":"","src":"https:\/\/i0.wp.com\/moir.com.co\/web\/wp-content\/uploads\/2016\/10\/robledocandidato2018_2.jpg?fit=800%2C420&ssl=1&resize=350%2C200","width":350,"height":200,"srcset":"https:\/\/i0.wp.com\/moir.com.co\/web\/wp-content\/uploads\/2016\/10\/robledocandidato2018_2.jpg?fit=800%2C420&ssl=1&resize=350%2C200 1x, https:\/\/i0.wp.com\/moir.com.co\/web\/wp-content\/uploads\/2016\/10\/robledocandidato2018_2.jpg?fit=800%2C420&ssl=1&resize=525%2C300 1.5x, https:\/\/i0.wp.com\/moir.com.co\/web\/wp-content\/uploads\/2016\/10\/robledocandidato2018_2.jpg?fit=800%2C420&ssl=1&resize=700%2C400 2x"},"classes":[]},{"id":19326,"url":"https:\/\/moir.com.co\/web\/duque-propicia-atraco-a-los-costenos\/","url_meta":{"origin":13865,"position":4},"title":"Duque propicia atraco a los \u201ccoste\u00f1os\u201d","author":"admin","date":"octubre 13, 2021","format":false,"excerpt":"Jos\u00e9 Arlex Arias, Cartagena, octubre 11 de 2021 El 28 del pasado mes de septiembre, en el\u00a0 debate en la Comisi\u00f3n Quinta del Senado, el candidato presidencial del partido DIGNIDAD, Jorge Robledo, se\u00f1al\u00f3 que lo que ocurri\u00f3 con la venta de Electricaribe \u201ces el peor caso de corrupci\u00f3n, por encima\u2026","rel":"","context":"En \u00abCorrupci\u00f3n\u00bb","block_context":{"text":"Corrupci\u00f3n","link":"https:\/\/moir.com.co\/web\/category\/temas\/corrupcion\/"},"img":{"alt_text":"","src":"https:\/\/i0.wp.com\/moir.com.co\/web\/wp-content\/uploads\/2021\/10\/Air-eyAfinia.jpg?fit=680%2C408&ssl=1&resize=350%2C200","width":350,"height":200,"srcset":"https:\/\/i0.wp.com\/moir.com.co\/web\/wp-content\/uploads\/2021\/10\/Air-eyAfinia.jpg?fit=680%2C408&ssl=1&resize=350%2C200 1x, https:\/\/i0.wp.com\/moir.com.co\/web\/wp-content\/uploads\/2021\/10\/Air-eyAfinia.jpg?fit=680%2C408&ssl=1&resize=525%2C300 1.5x"},"classes":[]},{"id":14543,"url":"https:\/\/moir.com.co\/web\/que-conchudez-ahora-le-salimos-a-deber-a-la-multinacional-espanola-telefonica-robledo\/","url_meta":{"origin":13865,"position":5},"title":"\u00a1Qu\u00e9 conchudez\u00a1 Ahora le salimos a deber a la multinacional espa\u00f1ola Telef\u00f3nica: Robledo","author":"admin","date":"febrero 22, 2018","format":false,"excerpt":"Oficina de prensa del senador Jorge Enrique Robledo, Bogot\u00e1, febrero 22 de 2018 Tras de cotudos, abotonados; les regalamos a Telecom y despu\u00e9s el gobierno les dio 4,7 billones de pesos; la multinacional lleg\u00f3 y la empresa desmejor\u00f3. \u00a0 Tras de cotudos, abotonados \u201cLo que est\u00e1 pasando en el caso\u2026","rel":"","context":"En \u00abEconom\u00eda\u00bb","block_context":{"text":"Econom\u00eda","link":"https:\/\/moir.com.co\/web\/category\/temas\/economia\/"},"img":{"alt_text":"","src":"https:\/\/i0.wp.com\/moir.com.co\/web\/wp-content\/uploads\/2018\/02\/MOVISTAR.jpg?fit=768%2C587&ssl=1&resize=350%2C200","width":350,"height":200,"srcset":"https:\/\/i0.wp.com\/moir.com.co\/web\/wp-content\/uploads\/2018\/02\/MOVISTAR.jpg?fit=768%2C587&ssl=1&resize=350%2C200 1x, https:\/\/i0.wp.com\/moir.com.co\/web\/wp-content\/uploads\/2018\/02\/MOVISTAR.jpg?fit=768%2C587&ssl=1&resize=525%2C300 1.5x, https:\/\/i0.wp.com\/moir.com.co\/web\/wp-content\/uploads\/2018\/02\/MOVISTAR.jpg?fit=768%2C587&ssl=1&resize=700%2C400 2x"},"classes":[]}],"jetpack_sharing_enabled":true,"_links":{"self":[{"href":"https:\/\/moir.com.co\/web\/wp-json\/wp\/v2\/posts\/13865","targetHints":{"allow":["GET"]}}],"collection":[{"href":"https:\/\/moir.com.co\/web\/wp-json\/wp\/v2\/posts"}],"about":[{"href":"https:\/\/moir.com.co\/web\/wp-json\/wp\/v2\/types\/post"}],"author":[{"embeddable":true,"href":"https:\/\/moir.com.co\/web\/wp-json\/wp\/v2\/users\/1"}],"replies":[{"embeddable":true,"href":"https:\/\/moir.com.co\/web\/wp-json\/wp\/v2\/comments?post=13865"}],"version-history":[{"count":1,"href":"https:\/\/moir.com.co\/web\/wp-json\/wp\/v2\/posts\/13865\/revisions"}],"predecessor-version":[{"id":13867,"href":"https:\/\/moir.com.co\/web\/wp-json\/wp\/v2\/posts\/13865\/revisions\/13867"}],"wp:featuredmedia":[{"embeddable":true,"href":"https:\/\/moir.com.co\/web\/wp-json\/wp\/v2\/media\/13866"}],"wp:attachment":[{"href":"https:\/\/moir.com.co\/web\/wp-json\/wp\/v2\/media?parent=13865"}],"wp:term":[{"taxonomy":"category","embeddable":true,"href":"https:\/\/moir.com.co\/web\/wp-json\/wp\/v2\/categories?post=13865"},{"taxonomy":"post_tag","embeddable":true,"href":"https:\/\/moir.com.co\/web\/wp-json\/wp\/v2\/tags?post=13865"}],"curies":[{"name":"wp","href":"https:\/\/api.w.org\/{rel}","templated":true}]}}