{"id":13860,"date":"2017-11-18T02:03:48","date_gmt":"2017-11-18T02:03:48","guid":{"rendered":"https:\/\/moir.org.co\/web\/?p=13860"},"modified":"2017-11-18T02:03:48","modified_gmt":"2017-11-18T02:03:48","slug":"quien-corrompio-a-colombia","status":"publish","type":"post","link":"https:\/\/moir.com.co\/web\/quien-corrompio-a-colombia\/","title":{"rendered":"\u00bfQui\u00e9n corrompi\u00f3 a Colombia?"},"content":{"rendered":"<p><strong>Art\u00edculo quincenal de Jorge Enrique Robledo, Bogot\u00e1, noviembre 17 de 2017<\/strong><\/p>\n<div>\n<div>El Fiscal Mart\u00ednez tuvo que aceptar que en Colombia la corrupci\u00f3n \u201ces sist\u00e9mica\u201d, calificativo que significa del sistema, general, integral, no de manzanas podridas u ovejas descarriadas sino algo bastante m\u00e1s grave. Pero como Mart\u00ednez siempre act\u00faa con ma\u00f1a, no explic\u00f3 el \u201csist\u00e9mica\u201d as\u00ed, sino como que se han presentado corruptelas en todos los sectores pol\u00edticos y, ojo con la perversidad de la conclusi\u00f3n: entonces, \u201cning\u00fan partido puede tirar la primera piedra\u201d (El Tiempo, Oct.15.17).<\/div>\n<div><\/div>\n<div>Se imaginan la felicidad de corruptos y alcahuetas al ver al propio Fiscal de la Naci\u00f3n diciendo que en pol\u00edtica todos somos iguales y que, \u201c\u00a1Silencio, nadie puede denunciar nada!\u201d. Ni que los beneficiados por la corrupci\u00f3n sist\u00e9mica, incluidos sus compinches en el sector privado, lo hubieran contratado para hacerles el mandado. Si los colombianos no estuvieran tan confundidos y no existiera un poderoso pacto de corrupci\u00f3n e impunidad, esta teor\u00eda tramposa habr\u00eda expulsado a Mart\u00ednez de la Fiscal\u00eda.<\/div>\n<div><\/div>\n<div>Porque es obvio que ninguna organizaci\u00f3n \u2013pol\u00edtica, religiosa, empresarial, deportiva, period\u00edstica, etc\u00e9tera\u2013 est\u00e1 por completo exenta de que en sus filas se den o puedan darse casos de corrupci\u00f3n. Pero no es esa la criminalidad que asola a Colombia, uno de los pa\u00edses m\u00e1s corruptos del mundo, tanto que ya en 1978 un Presidente de la Rep\u00fablica ofreci\u00f3 \u201creducir la corrupci\u00f3n a sus justas proporciones\u201d, cosa que por supuesto no ocurri\u00f3.<\/div>\n<div><\/div>\n<div>Para ponerlo en palabras de Hommes, a quien vuelvo a citar porque conoce el monstruo por dentro y a veces dice cosas, \u201cel problema no es la corrupci\u00f3n, es el sistema pol\u00edtico que la ha engendrado y la hace perdurar\u201d. \u00a1Es un sistema de corrupci\u00f3n! \u00a1Y el Fiscal usa su poder y omnipresencia en los medios para enga\u00f1ar e intentar acallar a quienes cumplimos con nuestro deber! A pesar de que \u00e9l adem\u00e1s sabe que ese \u201csistema pol\u00edtico\u201d lo crearon los partidos tradicionales en el Frente Nacional, seg\u00fan lo han explicado el ministro Alejandro Gaviria, otro que tiene por qu\u00e9 saberlo y que agrega que se dise\u00f1\u00f3 para favorecer a una cierta econom\u00eda \u2013negocios\u2013 y derrotar a quienes se les opongan (<a href=\"http:\/\/r.contacto.jorgerobledo.com\/track\/click\/86uh4jvcdcyb6bd\">enlace 1<\/a>).<\/div>\n<div><\/div>\n<div>La otra falacia que desliza con viveza Mart\u00ednez \u2013el titiritero mayor en estos asuntos\u2013 se apoya en la frase que se repite, aunque no sea cierta, de que \u201ctodos los pol\u00edticos son iguales\u201d, con lo que busca un \u201c\u00a1hag\u00e1monos pasito; cero cr\u00edticas!\u201d, empezando por las que desnudan a Cambio Radical, su partido y el de Vargas Lleras. Pero no resiste an\u00e1lisis esa falsa igualdad ni que todos seamos culpables del imperio de la corrupci\u00f3n. Porque son \u201clos mismos con las mismas\u201d los herederos del pacto del Frente Nacional y los que han impuesto el ciento por ciento de los presidentes y ministros de Colombia y el 99,999 por ciento de los gobernadores, alcaldes, congresistas, diputados y concejales, en tanto otros llevamos toda la vida luchando contra sus p\u00e9simos gobiernos. Y si todos somos iguales, \u00bfpor qu\u00e9 creamos al Polo en vez de afiliarnos a uno de esos partidos? \u00bfO por qu\u00e9 no respaldamos al gobierno de Uribe o al de Santos, ser\u00e1 que no sabemos que existe la mermelada? \u00bfY no llevaba ya d\u00e9cadas la ladronera cuando se cre\u00f3 el Polo y disminuir\u00eda en algo si este desapareciera?<\/div>\n<div><\/div>\n<div>Aunque el tapen-tapen sigue al mando \u2013dur\u00f3 apenas horas el esc\u00e1ndalo de los multimillonarios impuestos que se roban en los para\u00edsos fiscales\u2013, dos liebres les saltaron con la acusaci\u00f3n a unos congresistas de haber cobrado US$2 millones para hacer aprobar un contrato de estabilidad jur\u00eddica a favor del Consorcio de la Ruta del Sol (Odebrecht Grupo Aval). Pero no se dice que ese contrato lo tramit\u00f3 como abogado N\u00e9stor Humberto Mart\u00ednez y el gobierno solo se lo aprob\u00f3 tras su apelaci\u00f3n, luego de hab\u00e9rselo negado en primera instancia y de que nombraran de ministra de Transporte a Cecilia \u00c1lvarez. Es obvio que tambi\u00e9n por este negocio, adem\u00e1s de otros, debe declararse impedido el Fiscal Mart\u00ednez.<\/div>\n<div><\/div>\n<div>El senador Benedetti denunci\u00f3 que Mart\u00ednez Neira fue gran recaudador de plata para la Campa\u00f1a Santos 2014 y que Vargas Lleras distribuy\u00f3 los dineros de dicha campa\u00f1a en la Costa Caribe, hechos que ya hab\u00eda denunciado La Silla Vac\u00eda y que son vox populi en el Congreso. Y el tambi\u00e9n senador El\u00edas confes\u00f3 que a Santos 2014 fueron dineros corruptos de Odebrecht. \u00bfNo tiene nada que explicar el Fiscal Mart\u00ednez? \u00bfS\u00ed aclarar\u00e1 lo ocurrido? \u00bfEn qu\u00e9 otro pa\u00eds puede ser Fiscal alguien con tantos tejemanejes con los investigados? Si algo les toca a los colombianos es no tolerar m\u00e1s tanto cinismo y corrupci\u00f3n (<a href=\"http:\/\/r.contacto.jorgerobledo.com\/track\/click\/86uh4jvd5syb6bd\">enlace 2<\/a>).<\/div>\n<\/div>\n","protected":false},"excerpt":{"rendered":"<p>Art\u00edculo quincenal de Jorge Enrique Robledo, Bogot\u00e1, noviembre 17 de 2017 El Fiscal Mart\u00ednez tuvo que aceptar que en Colombia la corrupci\u00f3n \u201ces sist\u00e9mica\u201d, calificativo que significa del sistema, general, integral, no de manzanas podridas u ovejas descarriadas sino algo bastante m\u00e1s grave. Pero como Mart\u00ednez siempre act\u00faa con ma\u00f1a, no explic\u00f3 el \u201csist\u00e9mica\u201d as\u00ed, [&hellip;]<\/p>\n","protected":false},"author":1,"featured_media":13576,"comment_status":"open","ping_status":"open","sticky":false,"template":"","format":"standard","meta":{"advanced_seo_description":"","jetpack_seo_html_title":"","jetpack_seo_noindex":false,"_jetpack_memberships_contains_paid_content":false,"footnotes":""},"categories":[102,97,4,98],"tags":[],"class_list":["post-13860","post","type-post","status-publish","format-standard","has-post-thumbnail","hentry","category-economia","category-imperialismo-y-neoliberalismo","category-jorge-enrique-robledo","category-politica"],"jetpack_featured_media_url":"https:\/\/i0.wp.com\/moir.com.co\/web\/wp-content\/uploads\/2017\/10\/robledocolprensa2017.jpeg?fit=565%2C405&ssl=1","jetpack-related-posts":[{"id":12830,"url":"https:\/\/moir.com.co\/web\/colombia-no-puede-tolerar-un-irresponsable-como-fiscal-jorge-robledo\/","url_meta":{"origin":13860,"position":0},"title":"Colombia no puede tolerar un irresponsable como Fiscal: Jorge Robledo","author":"admin","date":"julio 8, 2017","format":false,"excerpt":"Entrevista de\u00a0Jhon Freddy Figueroa, Diario del Huila, Neiva, julio 8 de 2017 De gira por el departamento del Huila, el senador y candidato presidencial por el Polo Democr\u00e1tico, reiter\u00f3 sus cr\u00edticas a la gesti\u00f3n que viene adelantando el actual Fiscal General de la Naci\u00f3n, N\u00e9stor Humberto Mart\u00ednez. Con la seriedad\u2026","rel":"","context":"En \u00abAgro\u00bb","block_context":{"text":"Agro","link":"https:\/\/moir.com.co\/web\/category\/temas\/agro\/"},"img":{"alt_text":"","src":"https:\/\/i0.wp.com\/moir.com.co\/web\/wp-content\/uploads\/2017\/07\/robledodiariodelhuila2017_2.jpg?fit=600%2C361&ssl=1&resize=350%2C200","width":350,"height":200,"srcset":"https:\/\/i0.wp.com\/moir.com.co\/web\/wp-content\/uploads\/2017\/07\/robledodiariodelhuila2017_2.jpg?fit=600%2C361&ssl=1&resize=350%2C200 1x, https:\/\/i0.wp.com\/moir.com.co\/web\/wp-content\/uploads\/2017\/07\/robledodiariodelhuila2017_2.jpg?fit=600%2C361&ssl=1&resize=525%2C300 1.5x"},"classes":[]},{"id":17020,"url":"https:\/\/moir.com.co\/web\/el-senador-robledo-le-exige-a-duque-santos-uribe-pastrana-gaviria-y-vargas-no-sostener-mas-en-el-cargo-al-fiscal-martinez\/","url_meta":{"origin":13860,"position":1},"title":"El Senador Robledo le exige a Duque, Santos, Uribe, Pastrana, Gaviria y Vargas no sostener m\u00e1s en el cargo al Fiscal Mart\u00ednez","author":"admin","date":"febrero 27, 2019","format":false,"excerpt":"Oficina de prensa del senador Jorge Enrique Robledo, Bogot\u00e1, febrero 27 de 2019 En Carta abierta, el senador Jorge Enrique Robledo llama a Iv\u00e1n Duque, Juan Manuel Santos, \u00c1lvaro Uribe, Andr\u00e9s Pastrana, C\u00e9sar Gaviria y Germ\u00e1n Vargas a no sostener m\u00e1s en el cargo a N\u00e9stor Humberto Mart\u00ednez, porque los\u2026","rel":"","context":"En \u00abEconom\u00eda\u00bb","block_context":{"text":"Econom\u00eda","link":"https:\/\/moir.com.co\/web\/category\/temas\/economia\/"},"img":{"alt_text":"","src":"https:\/\/i0.wp.com\/moir.com.co\/web\/wp-content\/uploads\/2018\/11\/fiscalcorruptorobledo.jpeg?fit=1034%2C529&ssl=1&resize=350%2C200","width":350,"height":200,"srcset":"https:\/\/i0.wp.com\/moir.com.co\/web\/wp-content\/uploads\/2018\/11\/fiscalcorruptorobledo.jpeg?fit=1034%2C529&ssl=1&resize=350%2C200 1x, https:\/\/i0.wp.com\/moir.com.co\/web\/wp-content\/uploads\/2018\/11\/fiscalcorruptorobledo.jpeg?fit=1034%2C529&ssl=1&resize=525%2C300 1.5x, https:\/\/i0.wp.com\/moir.com.co\/web\/wp-content\/uploads\/2018\/11\/fiscalcorruptorobledo.jpeg?fit=1034%2C529&ssl=1&resize=700%2C400 2x"},"classes":[]},{"id":12930,"url":"https:\/\/moir.com.co\/web\/el-fiscal-martinez-neira-retiro-su-denuncia-y-robledo-se-ratifico\/","url_meta":{"origin":13860,"position":2},"title":"El Fiscal Mart\u00ednez Neira retir\u00f3 su denuncia y Robledo se ratific\u00f3","author":"admin","date":"julio 18, 2017","format":false,"excerpt":"Oficina de prensa del senador Jorge Enrique Robledo, Bogot\u00e1, julio 18 de 2017 Triunfo de los derechos democr\u00e1ticos de congresistas y ciudadanos Hoy se realiz\u00f3 la diligencia judicial entre el senador Jorge Enrique Robledo y el Fiscal N\u00e9stor Humberto Mart\u00ednez Neira, quien ante la Corte Suprema de Justicia hab\u00eda interpuesto\u2026","rel":"","context":"En \u00abImperialismo y Neoliberalismo\u00bb","block_context":{"text":"Imperialismo y Neoliberalismo","link":"https:\/\/moir.com.co\/web\/category\/temas\/imperialismo-y-neoliberalismo\/"},"img":{"alt_text":"","src":"https:\/\/i0.wp.com\/moir.com.co\/web\/wp-content\/uploads\/2017\/07\/robledofiscalrecula.jpg?fit=1200%2C1200&ssl=1&resize=350%2C200","width":350,"height":200,"srcset":"https:\/\/i0.wp.com\/moir.com.co\/web\/wp-content\/uploads\/2017\/07\/robledofiscalrecula.jpg?fit=1200%2C1200&ssl=1&resize=350%2C200 1x, https:\/\/i0.wp.com\/moir.com.co\/web\/wp-content\/uploads\/2017\/07\/robledofiscalrecula.jpg?fit=1200%2C1200&ssl=1&resize=525%2C300 1.5x, https:\/\/i0.wp.com\/moir.com.co\/web\/wp-content\/uploads\/2017\/07\/robledofiscalrecula.jpg?fit=1200%2C1200&ssl=1&resize=700%2C400 2x, https:\/\/i0.wp.com\/moir.com.co\/web\/wp-content\/uploads\/2017\/07\/robledofiscalrecula.jpg?fit=1200%2C1200&ssl=1&resize=1050%2C600 3x"},"classes":[]},{"id":16459,"url":"https:\/\/moir.com.co\/web\/estatuto-de-la-oposicion-se-estrena-con-debate-a-la-corrupcion-de-odebrecht-aval-fiscal-martinez\/","url_meta":{"origin":13860,"position":3},"title":"Estatuto de la Oposici\u00f3n se estrena con debate a la corrupci\u00f3n de Odebrecht-Aval-Fiscal Mart\u00ednez","author":"admin","date":"noviembre 21, 2018","format":false,"excerpt":"Oficina de prensa del senador Jorge Enrique Robledo, Bogot\u00e1, noviembre 20 de 2018 Las bancadas de oposici\u00f3n citaron a la ministra del Interior, e invitaron al Fiscal General de la Naci\u00f3n, a debate de control pol\u00edtico por los nuevos hechos aportados por el fallecido Jorge Enrique Pizano en el caso\u2026","rel":"","context":"En \u00abEconom\u00eda\u00bb","block_context":{"text":"Econom\u00eda","link":"https:\/\/moir.com.co\/web\/category\/temas\/economia\/"},"img":{"alt_text":"","src":"https:\/\/i0.wp.com\/moir.com.co\/web\/wp-content\/uploads\/2018\/11\/avalodebrectfiscalrobledo.jpg?fit=768%2C576&ssl=1&resize=350%2C200","width":350,"height":200,"srcset":"https:\/\/i0.wp.com\/moir.com.co\/web\/wp-content\/uploads\/2018\/11\/avalodebrectfiscalrobledo.jpg?fit=768%2C576&ssl=1&resize=350%2C200 1x, https:\/\/i0.wp.com\/moir.com.co\/web\/wp-content\/uploads\/2018\/11\/avalodebrectfiscalrobledo.jpg?fit=768%2C576&ssl=1&resize=525%2C300 1.5x, https:\/\/i0.wp.com\/moir.com.co\/web\/wp-content\/uploads\/2018\/11\/avalodebrectfiscalrobledo.jpg?fit=768%2C576&ssl=1&resize=700%2C400 2x"},"classes":[]},{"id":16569,"url":"https:\/\/moir.com.co\/web\/son-sus-obras-las-que-condenan-al-fiscal\/","url_meta":{"origin":13860,"position":4},"title":"Son sus obras las que condenan al fiscal","author":"admin","date":"diciembre 8, 2018","format":false,"excerpt":"Jorge Enrique Robledo, Bogot\u00e1, diciembre 7 de 2018 Peor no pudo haberle ido al Fiscal Mart\u00ednez en el Senado. Tan mal le fue que los del Frente Nacional duquista, temerosos de defenderlo, violaron el reglamento para impedir que los citantes concluy\u00e9ramos el debate e impusieron el cambiazo del tema para\u2026","rel":"","context":"En \u00abEconom\u00eda\u00bb","block_context":{"text":"Econom\u00eda","link":"https:\/\/moir.com.co\/web\/category\/temas\/economia\/"},"img":{"alt_text":"","src":"https:\/\/i0.wp.com\/moir.com.co\/web\/wp-content\/uploads\/2017\/07\/robledomartinez.jpg?fit=700%2C500&ssl=1&resize=350%2C200","width":350,"height":200,"srcset":"https:\/\/i0.wp.com\/moir.com.co\/web\/wp-content\/uploads\/2017\/07\/robledomartinez.jpg?fit=700%2C500&ssl=1&resize=350%2C200 1x, https:\/\/i0.wp.com\/moir.com.co\/web\/wp-content\/uploads\/2017\/07\/robledomartinez.jpg?fit=700%2C500&ssl=1&resize=525%2C300 1.5x, https:\/\/i0.wp.com\/moir.com.co\/web\/wp-content\/uploads\/2017\/07\/robledomartinez.jpg?fit=700%2C500&ssl=1&resize=700%2C400 2x"},"classes":[]},{"id":16481,"url":"https:\/\/moir.com.co\/web\/un-fiscal-que-averguenza-a-colombia\/","url_meta":{"origin":13860,"position":5},"title":"Un fiscal que averg\u00fcenza a Colombia","author":"admin","date":"noviembre 24, 2018","format":false,"excerpt":"Jorge Enrique Robledo, Bogot\u00e1, noviembre 23 de 2018 Sobre el caso Odebrecth-Grupo Aval-Fiscal Mart\u00ednez, dice The Economist que el Fiscal \u201cclaramente no est\u00e1 en posici\u00f3n de llevar una investigaci\u00f3n imparcial (\u2026) ya que \u00e9l mismo podr\u00eda tener que responder\u201d (Enlace 1). \u00a1\u00c9l mismo podr\u00eda tener que responder en una investigaci\u00f3n\u2026","rel":"","context":"En \u00abEconom\u00eda\u00bb","block_context":{"text":"Econom\u00eda","link":"https:\/\/moir.com.co\/web\/category\/temas\/economia\/"},"img":{"alt_text":"","src":"https:\/\/i0.wp.com\/moir.com.co\/web\/wp-content\/uploads\/2018\/11\/fiscalcorruptorobledo.jpeg?fit=1034%2C529&ssl=1&resize=350%2C200","width":350,"height":200,"srcset":"https:\/\/i0.wp.com\/moir.com.co\/web\/wp-content\/uploads\/2018\/11\/fiscalcorruptorobledo.jpeg?fit=1034%2C529&ssl=1&resize=350%2C200 1x, https:\/\/i0.wp.com\/moir.com.co\/web\/wp-content\/uploads\/2018\/11\/fiscalcorruptorobledo.jpeg?fit=1034%2C529&ssl=1&resize=525%2C300 1.5x, https:\/\/i0.wp.com\/moir.com.co\/web\/wp-content\/uploads\/2018\/11\/fiscalcorruptorobledo.jpeg?fit=1034%2C529&ssl=1&resize=700%2C400 2x"},"classes":[]}],"jetpack_sharing_enabled":true,"_links":{"self":[{"href":"https:\/\/moir.com.co\/web\/wp-json\/wp\/v2\/posts\/13860","targetHints":{"allow":["GET"]}}],"collection":[{"href":"https:\/\/moir.com.co\/web\/wp-json\/wp\/v2\/posts"}],"about":[{"href":"https:\/\/moir.com.co\/web\/wp-json\/wp\/v2\/types\/post"}],"author":[{"embeddable":true,"href":"https:\/\/moir.com.co\/web\/wp-json\/wp\/v2\/users\/1"}],"replies":[{"embeddable":true,"href":"https:\/\/moir.com.co\/web\/wp-json\/wp\/v2\/comments?post=13860"}],"version-history":[{"count":1,"href":"https:\/\/moir.com.co\/web\/wp-json\/wp\/v2\/posts\/13860\/revisions"}],"predecessor-version":[{"id":13861,"href":"https:\/\/moir.com.co\/web\/wp-json\/wp\/v2\/posts\/13860\/revisions\/13861"}],"wp:featuredmedia":[{"embeddable":true,"href":"https:\/\/moir.com.co\/web\/wp-json\/wp\/v2\/media\/13576"}],"wp:attachment":[{"href":"https:\/\/moir.com.co\/web\/wp-json\/wp\/v2\/media?parent=13860"}],"wp:term":[{"taxonomy":"category","embeddable":true,"href":"https:\/\/moir.com.co\/web\/wp-json\/wp\/v2\/categories?post=13860"},{"taxonomy":"post_tag","embeddable":true,"href":"https:\/\/moir.com.co\/web\/wp-json\/wp\/v2\/tags?post=13860"}],"curies":[{"name":"wp","href":"https:\/\/api.w.org\/{rel}","templated":true}]}}