{"id":1386,"date":"2006-04-27T07:00:00","date_gmt":"2006-04-27T07:00:00","guid":{"rendered":"https:\/\/moir.org.co\/web\/el-paro-de-los-transportadores-de-bogota-es-justo\/"},"modified":"2006-04-27T07:00:00","modified_gmt":"2006-04-27T07:00:00","slug":"el-paro-de-los-transportadores-de-bogota-es-justo","status":"publish","type":"post","link":"https:\/\/moir.com.co\/web\/el-paro-de-los-transportadores-de-bogota-es-justo\/","title":{"rendered":"EL PARO DE LOS TRANSPORTADORES DE BOGOT\u00c1 ES JUSTO"},"content":{"rendered":"<p>Los transportadores del Distrito Capital adelantan desde ayer martes 2 de Mayo, un paro de buses, busetas y colectivos, para protestar contra las consecuencias que trae consigo la monopolizaci\u00f3n del transporte p\u00fablico por parte del sistema de Transmilenio y la privatizaci\u00f3n de un bien p\u00fablico como son las v\u00edas, construidas para la circulaci\u00f3n de un sistema que es propiedad de monopolistas nacionales y extranjeros.<\/p>\n<p>La implantaci\u00f3n de este modelo de transporte masivo de pasajeros, no contempla una salida democr\u00e1tica para la situaci\u00f3n en que quedan miles de conductores asalariados y peque\u00f1os y medianos propietarios. Est\u00e1n aplicando un tratamiento de expropiaci\u00f3n que se hace bajo las formas de chatarrizaci\u00f3n, sistemas de pico y placa, controles de contaminaci\u00f3n, entre otros, sin detenerse a considerar soluciones para el empleo y la consecuci\u00f3n de ingresos de miles de familias bogotanas que viven del transporte p\u00fablico de pasajeros. Beneficiando eso s\u00ed a los monopolios due\u00f1os de los buses articulados y de los alimentadores del sistema, propiedad que prometieron socializar, aspecto este que no le han cumplido a los transportadores.<\/p>\n<p>La Posici\u00f3n de la CUT frente a la implantaci\u00f3n de este sistema, no solo en Bogot\u00e1, sino en Cali, Pereira, Cartagena y Barranquilla ha sido la de apoyar las justas reivindicaciones de los trabajadores y propietarios, de tal manera que sus intereses no sean desconocidos por las administraciones locales y el gobierno nacional. Esa es la postura que hoy adoptamos los firmantes del presente comunicado y como dirigentes obreros le reclamamos a la Administraci\u00f3n Distrital, una soluci\u00f3n justa al pliego de peticiones de los transportadores y un tratamiento al conflicto de dialogo y negociaci\u00f3n.<\/p>\n<p>Gustavo Triana, \u00c1lvaro Morales S\u00e1nchez, Di\u00f3genes Orjuela, Miguel Antonio Caro, Alfonso Vel\u00e1squez, Gloria In\u00e9s Ram\u00edrez, Tarsicio Rivera, Domingo Tovar, Orlando Ospina.<\/p>\n","protected":false},"excerpt":{"rendered":"<p>Los transportadores del Distrito Capital adelantan desde ayer martes 2 de Mayo, un paro de buses, busetas y colectivos, para protestar contra las consecuencias que trae consigo la monopolizaci\u00f3n del transporte p\u00fablico por parte del sistema de Transmilenio y la privatizaci\u00f3n de un bien p\u00fablico como son las v\u00edas, construidas para la circulaci\u00f3n de un [&hellip;]<\/p>\n","protected":false},"author":1,"featured_media":0,"comment_status":"open","ping_status":"open","sticky":false,"template":"","format":"standard","meta":{"advanced_seo_description":"","jetpack_seo_html_title":"","jetpack_seo_noindex":false,"_jetpack_memberships_contains_paid_content":false,"footnotes":""},"categories":[7],"tags":[],"class_list":["post-1386","post","type-post","status-publish","format-standard","hentry","category-pronunciamientos-de-organizaciones-sociales"],"jetpack_featured_media_url":"","jetpack-related-posts":[{"id":4183,"url":"https:\/\/moir.com.co\/web\/las-organizaciones-sociales-reiteramos-nuestro-respaldo-a-las-reclamaciones-de-pequenos-y-medianos-transportadores\/","url_meta":{"origin":1386,"position":0},"title":"Las organizaciones sociales reiteramos nuestro respaldo a las reclamaciones de peque\u00f1os y medianos transportadores","author":"admin","date":"marzo 4, 2010","format":false,"excerpt":"A cuatro d\u00edas de haberse iniciado el paro del transporte p\u00fablico de pasajeros en Bogot\u00e1, no se ha alcanzado acuerdo alguno y la ciudadan\u00eda padece las consecuencias del mismo. La Alcald\u00eda y la Secretar\u00eda de Movilidad, ahora con el concurso del Ministro del Transporte, contin\u00faan negando las justas peticiones de\u2026","rel":"","context":"En \u00abPronunciamientos de Organizaciones Sociales\u00bb","block_context":{"text":"Pronunciamientos de Organizaciones Sociales","link":"https:\/\/moir.com.co\/web\/category\/pronunciamientos-de-organizaciones-sociales\/"},"img":{"alt_text":"","src":"","width":0,"height":0},"classes":[]},{"id":4180,"url":"https:\/\/moir.com.co\/web\/apoyamos-el-justo-paro-del-transporte-en-bogota\/","url_meta":{"origin":1386,"position":1},"title":"Apoyamos el justo paro del transporte en Bogot\u00e1","author":"admin","date":"marzo 3, 2010","format":false,"excerpt":"Los peque\u00f1os y medianos transportadores de pasajeros, se declararon en paro como protesta contra el tratamiento que el Distrito les est\u00e1 dando, en las negociaciones del Sistema Integrado de Transporte. Este proyecto, pretende entregar a oligopolios nacionales y extranjeros el transporte que hoy prestan buses, busetas y microbuses, desplazando de\u2026","rel":"","context":"En \u00abPronunciamientos de Organizaciones Sociales\u00bb","block_context":{"text":"Pronunciamientos de Organizaciones Sociales","link":"https:\/\/moir.com.co\/web\/category\/pronunciamientos-de-organizaciones-sociales\/"},"img":{"alt_text":"","src":"","width":0,"height":0},"classes":[]},{"id":12606,"url":"https:\/\/moir.com.co\/web\/alerta-roja-en-el-transporte-masivo\/","url_meta":{"origin":1386,"position":2},"title":"Alerta roja en el transporte masivo","author":"admin","date":"junio 3, 2017","format":false,"excerpt":"Aurelio Su\u00e1rez Montoya, El Espectador, Bogot\u00e1, junio 3 de 2017 Una mirada a la evoluci\u00f3n de los sistemas que hoy circulan en ciudades como Cali, Barranquilla, Bucaramanga, Pereira y Cartagena. Desde 2002, tomando como modelo el sistema bogotano de buses r\u00e1pidos por carril exclusivo, o Transmilenio, se proyect\u00f3 implantar sistemas\u2026","rel":"","context":"En \u00abAurelio Su\u00e1rez Montoya\u00bb","block_context":{"text":"Aurelio Su\u00e1rez Montoya","link":"https:\/\/moir.com.co\/web\/category\/bitacoras\/aurelio-suarez-montoya\/"},"img":{"alt_text":"","src":"https:\/\/i0.wp.com\/moir.com.co\/web\/wp-content\/uploads\/2017\/06\/transmileniosistema.jpg?fit=800%2C447&ssl=1&resize=350%2C200","width":350,"height":200,"srcset":"https:\/\/i0.wp.com\/moir.com.co\/web\/wp-content\/uploads\/2017\/06\/transmileniosistema.jpg?fit=800%2C447&ssl=1&resize=350%2C200 1x, https:\/\/i0.wp.com\/moir.com.co\/web\/wp-content\/uploads\/2017\/06\/transmileniosistema.jpg?fit=800%2C447&ssl=1&resize=525%2C300 1.5x, https:\/\/i0.wp.com\/moir.com.co\/web\/wp-content\/uploads\/2017\/06\/transmileniosistema.jpg?fit=800%2C447&ssl=1&resize=700%2C400 2x"},"classes":[]},{"id":5294,"url":"https:\/\/moir.com.co\/web\/connotaciones-del-paro-de-los-camioneros\/","url_meta":{"origin":1386,"position":3},"title":"Connotaciones del paro de los camioneros","author":"admin","date":"febrero 16, 2011","format":false,"excerpt":"Propietarios y conductores de camiones de carga iniciaron el pasado 3 de febrero un nuevo paro nacional que han denominado de \u201cinmovilizaci\u00f3n vehicular\u201d, exigiendo a trav\u00e9s de la Asociaci\u00f3n Colombiana de Camioneros \u2013ACC- entre otros aspectos, \u201cunas reglas claras de juego\u201d, como: control de sobre oferta del 40% de veh\u00edculos\u2026","rel":"","context":"En \u00abTemas\u00bb","block_context":{"text":"Temas","link":"https:\/\/moir.com.co\/web\/category\/temas\/"},"img":{"alt_text":"","src":"","width":0,"height":0},"classes":[]},{"id":4182,"url":"https:\/\/moir.com.co\/web\/que-cesen-los-absurdos-tecnicos-los-negociados-y-la-represion-en-manizales\/","url_meta":{"origin":1386,"position":4},"title":"Que cesen los absurdos t\u00e9cnicos, los negociados y la represi\u00f3n en Manizales","author":"admin","date":"marzo 3, 2010","format":false,"excerpt":"Crece el repudio de los manizale\u00f1os a la pol\u00edtica del Alcalde Juan Manuel Llanos de tomar decisiones antit\u00e9cnicas y montar negocios en beneficio de algunos y contra el inter\u00e9s p\u00fablico y, como si fuera poco, reprimir con fiereza a quienes se movilizan pac\u00edficamente en contra de su mal gobierno. Adem\u00e1s\u2026","rel":"","context":"En \u00abJorge Enrique Robledo\u00bb","block_context":{"text":"Jorge Enrique Robledo","link":"https:\/\/moir.com.co\/web\/category\/jorge-enrique-robledo\/"},"img":{"alt_text":"","src":"","width":0,"height":0},"classes":[]},{"id":17745,"url":"https:\/\/moir.com.co\/web\/los-taxistas-tienen-la-razon-en-su-protesta-en-contra-de-la-ilegalidad-senador-robledo-y-concejal-manuel-sarmiento\/","url_meta":{"origin":1386,"position":5},"title":"Los taxistas tienen la raz\u00f3n en su protesta en contra de la ilegalidad: Senador Robledo y concejal Manuel Sarmiento","author":"admin","date":"julio 10, 2019","format":false,"excerpt":"Oficina de prensa del senador Jorge Enrique Robledo y del concejal Manuel Sarmiento, Bogot\u00e1, julio 10 de 2019 El paro adelantado por los taxistas es en contra de la ilegalidad de Uber, Beat, Picap y Didi. Para el senador Jorge Enrique Robledo y el concejal de Bogot\u00e1 Manuel Sarmiento estas\u2026","rel":"","context":"En \u00abEconom\u00eda\u00bb","block_context":{"text":"Econom\u00eda","link":"https:\/\/moir.com.co\/web\/category\/temas\/economia\/"},"img":{"alt_text":"","src":"https:\/\/i0.wp.com\/moir.com.co\/web\/wp-content\/uploads\/2019\/07\/robledotaxisuber.png?fit=768%2C434&ssl=1&resize=350%2C200","width":350,"height":200,"srcset":"https:\/\/i0.wp.com\/moir.com.co\/web\/wp-content\/uploads\/2019\/07\/robledotaxisuber.png?fit=768%2C434&ssl=1&resize=350%2C200 1x, https:\/\/i0.wp.com\/moir.com.co\/web\/wp-content\/uploads\/2019\/07\/robledotaxisuber.png?fit=768%2C434&ssl=1&resize=525%2C300 1.5x, https:\/\/i0.wp.com\/moir.com.co\/web\/wp-content\/uploads\/2019\/07\/robledotaxisuber.png?fit=768%2C434&ssl=1&resize=700%2C400 2x"},"classes":[]}],"jetpack_sharing_enabled":true,"_links":{"self":[{"href":"https:\/\/moir.com.co\/web\/wp-json\/wp\/v2\/posts\/1386","targetHints":{"allow":["GET"]}}],"collection":[{"href":"https:\/\/moir.com.co\/web\/wp-json\/wp\/v2\/posts"}],"about":[{"href":"https:\/\/moir.com.co\/web\/wp-json\/wp\/v2\/types\/post"}],"author":[{"embeddable":true,"href":"https:\/\/moir.com.co\/web\/wp-json\/wp\/v2\/users\/1"}],"replies":[{"embeddable":true,"href":"https:\/\/moir.com.co\/web\/wp-json\/wp\/v2\/comments?post=1386"}],"version-history":[{"count":0,"href":"https:\/\/moir.com.co\/web\/wp-json\/wp\/v2\/posts\/1386\/revisions"}],"wp:attachment":[{"href":"https:\/\/moir.com.co\/web\/wp-json\/wp\/v2\/media?parent=1386"}],"wp:term":[{"taxonomy":"category","embeddable":true,"href":"https:\/\/moir.com.co\/web\/wp-json\/wp\/v2\/categories?post=1386"},{"taxonomy":"post_tag","embeddable":true,"href":"https:\/\/moir.com.co\/web\/wp-json\/wp\/v2\/tags?post=1386"}],"curies":[{"name":"wp","href":"https:\/\/api.w.org\/{rel}","templated":true}]}}