{"id":13849,"date":"2017-11-17T20:45:22","date_gmt":"2017-11-17T20:45:22","guid":{"rendered":"https:\/\/moir.org.co\/web\/?p=13849"},"modified":"2017-11-17T21:48:29","modified_gmt":"2017-11-17T21:48:29","slug":"video-german-vargas-repartio-la-plata-de-la-campana-santos-vargas-en-la-costa-atlantica-robledo","status":"publish","type":"post","link":"https:\/\/moir.com.co\/web\/video-german-vargas-repartio-la-plata-de-la-campana-santos-vargas-en-la-costa-atlantica-robledo\/","title":{"rendered":"Video: Germ\u00e1n Vargas reparti\u00f3 la plata de la campa\u00f1a Santos-Vargas en la Costa Atl\u00e1ntica, Robledo"},"content":{"rendered":"<p><strong>Publicado el 17 de noviembre de\u00a0 2017.\u00a0Apartes del gran debate contra la corrupci\u00f3n en el poder\u00a0<a class=\"yt-simple-endpoint style-scope yt-formatted-string\" href=\"https:\/\/www.youtube.com\/watch?v=9Rq7H1CACw4&amp;feature=youtu.be\">https:\/\/www.youtube.com\/watch?v=9Rq7H\u2026<\/a><\/strong><\/p>\n","protected":false},"excerpt":{"rendered":"<p>Publicado el 17 de noviembre de\u00a0 2017.\u00a0Apartes del gran debate contra la corrupci\u00f3n en el poder\u00a0https:\/\/www.youtube.com\/watch?v=9Rq7H\u2026<\/p>\n","protected":false},"author":1,"featured_media":0,"comment_status":"open","ping_status":"open","sticky":false,"template":"","format":"video","meta":{"advanced_seo_description":"","jetpack_seo_html_title":"","jetpack_seo_noindex":false,"_jetpack_memberships_contains_paid_content":false,"footnotes":""},"categories":[102,97,4,98],"tags":[],"class_list":["post-13849","post","type-post","status-publish","format-video","hentry","category-economia","category-imperialismo-y-neoliberalismo","category-jorge-enrique-robledo","category-politica","post_format-post-format-video"],"jetpack_featured_media_url":"","jetpack-related-posts":[{"id":14909,"url":"https:\/\/moir.com.co\/web\/video-robledo-nos-lee-su-articulo-quincenal-vargas-lleras-y-duque-y-odebrecht-y-sarmiento-angulo\/","url_meta":{"origin":13849,"position":0},"title":"Video: Robledo nos lee su art\u00edculo quincenal: Vargas Lleras y Duque y Odebrecht y Sarmiento Angulo","author":"admin","date":"abril 14, 2018","format":"video","excerpt":"Bogot\u00e1, abril 14 de 2018","rel":"","context":"En \u00abEconom\u00eda\u00bb","block_context":{"text":"Econom\u00eda","link":"https:\/\/moir.com.co\/web\/category\/temas\/economia\/"},"img":{"alt_text":"","src":"","width":0,"height":0},"classes":[]},{"id":14131,"url":"https:\/\/moir.com.co\/web\/robledo-denuncia-al-presidente-santos-y-al-fiscal-martinez-por-presuntos-delitos-cometidos-en-la-campana-santos-vargas-2014\/","url_meta":{"origin":13849,"position":1},"title":"Robledo denuncia al Presidente Santos y al Fiscal Mart\u00ednez por presuntos delitos cometidos en la campa\u00f1a Santos-Vargas 2014","author":"admin","date":"diciembre 19, 2017","format":false,"excerpt":"Oficina de prensa del senador Jorge Enrique Robledo, Bogot\u00e1, diciembre 19 de 2017 Que se investigue a Santos y a Mart\u00ednez en la Comisi\u00f3n de Acusaciones de la C\u00e1mara de Representantes por lavados de activos, cohecho, fraude procesal, entre otros presuntos delitos pide Robledo. Entre 4.000 y 8.000 millones de\u2026","rel":"","context":"En \u00abEconom\u00eda\u00bb","block_context":{"text":"Econom\u00eda","link":"https:\/\/moir.com.co\/web\/category\/temas\/economia\/"},"img":{"alt_text":"","src":"https:\/\/i0.wp.com\/moir.com.co\/web\/wp-content\/uploads\/2017\/12\/robledocacusaciones.jpeg?fit=768%2C432&ssl=1&resize=350%2C200","width":350,"height":200,"srcset":"https:\/\/i0.wp.com\/moir.com.co\/web\/wp-content\/uploads\/2017\/12\/robledocacusaciones.jpeg?fit=768%2C432&ssl=1&resize=350%2C200 1x, https:\/\/i0.wp.com\/moir.com.co\/web\/wp-content\/uploads\/2017\/12\/robledocacusaciones.jpeg?fit=768%2C432&ssl=1&resize=525%2C300 1.5x, https:\/\/i0.wp.com\/moir.com.co\/web\/wp-content\/uploads\/2017\/12\/robledocacusaciones.jpeg?fit=768%2C432&ssl=1&resize=700%2C400 2x"},"classes":[]},{"id":13851,"url":"https:\/\/moir.com.co\/web\/video-fiscal-martinez-fue-recaudador-de-dineros-en-campana-santos-vargas-2014-robledo\/","url_meta":{"origin":13849,"position":2},"title":"Video: Fiscal Mart\u00ednez fue recaudador de dineros en campa\u00f1a Santos-Vargas 2014, Robledo","author":"admin","date":"noviembre 17, 2017","format":"video","excerpt":"Publicado el 17 de noviembre de 2017.Apartes del gran debate contra la corrupci\u00f3n en el poder https:\/\/www.youtube.com\/watch?v=9Rq7H...","rel":"","context":"En \u00abEconom\u00eda\u00bb","block_context":{"text":"Econom\u00eda","link":"https:\/\/moir.com.co\/web\/category\/temas\/economia\/"},"img":{"alt_text":"","src":"","width":0,"height":0},"classes":[]},{"id":8630,"url":"https:\/\/moir.com.co\/web\/contraloria-le-da-la-razon-a-robledo-santos-vargas-no-cumplieron-con-sus-promesas-de-las-casas-gratis-y-minvivienda-falto-a-la-verdad\/","url_meta":{"origin":13849,"position":3},"title":"Contralor\u00eda le da la raz\u00f3n a Robledo: Santos-Vargas no cumplieron con sus promesas de las casas gratis y MinVivienda falt\u00f3 a la verdad","author":"admin","date":"agosto 13, 2014","format":false,"excerpt":"A abril, solo se hab\u00edan entregado 17.263 viviendas. No sorprende que Santos ratifique a MinVivienda. La Contralor\u00eda General de la Rep\u00fablica le dio la raz\u00f3n al senador Robledo en sus denuncias sobre el incumplimiento de las promesas de Santos y Vargas Lleras respecto a la entrega de las casas \u2018gratis\u2019.\u2026","rel":"","context":"En \u00abJorge Enrique Robledo\u00bb","block_context":{"text":"Jorge Enrique Robledo","link":"https:\/\/moir.com.co\/web\/category\/jorge-enrique-robledo\/"},"img":{"alt_text":"","src":"","width":0,"height":0},"classes":[]},{"id":18201,"url":"https:\/\/moir.com.co\/web\/video-por-quien-va-votar-vargas-lleras-en-bogota\/","url_meta":{"origin":13849,"position":4},"title":"Video: \u00bfPor qui\u00e9n va a votar Vargas Lleras en Bogot\u00e1?","author":"admin","date":"octubre 25, 2019","format":"video","excerpt":"Jorge Enrique Robledo, Bogot\u00e1, octubre 25 de 2019","rel":"","context":"En \u00abJorge Enrique Robledo\u00bb","block_context":{"text":"Jorge Enrique Robledo","link":"https:\/\/moir.com.co\/web\/category\/jorge-enrique-robledo\/"},"img":{"alt_text":"","src":"","width":0,"height":0},"classes":[]},{"id":14668,"url":"https:\/\/moir.com.co\/web\/en-carta-a-vargas-lleras-y-duque-robledo-les-pide-pronunciarse-sobre-denuncias-de-daniel-coronell-acerca-de-financiacion-corrupta-de-odebrecht-a-campanas-2014\/","url_meta":{"origin":13849,"position":5},"title":"En carta a Vargas Lleras y Duque, Robledo les pide pronunciarse sobre denuncias de Daniel Coronell acerca de financiaci\u00f3n corrupta de Odebrecht a campa\u00f1as 2014","author":"admin","date":"marzo 5, 2018","format":false,"excerpt":"Oficina de prensa del senador Jorge Enrique Robledo, marzo 5 de 2018 Bolet\u00edn de prensa El senador Jorge Enrique Robledo, quien ha realizado dos debates de control pol\u00edtico exigiendo la verdad total sobre la corrupci\u00f3n de Odebrecht, le envi\u00f3 una carta a los candidatos presidenciales Germ\u00e1n Vargas Lleras e Iv\u00e1n\u2026","rel":"","context":"En \u00abEconom\u00eda\u00bb","block_context":{"text":"Econom\u00eda","link":"https:\/\/moir.com.co\/web\/category\/temas\/economia\/"},"img":{"alt_text":"","src":"https:\/\/i0.wp.com\/jorgerobledo.com\/wp-content\/uploads\/2018\/03\/Screen-Shot-2018-03-05-at-10.08.09-AM.png?resize=350%2C200&ssl=1","width":350,"height":200,"srcset":"https:\/\/i0.wp.com\/jorgerobledo.com\/wp-content\/uploads\/2018\/03\/Screen-Shot-2018-03-05-at-10.08.09-AM.png?resize=350%2C200&ssl=1 1x, https:\/\/i0.wp.com\/jorgerobledo.com\/wp-content\/uploads\/2018\/03\/Screen-Shot-2018-03-05-at-10.08.09-AM.png?resize=525%2C300&ssl=1 1.5x"},"classes":[]}],"jetpack_sharing_enabled":true,"_links":{"self":[{"href":"https:\/\/moir.com.co\/web\/wp-json\/wp\/v2\/posts\/13849","targetHints":{"allow":["GET"]}}],"collection":[{"href":"https:\/\/moir.com.co\/web\/wp-json\/wp\/v2\/posts"}],"about":[{"href":"https:\/\/moir.com.co\/web\/wp-json\/wp\/v2\/types\/post"}],"author":[{"embeddable":true,"href":"https:\/\/moir.com.co\/web\/wp-json\/wp\/v2\/users\/1"}],"replies":[{"embeddable":true,"href":"https:\/\/moir.com.co\/web\/wp-json\/wp\/v2\/comments?post=13849"}],"version-history":[{"count":2,"href":"https:\/\/moir.com.co\/web\/wp-json\/wp\/v2\/posts\/13849\/revisions"}],"predecessor-version":[{"id":13855,"href":"https:\/\/moir.com.co\/web\/wp-json\/wp\/v2\/posts\/13849\/revisions\/13855"}],"wp:attachment":[{"href":"https:\/\/moir.com.co\/web\/wp-json\/wp\/v2\/media?parent=13849"}],"wp:term":[{"taxonomy":"category","embeddable":true,"href":"https:\/\/moir.com.co\/web\/wp-json\/wp\/v2\/categories?post=13849"},{"taxonomy":"post_tag","embeddable":true,"href":"https:\/\/moir.com.co\/web\/wp-json\/wp\/v2\/tags?post=13849"}],"curies":[{"name":"wp","href":"https:\/\/api.w.org\/{rel}","templated":true}]}}