{"id":13844,"date":"2017-11-17T15:57:43","date_gmt":"2017-11-17T15:57:43","guid":{"rendered":"https:\/\/moir.org.co\/web\/?p=13844"},"modified":"2017-11-17T15:57:43","modified_gmt":"2017-11-17T15:57:43","slug":"video-jorge-robledo-instalacion-audiencia-publica-le-toca-a-la-salud","status":"publish","type":"post","link":"https:\/\/moir.com.co\/web\/video-jorge-robledo-instalacion-audiencia-publica-le-toca-a-la-salud\/","title":{"rendered":"Video: Jorge Robledo: Instalaci\u00f3n Audiencia P\u00fablica Le Toca A La Salud"},"content":{"rendered":"<p>Bogot\u00e1, noviembre 17 de 2017<\/p>\n","protected":false},"excerpt":{"rendered":"<p>Bogot\u00e1, noviembre 17 de 2017<\/p>\n","protected":false},"author":1,"featured_media":0,"comment_status":"open","ping_status":"open","sticky":false,"template":"","format":"video","meta":{"advanced_seo_description":"","jetpack_seo_html_title":"","jetpack_seo_noindex":false,"_jetpack_memberships_contains_paid_content":false,"footnotes":""},"categories":[80,102,97,4,98,96],"tags":[],"class_list":["post-13844","post","type-post","status-publish","format-video","hentry","category-debate-salud","category-economia","category-imperialismo-y-neoliberalismo","category-jorge-enrique-robledo","category-politica","category-salud-y-pensiones","post_format-post-format-video"],"jetpack_featured_media_url":"","jetpack-related-posts":[{"id":16830,"url":"https:\/\/moir.com.co\/web\/video-medimas-y-la-crisis-de-la-salud-diagnostico-y-soluciones-robledo\/","url_meta":{"origin":13844,"position":0},"title":"Video: &#8220;Medim\u00e1s y la crisis de la salud&#8221;: diagn\u00f3stico y soluciones: Robledo","author":"admin","date":"febrero 1, 2019","format":"video","excerpt":"Intervenci\u00f3n del senador Jorge Enrique Robledo en la Audiencia P\u00fablica: \"Medim\u00e1s y la crisis de la salud\". Senado de la Rep\u00fablica, 31 de enero de 2019","rel":"","context":"En \u00abDebate Salud\u00bb","block_context":{"text":"Debate Salud","link":"https:\/\/moir.com.co\/web\/category\/jorge-enrique-robledo\/debate-salud\/"},"img":{"alt_text":"","src":"","width":0,"height":0},"classes":[]},{"id":14504,"url":"https:\/\/moir.com.co\/web\/video-saludo-de-jorge-enrique-robledo-a-los-araucanos\/","url_meta":{"origin":13844,"position":1},"title":"Video: Saludo de Jorge Enrique Robledo a los araucanos","author":"admin","date":"febrero 18, 2018","format":"video","excerpt":"Bogot\u00e1, febrero 17 de 2018","rel":"","context":"En \u00abPol\u00edtica\u00bb","block_context":{"text":"Pol\u00edtica","link":"https:\/\/moir.com.co\/web\/category\/temas\/politica\/"},"img":{"alt_text":"","src":"","width":0,"height":0},"classes":[]},{"id":16798,"url":"https:\/\/moir.com.co\/web\/video-los-colombianos-deben-tener-la-garantia-de-que-sus-problemas-de-salud-se-atiendan-debidamente-senador-jorge-enrique-robledo\/","url_meta":{"origin":13844,"position":2},"title":"Video: \u00a1Los colombianos deben tener la garant\u00eda de que sus problemas de salud se atiendan debidamente! Senador Jorge Enrique Robledo","author":"admin","date":"enero 25, 2019","format":"video","excerpt":"\u00a1Importante! Tribunal Superior de Cundinamarca detiene venta de Medim\u00e1s gracias a la acci\u00f3n que interpusimos con Jos\u00e9 Roberto Acosta (y la Procuradur\u00eda). \u00a1Los colombianos deben tener la garant\u00eda de que sus problemas de salud se atiendan debidamente! Bogot\u00e1, enero 25 de 2019","rel":"","context":"En \u00abDebate Salud\u00bb","block_context":{"text":"Debate Salud","link":"https:\/\/moir.com.co\/web\/category\/jorge-enrique-robledo\/debate-salud\/"},"img":{"alt_text":"","src":"","width":0,"height":0},"classes":[]},{"id":16822,"url":"https:\/\/moir.com.co\/web\/video-medimas-y-la-crisis-de-la-salud-audiencia-publica-citada-por-el-senador-jorge-enrique-robledo-31-de-enero-a-las-9-am\/","url_meta":{"origin":13844,"position":3},"title":"Video: Medim\u00e1s y la crisis de la Salud: Audiencia P\u00fablica, citada por el senador Jorge Enrique Robledo, 31 de enero a las 9 am","author":"admin","date":"enero 29, 2019","format":"video","excerpt":"\u00bfConoce la grave situaci\u00f3n que padecen miles de colombianos por el p\u00e9simo sistema de salud? Vean en este video testimonios de usuarios de Medim\u00e1s EPS y el 31 de enero a las 9:00 AM en directo por Canal Congreso y mis redes la Audiencia P\u00fablica: \u201cMedim\u00e1s y la crisis de\u2026","rel":"","context":"En \u00abDebate Salud\u00bb","block_context":{"text":"Debate Salud","link":"https:\/\/moir.com.co\/web\/category\/jorge-enrique-robledo\/debate-salud\/"},"img":{"alt_text":"","src":"","width":0,"height":0},"classes":[]},{"id":13692,"url":"https:\/\/moir.com.co\/web\/video-por-un-nuevo-modelo-no-mas-eps-le-toca-a-la-salud-robledo\/","url_meta":{"origin":13844,"position":4},"title":"Video: Por un nuevo modelo: no m\u00e1s EPS, le toca a la salud: Robledo","author":"admin","date":"octubre 30, 2017","format":"video","excerpt":"Senador Jorge Enrique Robledo, audiencia p\u00fablica No m\u00e1s EPS, Comisi\u00f3n Quinta del Senado, 30 de octubre de 2017","rel":"","context":"En \u00abDebate Salud\u00bb","block_context":{"text":"Debate Salud","link":"https:\/\/moir.com.co\/web\/category\/jorge-enrique-robledo\/debate-salud\/"},"img":{"alt_text":"","src":"","width":0,"height":0},"classes":[]},{"id":16306,"url":"https:\/\/moir.com.co\/web\/video-saludo-del-senador-jorge-enrique-robledo-al-encuentro-nacional-de-dirigentes-cafeteros\/","url_meta":{"origin":13844,"position":5},"title":"Video: Saludo del senador Jorge Enrique Robledo al Encuentro Nacional de Dirigentes Cafeteros","author":"admin","date":"octubre 31, 2018","format":"video","excerpt":"Expreso mi solidaridad a los cafeteros y mi disposici\u00f3n a respaldar siempre sus luchas. Bogot\u00e1, octubre 31 de 2018","rel":"","context":"En \u00abAgro\u00bb","block_context":{"text":"Agro","link":"https:\/\/moir.com.co\/web\/category\/temas\/agro\/"},"img":{"alt_text":"","src":"","width":0,"height":0},"classes":[]}],"jetpack_sharing_enabled":true,"_links":{"self":[{"href":"https:\/\/moir.com.co\/web\/wp-json\/wp\/v2\/posts\/13844","targetHints":{"allow":["GET"]}}],"collection":[{"href":"https:\/\/moir.com.co\/web\/wp-json\/wp\/v2\/posts"}],"about":[{"href":"https:\/\/moir.com.co\/web\/wp-json\/wp\/v2\/types\/post"}],"author":[{"embeddable":true,"href":"https:\/\/moir.com.co\/web\/wp-json\/wp\/v2\/users\/1"}],"replies":[{"embeddable":true,"href":"https:\/\/moir.com.co\/web\/wp-json\/wp\/v2\/comments?post=13844"}],"version-history":[{"count":1,"href":"https:\/\/moir.com.co\/web\/wp-json\/wp\/v2\/posts\/13844\/revisions"}],"predecessor-version":[{"id":13845,"href":"https:\/\/moir.com.co\/web\/wp-json\/wp\/v2\/posts\/13844\/revisions\/13845"}],"wp:attachment":[{"href":"https:\/\/moir.com.co\/web\/wp-json\/wp\/v2\/media?parent=13844"}],"wp:term":[{"taxonomy":"category","embeddable":true,"href":"https:\/\/moir.com.co\/web\/wp-json\/wp\/v2\/categories?post=13844"},{"taxonomy":"post_tag","embeddable":true,"href":"https:\/\/moir.com.co\/web\/wp-json\/wp\/v2\/tags?post=13844"}],"curies":[{"name":"wp","href":"https:\/\/api.w.org\/{rel}","templated":true}]}}