{"id":13823,"date":"2017-11-15T17:04:44","date_gmt":"2017-11-15T17:04:44","guid":{"rendered":"https:\/\/moir.org.co\/web\/?p=13823"},"modified":"2017-11-15T17:04:44","modified_gmt":"2017-11-15T17:04:44","slug":"video-sergio-fernandez-nos-explica-quienes-estan-detras-de-la-revocatoria","status":"publish","type":"post","link":"https:\/\/moir.com.co\/web\/video-sergio-fernandez-nos-explica-quienes-estan-detras-de-la-revocatoria\/","title":{"rendered":"Video: Sergio Fern\u00e1ndez nos explica: \u00bfQui\u00e9nes est\u00e1n detr\u00e1s de la revocatoria?"},"content":{"rendered":"<p>Mucho se dice sobre qui\u00e9nes est\u00e1n promoviendo la revocatoria de Pe\u00f1alosa, pues bueno, aqu\u00ed les damos la respuesta. Bogot\u00e1, noviembre 15 de 2017<\/p>\n","protected":false},"excerpt":{"rendered":"<p>Mucho se dice sobre qui\u00e9nes est\u00e1n promoviendo la revocatoria de Pe\u00f1alosa, pues bueno, aqu\u00ed les damos la respuesta. Bogot\u00e1, noviembre 15 de 2017<\/p>\n","protected":false},"author":1,"featured_media":0,"comment_status":"open","ping_status":"open","sticky":false,"template":"","format":"video","meta":{"advanced_seo_description":"","jetpack_seo_html_title":"","jetpack_seo_noindex":false,"_jetpack_memberships_contains_paid_content":false,"footnotes":""},"categories":[101,102,97,98,110,111],"tags":[],"class_list":["post-13823","post","type-post","status-publish","format-video","hentry","category-bogota","category-economia","category-imperialismo-y-neoliberalismo","category-politica","category-vias-y-transporte","category-vivienda-y-desarrollo-urbano","post_format-post-format-video"],"jetpack_featured_media_url":"","jetpack-related-posts":[{"id":13385,"url":"https:\/\/moir.com.co\/web\/video-quienes-estan-embolatando-la-revocatoria-de-penalosa-sergio-fernandez\/","url_meta":{"origin":13823,"position":0},"title":"Video: \u00bfQui\u00e9nes est\u00e1n embolatando la revocatoria de Pe\u00f1alosa?, Sergio Fern\u00e1ndez","author":"admin","date":"septiembre 26, 2017","format":"video","excerpt":"\ud83d\ude32\u00bfQui\u00e9nes est\u00e1n embolatando la revocatoria de Pe\u00f1alosa? \u00bfPor qu\u00e9 no nos dejan ir a las urnas? \ud83d\udc49Nos quieren robar la democracia, conozca quienes son los responsables\ud83d\ude20, Bogot\u00e1, septiembre 26 de 2017","rel":"","context":"En \u00abBogot\u00e1\u00bb","block_context":{"text":"Bogot\u00e1","link":"https:\/\/moir.com.co\/web\/category\/temas\/bogota\/"},"img":{"alt_text":"","src":"","width":0,"height":0},"classes":[]},{"id":13117,"url":"https:\/\/moir.com.co\/web\/video-sergio-fernandez-la-revocatoria-de-penalosa-en-80-segundos\/","url_meta":{"origin":13823,"position":1},"title":"Video: Sergio Fern\u00e1ndez, la revocatoria de Pe\u00f1alosa en 80 segundos","author":"admin","date":"agosto 14, 2017","format":"video","excerpt":"En 89 segundos, Sergio Fern\u00e1ndez, Vocero del Comit\u00e9 Unidos Revocamos a Pe\u00f1alosa, responde las preguntas m\u00e1s comunes \u00bfPor qu\u00e9 revocarlo? \u00bfQui\u00e9nes promueven la revocatoria? \u00bfQui\u00e9n le paga a los promotores de la revocatoria? \u00bfQu\u00e9 sigue en la revocatoria?, Bogot\u00e1, agosto 12 de 2017","rel":"","context":"En \u00abBogot\u00e1\u00bb","block_context":{"text":"Bogot\u00e1","link":"https:\/\/moir.com.co\/web\/category\/temas\/bogota\/"},"img":{"alt_text":"","src":"","width":0,"height":0},"classes":[]},{"id":12254,"url":"https:\/\/moir.com.co\/web\/robledo-a-penalosa-sobre-la-revocatoria-desista-del-proposito-de-impedir-que-la-ciudadania-decida\/","url_meta":{"origin":13823,"position":2},"title":"Robledo a Pe\u00f1alosa sobre la revocatoria \u201cDesista del prop\u00f3sito de impedir que la ciudadan\u00eda decida\u201d","author":"admin","date":"mayo 3, 2017","format":false,"excerpt":"Jorge Enrique Robledo, Bogot\u00e1, mayo 3 de 2017 En carta dirigida al alcalde Mayor de Bogot\u00e1 Enrique Pe\u00f1alosa, el senador Jorge Enrique Robledo le solicita desistir del prop\u00f3sito de impedir que la ciudadan\u00eda decida en el proceso democr\u00e1tico de revocatoria. Robledo resalta que hasta el momento se han entregado 700.198\u2026","rel":"","context":"En \u00abBogot\u00e1\u00bb","block_context":{"text":"Bogot\u00e1","link":"https:\/\/moir.com.co\/web\/category\/temas\/bogota\/"},"img":{"alt_text":"","src":"https:\/\/i0.wp.com\/moir.com.co\/web\/wp-content\/uploads\/2017\/05\/robledocartaapen%CC%83alosa.png?fit=578%2C325&ssl=1&resize=350%2C200","width":350,"height":200,"srcset":"https:\/\/i0.wp.com\/moir.com.co\/web\/wp-content\/uploads\/2017\/05\/robledocartaapen%CC%83alosa.png?fit=578%2C325&ssl=1&resize=350%2C200 1x, https:\/\/i0.wp.com\/moir.com.co\/web\/wp-content\/uploads\/2017\/05\/robledocartaapen%CC%83alosa.png?fit=578%2C325&ssl=1&resize=525%2C300 1.5x"},"classes":[]},{"id":14603,"url":"https:\/\/moir.com.co\/web\/video-nos-robaron-la-revocatoria-de-penalosa-concejal-manuel-sarmiento\/","url_meta":{"origin":13823,"position":3},"title":"Video: Nos robaron la revocatoria de Pe\u00f1alosa: concejal Manuel Sarmiento","author":"admin","date":"febrero 28, 2018","format":"video","excerpt":"Bogot\u00e1, febrero 28 de 2018","rel":"","context":"En \u00abBogot\u00e1\u00bb","block_context":{"text":"Bogot\u00e1","link":"https:\/\/moir.com.co\/web\/category\/temas\/bogota\/"},"img":{"alt_text":"","src":"","width":0,"height":0},"classes":[]},{"id":12883,"url":"https:\/\/moir.com.co\/web\/hagamos-historia-revoquemos-a-penalosa\/","url_meta":{"origin":13823,"position":4},"title":"Hagamos historia, revoquemos a Pe\u00f1alosa","author":"admin","date":"julio 16, 2017","format":false,"excerpt":"Sergio Fern\u00e1ndez, Bogot\u00e1, julio 15 de 2017 El Comit\u00e9 Unidos Revocamos a Pe\u00f1alosa present\u00f3 ante la Registradur\u00eda m\u00e1s de 700 000 firmas de ciudadanos solicitando la convocatoria a una revocatoria del mandato del alcalde de Bogot\u00e1, Enrique Pe\u00f1alosa. La Ley exige por lo menos, 271 000 firmas v\u00e1lidas para convocar\u2026","rel":"","context":"En \u00abBogot\u00e1\u00bb","block_context":{"text":"Bogot\u00e1","link":"https:\/\/moir.com.co\/web\/category\/temas\/bogota\/"},"img":{"alt_text":"","src":"https:\/\/i0.wp.com\/moir.com.co\/web\/wp-content\/uploads\/2017\/07\/pen%CC%83alosarevocatoria1.jpg?fit=700%2C500&ssl=1&resize=350%2C200","width":350,"height":200,"srcset":"https:\/\/i0.wp.com\/moir.com.co\/web\/wp-content\/uploads\/2017\/07\/pen%CC%83alosarevocatoria1.jpg?fit=700%2C500&ssl=1&resize=350%2C200 1x, https:\/\/i0.wp.com\/moir.com.co\/web\/wp-content\/uploads\/2017\/07\/pen%CC%83alosarevocatoria1.jpg?fit=700%2C500&ssl=1&resize=525%2C300 1.5x, https:\/\/i0.wp.com\/moir.com.co\/web\/wp-content\/uploads\/2017\/07\/pen%CC%83alosarevocatoria1.jpg?fit=700%2C500&ssl=1&resize=700%2C400 2x"},"classes":[]},{"id":12769,"url":"https:\/\/moir.com.co\/web\/video-avanza-la-revocatoria-de-penalosa\/","url_meta":{"origin":13823,"position":5},"title":"Video: Avanza la revocatoria de Pe\u00f1alosa","author":"admin","date":"junio 27, 2017","format":"video","excerpt":"","rel":"","context":"En \u00abBogot\u00e1\u00bb","block_context":{"text":"Bogot\u00e1","link":"https:\/\/moir.com.co\/web\/category\/temas\/bogota\/"},"img":{"alt_text":"","src":"","width":0,"height":0},"classes":[]}],"jetpack_sharing_enabled":true,"_links":{"self":[{"href":"https:\/\/moir.com.co\/web\/wp-json\/wp\/v2\/posts\/13823","targetHints":{"allow":["GET"]}}],"collection":[{"href":"https:\/\/moir.com.co\/web\/wp-json\/wp\/v2\/posts"}],"about":[{"href":"https:\/\/moir.com.co\/web\/wp-json\/wp\/v2\/types\/post"}],"author":[{"embeddable":true,"href":"https:\/\/moir.com.co\/web\/wp-json\/wp\/v2\/users\/1"}],"replies":[{"embeddable":true,"href":"https:\/\/moir.com.co\/web\/wp-json\/wp\/v2\/comments?post=13823"}],"version-history":[{"count":1,"href":"https:\/\/moir.com.co\/web\/wp-json\/wp\/v2\/posts\/13823\/revisions"}],"predecessor-version":[{"id":13824,"href":"https:\/\/moir.com.co\/web\/wp-json\/wp\/v2\/posts\/13823\/revisions\/13824"}],"wp:attachment":[{"href":"https:\/\/moir.com.co\/web\/wp-json\/wp\/v2\/media?parent=13823"}],"wp:term":[{"taxonomy":"category","embeddable":true,"href":"https:\/\/moir.com.co\/web\/wp-json\/wp\/v2\/categories?post=13823"},{"taxonomy":"post_tag","embeddable":true,"href":"https:\/\/moir.com.co\/web\/wp-json\/wp\/v2\/tags?post=13823"}],"curies":[{"name":"wp","href":"https:\/\/api.w.org\/{rel}","templated":true}]}}