{"id":13820,"date":"2017-11-14T17:07:01","date_gmt":"2017-11-14T17:07:01","guid":{"rendered":"https:\/\/moir.org.co\/web\/?p=13820"},"modified":"2017-11-14T17:07:01","modified_gmt":"2017-11-14T17:07:01","slug":"agresion-impositiva-a-la-vista","status":"publish","type":"post","link":"https:\/\/moir.com.co\/web\/agresion-impositiva-a-la-vista\/","title":{"rendered":"Agresi\u00f3n impositiva a la vista"},"content":{"rendered":"<p><strong>Norman Alarc\u00f3n Rodas, Barranquilla, noviembre 14 de 2017<\/strong><\/p>\n<p>La pasada administraci\u00f3n de Elsa Noguera adopt\u00f3 por decreto el Plan de Ordenamiento Territorial 2012-2032, salt\u00e1ndose al Concejo Distrital y fijando como uno de sus objetivos afinar los instrumentos tributarios para recaudar billones de pesos con el objeto de adelantar sus planes a favor de las \u00e9lites encumbradas en el poder econ\u00f3mico y pol\u00edtico de Barranquilla. Al inicio de la actual Alcald\u00eda, presidida por Alejandro Char, la corporaci\u00f3n edilicia, en consonancia con el POT, aprob\u00f3 sin chistar el Plan de Desarrollo Distrital 2016-2019, que en la p\u00e1gina 212 se\u00f1ala como orientaci\u00f3n fiscal la \u201creforma y actualizaci\u00f3n permanente del Estatuto Tributario\u201d, con lo cual no habr\u00e1 reglas de juego estables en esta materia. Estimaban los concejales que el predial aumentar\u00eda $25.000 millones anuales y que en el 2017 \u201ccrecer\u00eda en un 19%, equivalente a $46.500 millones\u201d, todo lo cual se est\u00e1 dando con creces, mientras la poblaci\u00f3n sigue sumida en enormes dificultades econ\u00f3micas.<\/p>\n<p>En estos meses finales del a\u00f1o, los veinti\u00fan concejales de Barranquilla se encuentran en la tarea de analizar, discutir y votar el proyecto de presupuesto de Barranquilla para el a\u00f1o 2018, que afila m\u00e1s las normas, sobre todo tributarias, tanto del POT como del Plan de Desarrollo Distrital. Por eso los ingresos tributarios tienen un aumento proyectado del 28% (ya hab\u00edan crecido 21,7% en 2016), los ingresos no tributarios propios (contribuciones por valorizaci\u00f3n entre otros) del 35% y el total de ingresos un alza del 10.7% (cuando ya hab\u00eda aumentado 18,09%). Todos estos incrementos est\u00e1n muy por encima del costo de vida (p\u00e1gina 20 proyecto de presupuesto). Dichos aumentos, enuncia el proyecto, han tenido como base \u201creformas estatutarias que han permitido alcanzar mayores niveles de tributaci\u00f3n\u201d, pero a\u00f1ade que \u201cel recaudo efectivo sigue estando por debajo del recaudo potencial, especialmente en lo relacionado con el impuesto predial\u201d. La Administraci\u00f3n muestra as\u00ed su desprecio por la situaci\u00f3n calamitosa de la ciudadan\u00eda.<\/p>\n<p>La situaci\u00f3n de la deuda p\u00fablica distrital se agrava a\u00fan m\u00e1s, por cuanto su monto y condiciones llevan a una hipoteca real que entrampa a los contribuyentes, quienes son los que terminan pag\u00e1ndola. La deuda p\u00fablica financiera a 31 de diciembre de 2016 era de\u00a0$657.632 millones, pero a 30 de junio ya llegaba a $716.254 millones y la proyecci\u00f3n a 31 de diciembre de 2017 es de $766.897 millones, a pesar de los pagos hechos en 2016 por $72.104 millones y el previsto de intereses y capital en 2018 por la suma de $160.000 millones.<\/p>\n<p>El proyecto propone una programaci\u00f3n de los pagos del servicio a la deuda por $1,85 billones entre 2017 y 2026. Es decir, mientras m\u00e1s se paga, m\u00e1s se debe, similar a lo que ocurre con la deuda externa del pa\u00eds, que sobrepasa los 120.000 millones de d\u00f3lares. Todo esto sin tener en cuenta las vigencias futuras ordinarias y extraordinarias, que solo para 2018 son del orden de $317.128 millones (p\u00e1gina 49 del proyecto). Pero si se relacionan las que van hasta el a\u00f1o 2032 y las nuevas hasta 2039 y los pr\u00e9stamos del Banco Interamericano de Desarrollo (BID), se llega a cifras astron\u00f3micas de deudas por encima de los dos billones de pesos, que, como dice el profesor Jairo Parada, la de Barranquilla \u201ces prosperidad al debe\u201d. Y eso sin tener en cuenta que el distrito est\u00e1 inmerso en la ley 550 (ley de quiebras), por la cual pag\u00f3 en 2016 la suma de $135.871 millones (p\u00e1gina 236 del proyecto)<\/p>\n<p>Todo este panorama, adem\u00e1s de los m\u00faltiples conflictos sociales que pululan por doquier en La Arenosa y que llevaron a miles de ciudadanos a salir a una masiva y vigorosa marcha de antorchas contra la corrupci\u00f3n y por exigir soluciones a sus problemas, debe llevar a que las fuerzas vivas hagan parte de la discusi\u00f3n del proyecto de presupuesto de Barranquilla y se hagan sentir en el Concejo Distrital antes que se nos venga encima esta agresi\u00f3n tributaria que solo beneficiar\u00eda a una peque\u00f1a capa social, la que controla la contrataci\u00f3n p\u00fablica.<\/p>\n","protected":false},"excerpt":{"rendered":"<p>Norman Alarc\u00f3n Rodas, Barranquilla, noviembre 14 de 2017 La pasada administraci\u00f3n de Elsa Noguera adopt\u00f3 por decreto el Plan de Ordenamiento Territorial 2012-2032, salt\u00e1ndose al Concejo Distrital y fijando como uno de sus objetivos afinar los instrumentos tributarios para recaudar billones de pesos con el objeto de adelantar sus planes a favor de las \u00e9lites [&hellip;]<\/p>\n","protected":false},"author":1,"featured_media":13821,"comment_status":"open","ping_status":"open","sticky":false,"template":"","format":"standard","meta":{"advanced_seo_description":"","jetpack_seo_html_title":"","jetpack_seo_noindex":false,"_jetpack_memberships_contains_paid_content":false,"footnotes":""},"categories":[102,97,98,111],"tags":[],"class_list":["post-13820","post","type-post","status-publish","format-standard","has-post-thumbnail","hentry","category-economia","category-imperialismo-y-neoliberalismo","category-politica","category-vivienda-y-desarrollo-urbano"],"jetpack_featured_media_url":"https:\/\/i0.wp.com\/moir.com.co\/web\/wp-content\/uploads\/2017\/11\/Barranquilla.jpg?fit=186%2C139&ssl=1","jetpack-related-posts":[{"id":7733,"url":"https:\/\/moir.com.co\/web\/un-pot-inconsulto-y-al-servicio-de-los-potentados\/","url_meta":{"origin":13820,"position":0},"title":"Un POT inconsulto y al servicio de los potentados","author":"admin","date":"julio 18, 2013","format":false,"excerpt":"Desde hace un mes la alcald\u00eda distrital de Barranquilla dio a conocer los documentos que sustentan el proyecto de Plan de Ordenamiento Territorial de la urbe con una vigencia de veinte a\u00f1os, con lo cual se abri\u00f3 un debate en los distintos sectores sociales, gremios, medios de comunicaci\u00f3n, entre otros.\u2026","rel":"","context":"En \u00abTemas\u00bb","block_context":{"text":"Temas","link":"https:\/\/moir.com.co\/web\/category\/temas\/"},"img":{"alt_text":"","src":"","width":0,"height":0},"classes":[]},{"id":10146,"url":"https:\/\/moir.com.co\/web\/plan-de-desarrollo-de-barranquilla-2016-2019-endeudamiento-con-la-banca-e-impuestos-a-granel\/","url_meta":{"origin":13820,"position":1},"title":"Plan de Desarrollo de Barranquilla 2016-2019: endeudamiento con la banca e impuestos a granel","author":"admin","date":"mayo 12, 2016","format":false,"excerpt":"Aprobado el Plan de Desarrollo de Barranquilla (PDB) con el Acuerdo N\u00b0 0011 de abril 22 de 2016 del concejo distrital y estampada la firma del alcalde Char, se puede iniciar la evaluaci\u00f3n tanto de la parte estrat\u00e9gica como su plan de inversiones. Seg\u00fan la Constituci\u00f3n Nacional y la ley\u2026","rel":"","context":"En \u00abTemas\u00bb","block_context":{"text":"Temas","link":"https:\/\/moir.com.co\/web\/category\/temas\/"},"img":{"alt_text":"","src":"","width":0,"height":0},"classes":[]},{"id":18640,"url":"https:\/\/moir.com.co\/web\/pdd-de-barranquilla-2020-2023-alzas-de-impuestos-especulacion-financiera-y-privatizaciones\/","url_meta":{"origin":13820,"position":2},"title":"PDD de Barranquilla 2020-2023: Alzas de impuestos, especulaci\u00f3n financiera y privatizaciones","author":"admin","date":"mayo 12, 2020","format":false,"excerpt":"Norman Alarc\u00f3n Rodas, Barranquilla, mayo 11 de 2020 Las 426 p\u00e1ginas del proyecto de Plan de Desarrollo Distrital de Barranquilla marcan la ruta del cuatrenio 2020-2023 en armon\u00eda con \u201cel Plan Nacional de Desarrollo 2018-2022 (PND) del Gobierno Duque\u201d y con los planes de desarrollo desde 2008 hasta nuestros d\u00edas,\u2026","rel":"","context":"En \u00abEconom\u00eda\u00bb","block_context":{"text":"Econom\u00eda","link":"https:\/\/moir.com.co\/web\/category\/temas\/economia\/"},"img":{"alt_text":"","src":"","width":0,"height":0},"classes":[]},{"id":6568,"url":"https:\/\/moir.com.co\/web\/apuntes-sobre-el-plan-de-desarrollo-de-barranquilla-2012-2015-cerrar-la-brecha-social-y-abrir-caminos-hacia-la-competitividad\/","url_meta":{"origin":13820,"position":3},"title":"Apuntes sobre  el plan de desarrollo de barranquilla 2012-2015: \u201ccerrar la brecha social y abrir caminos hacia la competitividad\u201d","author":"admin","date":"mayo 29, 2012","format":false,"excerpt":"OBJETIVO GENERAL: Dinamizar nuestro progreso como capital de la inclusi\u00f3n y el libre comercio, ambiente de confianza para la inversi\u00f3n p\u00fablica y privada. Contribuir con el logro de los objetivos del milenio proyectados para el 2015, por medio de las metas que se planearon en el Conpes 140 de 2011,\u2026","rel":"","context":"En \u00abTemas\u00bb","block_context":{"text":"Temas","link":"https:\/\/moir.com.co\/web\/category\/temas\/"},"img":{"alt_text":"","src":"","width":0,"height":0},"classes":[]},{"id":8105,"url":"https:\/\/moir.com.co\/web\/mayoria-de-ponencias-criticas-en-cabildo-abierto-sobre-el-p-o-t-de-barranquilla\/","url_meta":{"origin":13820,"position":4},"title":"Mayor\u00eda de ponencias cr\u00edticas en cabildo abierto sobre el P.O.T. de Barranquilla","author":"admin","date":"noviembre 30, 2013","format":false,"excerpt":"El cabildo abierto convocado por el Concejo Distrital de Barranquilla para el jueves 28 de noviembre para debatir a fondo sobre el proyecto de Plan de Ordenamiento Territorial de la ciudad se desarroll\u00f3 en medio de concienzudas cr\u00edticas a la forma y al contenido del mismo, por parte de la\u2026","rel":"","context":"En \u00abPolo Democr\u00e1tico Alternativo\u00bb","block_context":{"text":"Polo Democr\u00e1tico Alternativo","link":"https:\/\/moir.com.co\/web\/category\/polo-democratico-alternativo\/"},"img":{"alt_text":"","src":"","width":0,"height":0},"classes":[]},{"id":18980,"url":"https:\/\/moir.com.co\/web\/vicisitudes-de-los-mercados-de-barranquillita\/","url_meta":{"origin":13820,"position":5},"title":"Vicisitudes de los mercados de Barranquillita","author":"admin","date":"diciembre 17, 2020","format":false,"excerpt":"Norman Alarc\u00f3n Rodas, Barranquilla, diciembre 11 de 2020 Es lamentable el estado en que se encuentra la mayor\u00eda de las once plazas de mercado que comprenden las actividades comerciales de los alrededores de Barranquillita. Visto en un contexto hist\u00f3rico de m\u00e1s de un siglo, all\u00ed est\u00e1 plasmado el devenir de\u2026","rel":"","context":"En \u00abPol\u00edtica\u00bb","block_context":{"text":"Pol\u00edtica","link":"https:\/\/moir.com.co\/web\/category\/temas\/politica\/"},"img":{"alt_text":"","src":"","width":0,"height":0},"classes":[]}],"jetpack_sharing_enabled":true,"_links":{"self":[{"href":"https:\/\/moir.com.co\/web\/wp-json\/wp\/v2\/posts\/13820","targetHints":{"allow":["GET"]}}],"collection":[{"href":"https:\/\/moir.com.co\/web\/wp-json\/wp\/v2\/posts"}],"about":[{"href":"https:\/\/moir.com.co\/web\/wp-json\/wp\/v2\/types\/post"}],"author":[{"embeddable":true,"href":"https:\/\/moir.com.co\/web\/wp-json\/wp\/v2\/users\/1"}],"replies":[{"embeddable":true,"href":"https:\/\/moir.com.co\/web\/wp-json\/wp\/v2\/comments?post=13820"}],"version-history":[{"count":1,"href":"https:\/\/moir.com.co\/web\/wp-json\/wp\/v2\/posts\/13820\/revisions"}],"predecessor-version":[{"id":13822,"href":"https:\/\/moir.com.co\/web\/wp-json\/wp\/v2\/posts\/13820\/revisions\/13822"}],"wp:featuredmedia":[{"embeddable":true,"href":"https:\/\/moir.com.co\/web\/wp-json\/wp\/v2\/media\/13821"}],"wp:attachment":[{"href":"https:\/\/moir.com.co\/web\/wp-json\/wp\/v2\/media?parent=13820"}],"wp:term":[{"taxonomy":"category","embeddable":true,"href":"https:\/\/moir.com.co\/web\/wp-json\/wp\/v2\/categories?post=13820"},{"taxonomy":"post_tag","embeddable":true,"href":"https:\/\/moir.com.co\/web\/wp-json\/wp\/v2\/tags?post=13820"}],"curies":[{"name":"wp","href":"https:\/\/api.w.org\/{rel}","templated":true}]}}