{"id":13811,"date":"2017-11-13T18:54:02","date_gmt":"2017-11-13T18:54:02","guid":{"rendered":"https:\/\/moir.org.co\/web\/?p=13811"},"modified":"2017-11-13T18:54:02","modified_gmt":"2017-11-13T18:54:02","slug":"video-los-4-pilares-para-cambiar-el-pais-jorge-enrique-robledo","status":"publish","type":"post","link":"https:\/\/moir.com.co\/web\/video-los-4-pilares-para-cambiar-el-pais-jorge-enrique-robledo\/","title":{"rendered":"Video: Los 4 pilares para cambiar el pa\u00eds: Jorge Enrique Robledo"},"content":{"rendered":"<p>En debate de candidatos presidenciales, Jorge Enrique Robledo present\u00f3 los cuatro pilares para construir un pa\u00eds donde el sol brille para todos. Bogot\u00e1, noviembre 5 de 2017<\/p>\n","protected":false},"excerpt":{"rendered":"<p>En debate de candidatos presidenciales, Jorge Enrique Robledo present\u00f3 los cuatro pilares para construir un pa\u00eds donde el sol brille para todos. Bogot\u00e1, noviembre 5 de 2017<\/p>\n","protected":false},"author":1,"featured_media":0,"comment_status":"open","ping_status":"open","sticky":false,"template":"","format":"video","meta":{"advanced_seo_description":"","jetpack_seo_html_title":"","jetpack_seo_noindex":false,"_jetpack_memberships_contains_paid_content":false,"footnotes":""},"categories":[102,97,4,98],"tags":[],"class_list":["post-13811","post","type-post","status-publish","format-video","hentry","category-economia","category-imperialismo-y-neoliberalismo","category-jorge-enrique-robledo","category-politica","post_format-post-format-video"],"jetpack_featured_media_url":"","jetpack-related-posts":[{"id":9298,"url":"https:\/\/moir.com.co\/web\/robledo-se-solidariza-con-los-educadores-colombianos\/","url_meta":{"origin":13811,"position":0},"title":"Robledo se solidariza con los educadores colombianos","author":"admin","date":"abril 14, 2015","format":false,"excerpt":"Fecode saldr\u00e1 a paro indefinido el pr\u00f3ximo mi\u00e9rcoles 22 de abril; el pliego de peticiones es justo; Fecode defiende la educaci\u00f3n universal, p\u00fablica, de alta calidad y gratuita; que el gobierno Santos atienda las justas peticiones de los educadores colombianos El 24 de febrero pasado la Federaci\u00f3n Colombiana de Educadores,\u2026","rel":"","context":"En \u00abJorge Enrique Robledo\u00bb","block_context":{"text":"Jorge Enrique Robledo","link":"https:\/\/moir.com.co\/web\/category\/jorge-enrique-robledo\/"},"img":{"alt_text":"","src":"","width":0,"height":0},"classes":[]},{"id":14051,"url":"https:\/\/moir.com.co\/web\/las-propuestas-de-robledo-el-candidato-presidencial-del-polo-para-todos-los-colombianos\/","url_meta":{"origin":13811,"position":1},"title":"Video entrevista en Canal Capital: Las propuestas de Robledo, el Candidato Presidencial del Polo para todos los colombianos","author":"admin","date":"diciembre 8, 2017","format":"video","excerpt":"En entrevista con Yesid Lancheros y Erika Fontalvo en el programa #OpinaBogot\u00e1 de Canal Capital, el Candidato Presidencial del Polo Democr\u00e1tico explica su visi\u00f3n del pa\u00eds y se\u00f1ala los pilares de sus propuestas y de como ser\u00eda su gobierno.\u00a0Publicado el 7 de diciembre de 2017","rel":"","context":"En \u00abCiencia\u00bb","block_context":{"text":"Ciencia","link":"https:\/\/moir.com.co\/web\/category\/temas\/ciencia\/"},"img":{"alt_text":"","src":"","width":0,"height":0},"classes":[]},{"id":2139,"url":"https:\/\/moir.com.co\/web\/el-senador-robledo-rechaza-el-intento-de-linchamiento-del-presidente-uribe-contra-la-corte-suprema-de-justicia\/","url_meta":{"origin":13811,"position":2},"title":"EL SENADOR ROBLEDO RECHAZA EL INTENTO DE LINCHAMIENTO DEL PRESIDENTE URIBE CONTRA LA CORTE SUPREMA DE JUSTICIA","author":"admin","date":"enero 21, 2008","format":false,"excerpt":"Oficina de Prensa Senador Jorge Enrique Robledo, Bogot\u00e1, 21 de enero de 2008 El senador Jorge Enrique Robledo rechaz\u00f3 \u201cel nuevo intento del presidente Uribe de someter a la Corte Suprema de Justicia, esta vez por la v\u00eda de intentar una especie de linchamiento de su presidente, el magistrado C\u00e9sar\u2026","rel":"","context":"En \u00abJorge Enrique Robledo\u00bb","block_context":{"text":"Jorge Enrique Robledo","link":"https:\/\/moir.com.co\/web\/category\/jorge-enrique-robledo\/"},"img":{"alt_text":"","src":"","width":0,"height":0},"classes":[]},{"id":8102,"url":"https:\/\/moir.com.co\/web\/gobierno-falta-a-la-verdad-al-afirmar-que-incidente-de-impacto-fiscal-no-afectara-la-tutela-robledo\/","url_meta":{"origin":13811,"position":3},"title":"\u201cGobierno falta a la verdad al afirmar que incidente de impacto fiscal no afectar\u00e1 la tutela\u201d: Robledo","author":"admin","date":"noviembre 28, 2013","format":false,"excerpt":"El proyecto de ley le hace un ataque de fondo a la tutela, mina derechos fundamentales de los colombianos y lesiona pilares fundamentales del Estado de Derecho. Como una \u201cfalta grave a la verdad\u201d calific\u00f3 el senador del Polo Democr\u00e1tico, Jorge Enrique Robledo, la afirmaci\u00f3n hecha por el gobierno de\u2026","rel":"","context":"En \u00abJorge Enrique Robledo\u00bb","block_context":{"text":"Jorge Enrique Robledo","link":"https:\/\/moir.com.co\/web\/category\/jorge-enrique-robledo\/"},"img":{"alt_text":"","src":"","width":0,"height":0},"classes":[]},{"id":14684,"url":"https:\/\/moir.com.co\/web\/video-con-tu-apoyo-seguire-acabando-desde-el-senado-con-la-corrupcion-que-padece-este-pais-jorge-enrique-robledo\/","url_meta":{"origin":13811,"position":4},"title":"Video: Con tu apoyo seguir\u00e9 acabando desde el Senado con la corrupci\u00f3n que padece este Pa\u00eds, Jorge Enrique Robledo","author":"admin","date":"marzo 7, 2018","format":"video","excerpt":"Bogot\u00e1, marzo 7 de 2018","rel":"","context":"En \u00abJorge Enrique Robledo\u00bb","block_context":{"text":"Jorge Enrique Robledo","link":"https:\/\/moir.com.co\/web\/category\/jorge-enrique-robledo\/"},"img":{"alt_text":"","src":"","width":0,"height":0},"classes":[]},{"id":16367,"url":"https:\/\/moir.com.co\/web\/video-la-importancia-de-la-educacion-para-el-desarrollo-del-pais-senador-jorge-enrique-robledo\/","url_meta":{"origin":13811,"position":5},"title":"Video: La importancia de la educaci\u00f3n para el desarrollo del pa\u00eds, senador Jorge Enrique Robledo","author":"admin","date":"noviembre 10, 2018","format":"video","excerpt":"Conferencia a los estudiantes, profesores y directivos de la Universidad de Cundinamarca sede Facatativ\u00e1. Noviembre 9 de 2018","rel":"","context":"En \u00abEconom\u00eda\u00bb","block_context":{"text":"Econom\u00eda","link":"https:\/\/moir.com.co\/web\/category\/temas\/economia\/"},"img":{"alt_text":"","src":"","width":0,"height":0},"classes":[]}],"jetpack_sharing_enabled":true,"_links":{"self":[{"href":"https:\/\/moir.com.co\/web\/wp-json\/wp\/v2\/posts\/13811","targetHints":{"allow":["GET"]}}],"collection":[{"href":"https:\/\/moir.com.co\/web\/wp-json\/wp\/v2\/posts"}],"about":[{"href":"https:\/\/moir.com.co\/web\/wp-json\/wp\/v2\/types\/post"}],"author":[{"embeddable":true,"href":"https:\/\/moir.com.co\/web\/wp-json\/wp\/v2\/users\/1"}],"replies":[{"embeddable":true,"href":"https:\/\/moir.com.co\/web\/wp-json\/wp\/v2\/comments?post=13811"}],"version-history":[{"count":1,"href":"https:\/\/moir.com.co\/web\/wp-json\/wp\/v2\/posts\/13811\/revisions"}],"predecessor-version":[{"id":13812,"href":"https:\/\/moir.com.co\/web\/wp-json\/wp\/v2\/posts\/13811\/revisions\/13812"}],"wp:attachment":[{"href":"https:\/\/moir.com.co\/web\/wp-json\/wp\/v2\/media?parent=13811"}],"wp:term":[{"taxonomy":"category","embeddable":true,"href":"https:\/\/moir.com.co\/web\/wp-json\/wp\/v2\/categories?post=13811"},{"taxonomy":"post_tag","embeddable":true,"href":"https:\/\/moir.com.co\/web\/wp-json\/wp\/v2\/tags?post=13811"}],"curies":[{"name":"wp","href":"https:\/\/api.w.org\/{rel}","templated":true}]}}