{"id":13809,"date":"2017-11-13T17:10:44","date_gmt":"2017-11-13T17:10:44","guid":{"rendered":"https:\/\/moir.org.co\/web\/?p=13809"},"modified":"2017-11-13T17:10:44","modified_gmt":"2017-11-13T17:10:44","slug":"cartageneros-demonos-la-oportunidad","status":"publish","type":"post","link":"https:\/\/moir.com.co\/web\/cartageneros-demonos-la-oportunidad\/","title":{"rendered":"Cartageneros: \u00a1d\u00e9monos la oportunidad!"},"content":{"rendered":"<p><strong>Jos\u00e9 Arlex Arias, Cartagena, noviembre 13 de 2017<\/strong><\/p>\n<p>Producto de la corrupci\u00f3n al sufragante y de las equivocaciones en la elecci\u00f3n de su alcalde, Cartagena vive el m\u00e1s grande de los caos. Por eso es necesario repasar un poco su historia con el objetivo de no volver a repetirla. Esta ciudad es generosa en improvisaci\u00f3n y en administraciones interinas y cuenta con dos elecciones at\u00edpicas para la alcald\u00eda \u2013Carlos D\u00edaz Redondo y Dionisio V\u00e9lez Trujillo\u2013, lo que indica que quien sea elegido para cubrir la vacante de Manuel Vicente Duque V\u00e1squez, ser\u00e1 su tercer alcalde at\u00edpico, todo un r\u00e9cord.<\/p>\n<p>&nbsp;<\/p>\n<p>Ante la renuncia del alcalde Nicol\u00e1s Curi en agosto de 1999, fue encargada Gina Benedetti, entre el 8 de noviembre de 1999 y el 31 de diciembre de 2000, cuando fue elegido Carlos D\u00edaz en las primeras elecciones at\u00edpicas, ejerciendo desde el 17 de noviembre de 2001 al 17 de noviembre de 2003. Luego fue elegido Alberto Barbosa Senior del 1 de enero de 2004 al 7 de diciembre de 2005; en nuevas elecciones fue reelegido Nicol\u00e1s Curi, quien gobern\u00f3 del 8 de diciembre de 2005\u00a0 hasta el 31 de diciembre de 2008. Vino el turno de Judith Pinedo Fl\u00f3rez, del 1 de enero de 2009 al 31 de diciembre de 2011. El 1 enero de 2012 se posesion\u00f3 Campo El\u00edas Ter\u00e1n, renunciando el 8 de abril de 2013, pero por l\u00edos administrativos y de salud, gener\u00f3 varias vacancias: Felipe Merlano, Oscar Brieva, Bruce Mac Master y Carlos Otero fueron alcaldes encargados. El 14 de julio del 2013 fue la segunda elecci\u00f3n at\u00edpica, que gan\u00f3 Dionisio V\u00e9lez hasta el 31 de diciembre de 2015. El 1 de enero de 2016 se posesion\u00f3 Duque, quien ante su suspensi\u00f3n y detenci\u00f3n, gener\u00f3 la vacancia al alcalde interino Sergio Londo\u00f1o, y por renuncia de Duque, el 30 de octubre de 2017, hay otra elecci\u00f3n at\u00edpica. 14 alcaldes en 18 a\u00f1os; de ellos, 8 en los \u00faltimos 5 a\u00f1os.<\/p>\n<p>&nbsp;<\/p>\n<p>Esta inestabilidad administrativa trae un caos en todos los niveles, con una ciudad al garete. Si bien es cierto que la responsabilidad recae en las castas pol\u00edticas y casas financiadoras que crean alianzas o empresas electorales cuyo objetivo es secuestrar el presupuesto y el patrimonio p\u00fablico \u2013cual bandas criminales\u2013, tambi\u00e9n es responsable la sociedad cartagenera, en todos sus niveles y clases sociales, con unos liderazgos que con su silencio se hacen c\u00f3mplices del saqueo, e incluso muchos de ellos son parte de esa banda criminal que se roban los pesos destinados a resolver los graves problemas de: miseria, pobreza, insatisfacci\u00f3n de necesidades b\u00e1sicas, seguridad, movilidad, producci\u00f3n y empleos dignos que padecen los cartageneros. Esa dirigencia, junto con algunos l\u00edderes comunales y sociales, le est\u00e1n debiendo un acto de contrici\u00f3n a la ciudad, pues han servido de puya ojos a esos bandidos.<\/p>\n<p>&nbsp;<\/p>\n<p>No todo est\u00e1 perdido: En las crisis emergen las grandes soluciones. Los cartageneros tenemos una nueva oportunidad en la elecci\u00f3n de su tercer alcalde at\u00edpico, para la cual se barajan valiosos nombres. El Polo Democr\u00e1tico de Bol\u00edvar ha colocado a consideraci\u00f3n de los cartageneros el del abogado David M\u00fanera, hombre que lleva m\u00e1s de cuarenta a\u00f1os luchando por la ciudad, que conoce y sabe cu\u00e1les son las soluciones a sus problemas y que, como lo demostr\u00f3 en el Concejo, est\u00e1 blindado contra cualquier propuesta de corrupci\u00f3n. \u00a1D\u00e9mosle esa oportunidad!<\/p>\n","protected":false},"excerpt":{"rendered":"<p>Jos\u00e9 Arlex Arias, Cartagena, noviembre 13 de 2017 Producto de la corrupci\u00f3n al sufragante y de las equivocaciones en la elecci\u00f3n de su alcalde, Cartagena vive el m\u00e1s grande de los caos. Por eso es necesario repasar un poco su historia con el objetivo de no volver a repetirla. Esta ciudad es generosa en improvisaci\u00f3n [&hellip;]<\/p>\n","protected":false},"author":1,"featured_media":13719,"comment_status":"open","ping_status":"open","sticky":false,"template":"","format":"standard","meta":{"advanced_seo_description":"","jetpack_seo_html_title":"","jetpack_seo_noindex":false,"_jetpack_memberships_contains_paid_content":false,"footnotes":""},"categories":[102,97,98,110,111],"tags":[],"class_list":["post-13809","post","type-post","status-publish","format-standard","has-post-thumbnail","hentry","category-economia","category-imperialismo-y-neoliberalismo","category-politica","category-vias-y-transporte","category-vivienda-y-desarrollo-urbano"],"jetpack_featured_media_url":"https:\/\/i0.wp.com\/moir.com.co\/web\/wp-content\/uploads\/2017\/11\/davidmuneracandidatoalcalde.jpg?fit=900%2C1200&ssl=1","jetpack-related-posts":[{"id":7612,"url":"https:\/\/moir.com.co\/web\/atipico-votar-por-los-mismos-causantes-de-la-crisis\/","url_meta":{"origin":13809,"position":0},"title":"At\u00edpico: votar por los mismos causantes de la crisis","author":"admin","date":"junio 3, 2013","format":false,"excerpt":"Cartagena, la \u201cjoya de la corona\u201d de propios y extra\u00f1os, se apresta a ser el coto de caza, el premio mayor, de quien -a trav\u00e9s de la celebraci\u00f3n de nuevos comicios electorales- regir\u00e1 los destinos del Distrito, debido al fallecimiento \u2013el pasado 22 de abril\u2013 del alcalde Campo El\u00edas Ter\u00e1n\u2026","rel":"","context":"En \u00abTemas\u00bb","block_context":{"text":"Temas","link":"https:\/\/moir.com.co\/web\/category\/temas\/"},"img":{"alt_text":"","src":"","width":0,"height":0},"classes":[]},{"id":7116,"url":"https:\/\/moir.com.co\/web\/los-nuevos-nombramientos-del-alcalde-encargado-y-el-reparto-de-la-mermelada-burocratica\/","url_meta":{"origin":13809,"position":1},"title":"Los  nuevos nombramientos del Alcalde Encargado y el reparto de la mermelada burocr\u00e1tica","author":"admin","date":"diciembre 20, 2012","format":false,"excerpt":"La \u00fanica preocupaci\u00f3n que ha tenido el Alcalde ( E), CARLOS OTERO, en el mes que lleva de posesionado es c\u00f3mo repart\u00eda la \u201cMermelada Burocr\u00e1tica \u201c de su gabinete, entre las diferentes casas pol\u00edticas tradicionales, que han manejado la ciudad, con el prop\u00f3sito inocultable de crear una coalici\u00f3n que respalde\u2026","rel":"","context":"En \u00abPolo Democr\u00e1tico Alternativo\u00bb","block_context":{"text":"Polo Democr\u00e1tico Alternativo","link":"https:\/\/moir.com.co\/web\/category\/polo-democratico-alternativo\/"},"img":{"alt_text":"","src":"","width":0,"height":0},"classes":[]},{"id":7599,"url":"https:\/\/moir.com.co\/web\/vergonzoso-lo-que-ocurre-con-candidatos-de-la-unidad-santista-en-cartagena\/","url_meta":{"origin":13809,"position":2},"title":"Vergonzoso lo que ocurre con candidatos de la unidad santista en Cartagena","author":"admin","date":"mayo 28, 2013","format":false,"excerpt":"Como vergonzoso calific\u00f3 el concejal del Polo Democr\u00e1tico Alternativo, David M\u00fanera Cavad\u00eda, todo lo que est\u00e1 pasando alrededor de las elecciones at\u00edpicas para Alcald\u00eda de Cartagena, y que mantiene a los partidos y movimientos pol\u00edticos de un lado para otro en torno a los candidatos, revel\u00f3 el peri\u00f3dico El Universal.com\u2026","rel":"","context":"En \u00abPolo Democr\u00e1tico Alternativo\u00bb","block_context":{"text":"Polo Democr\u00e1tico Alternativo","link":"https:\/\/moir.com.co\/web\/category\/polo-democratico-alternativo\/"},"img":{"alt_text":"","src":"","width":0,"height":0},"classes":[]},{"id":7006,"url":"https:\/\/moir.com.co\/web\/amigote-de-santos-y-de-las-casas-politicas-nombrado-alcalde-encargado-de-cartagena\/","url_meta":{"origin":13809,"position":3},"title":"Amigote de Santos y de las casas pol\u00edticas nombrado alcalde encargado de Cartagena","author":"admin","date":"noviembre 18, 2012","format":false,"excerpt":"\u201cEl alcalde encargado de Cartagena, Carlos Otero Gerds, fue Coordinador de la campa\u00f1a presidencial de Juan Manuel Santos para el partido de la U. El asunto es muy parecido a la adivinanza: blanco es, gallina lo pone y frito se come\u201d, denunci\u00f3 el concejal del Polo Democr\u00e1tico Alternativo, David M\u00fanera\u2026","rel":"","context":"En \u00abPolo Democr\u00e1tico Alternativo\u00bb","block_context":{"text":"Polo Democr\u00e1tico Alternativo","link":"https:\/\/moir.com.co\/web\/category\/polo-democratico-alternativo\/"},"img":{"alt_text":"","src":"","width":0,"height":0},"classes":[]},{"id":13954,"url":"https:\/\/moir.com.co\/web\/si-es-posible-coalicion-colombia-obtiene-su-primer-triunfo-electoral-y-gana-la-alcaldia-de-yopal\/","url_meta":{"origin":13809,"position":4},"title":"\u00a1S\u00ed es posible! Coalici\u00f3n Colombia obtiene su primer triunfo electoral y gana la alcald\u00eda de Yopal","author":"admin","date":"noviembre 27, 2017","format":false,"excerpt":"Oficina de prensa del senador y candidato presidencial del Polo Jorge Enrique Robledo, Bogot\u00e1, noviembre 27 de 2017 Con el respaldo de Jorge Robledo, Sergio Fajardo y Claudia L\u00f3pez de la Coalici\u00f3n Colombia este domingo con 16.522 votos Leonardo Puentes fue elegido como nuevo alcalde de Yopal en las elecciones\u2026","rel":"","context":"En \u00abJorge Enrique Robledo\u00bb","block_context":{"text":"Jorge Enrique Robledo","link":"https:\/\/moir.com.co\/web\/category\/jorge-enrique-robledo\/"},"img":{"alt_text":"","src":"https:\/\/i0.wp.com\/moir.com.co\/web\/wp-content\/uploads\/2017\/11\/casanarecoalicionyopal.png?fit=768%2C510&ssl=1&resize=350%2C200","width":350,"height":200,"srcset":"https:\/\/i0.wp.com\/moir.com.co\/web\/wp-content\/uploads\/2017\/11\/casanarecoalicionyopal.png?fit=768%2C510&ssl=1&resize=350%2C200 1x, https:\/\/i0.wp.com\/moir.com.co\/web\/wp-content\/uploads\/2017\/11\/casanarecoalicionyopal.png?fit=768%2C510&ssl=1&resize=525%2C300 1.5x, https:\/\/i0.wp.com\/moir.com.co\/web\/wp-content\/uploads\/2017\/11\/casanarecoalicionyopal.png?fit=768%2C510&ssl=1&resize=700%2C400 2x"},"classes":[]},{"id":13718,"url":"https:\/\/moir.com.co\/web\/david-munera-candidato-a-la-alcaldia-de-cartagena\/","url_meta":{"origin":13809,"position":5},"title":"David M\u00fanera candidato a la alcald\u00eda de Cartagena","author":"admin","date":"noviembre 3, 2017","format":false,"excerpt":"Polo Democr\u00e1tico Alternativo, Cartagena, noviembre 2 de 2017 El Comit\u00e9 Ejecutivo de la Coordinadora departamental del Polo Democr\u00e1tico Alternativo en Bol\u00edvar, teniendo en cuenta que se declar\u00f3 la vacancia de la alcald\u00eda de Cartagena, motivo por el cual se van a convocar elecciones at\u00edpicas para designar el titular de ese\u2026","rel":"","context":"En \u00abPol\u00edtica\u00bb","block_context":{"text":"Pol\u00edtica","link":"https:\/\/moir.com.co\/web\/category\/temas\/politica\/"},"img":{"alt_text":"","src":"https:\/\/i0.wp.com\/moir.com.co\/web\/wp-content\/uploads\/2017\/11\/davidmuneracandidatoalcalde.jpg?fit=900%2C1200&ssl=1&resize=350%2C200","width":350,"height":200,"srcset":"https:\/\/i0.wp.com\/moir.com.co\/web\/wp-content\/uploads\/2017\/11\/davidmuneracandidatoalcalde.jpg?fit=900%2C1200&ssl=1&resize=350%2C200 1x, https:\/\/i0.wp.com\/moir.com.co\/web\/wp-content\/uploads\/2017\/11\/davidmuneracandidatoalcalde.jpg?fit=900%2C1200&ssl=1&resize=525%2C300 1.5x, https:\/\/i0.wp.com\/moir.com.co\/web\/wp-content\/uploads\/2017\/11\/davidmuneracandidatoalcalde.jpg?fit=900%2C1200&ssl=1&resize=700%2C400 2x"},"classes":[]}],"jetpack_sharing_enabled":true,"_links":{"self":[{"href":"https:\/\/moir.com.co\/web\/wp-json\/wp\/v2\/posts\/13809","targetHints":{"allow":["GET"]}}],"collection":[{"href":"https:\/\/moir.com.co\/web\/wp-json\/wp\/v2\/posts"}],"about":[{"href":"https:\/\/moir.com.co\/web\/wp-json\/wp\/v2\/types\/post"}],"author":[{"embeddable":true,"href":"https:\/\/moir.com.co\/web\/wp-json\/wp\/v2\/users\/1"}],"replies":[{"embeddable":true,"href":"https:\/\/moir.com.co\/web\/wp-json\/wp\/v2\/comments?post=13809"}],"version-history":[{"count":1,"href":"https:\/\/moir.com.co\/web\/wp-json\/wp\/v2\/posts\/13809\/revisions"}],"predecessor-version":[{"id":13810,"href":"https:\/\/moir.com.co\/web\/wp-json\/wp\/v2\/posts\/13809\/revisions\/13810"}],"wp:featuredmedia":[{"embeddable":true,"href":"https:\/\/moir.com.co\/web\/wp-json\/wp\/v2\/media\/13719"}],"wp:attachment":[{"href":"https:\/\/moir.com.co\/web\/wp-json\/wp\/v2\/media?parent=13809"}],"wp:term":[{"taxonomy":"category","embeddable":true,"href":"https:\/\/moir.com.co\/web\/wp-json\/wp\/v2\/categories?post=13809"},{"taxonomy":"post_tag","embeddable":true,"href":"https:\/\/moir.com.co\/web\/wp-json\/wp\/v2\/tags?post=13809"}],"curies":[{"name":"wp","href":"https:\/\/api.w.org\/{rel}","templated":true}]}}