{"id":13793,"date":"2017-11-13T16:26:37","date_gmt":"2017-11-13T16:26:37","guid":{"rendered":"https:\/\/moir.org.co\/web\/?p=13793"},"modified":"2017-11-13T16:26:37","modified_gmt":"2017-11-13T16:26:37","slug":"robledo-es-la-mejor-opcion-presidencial-para-el-2018","status":"publish","type":"post","link":"https:\/\/moir.com.co\/web\/robledo-es-la-mejor-opcion-presidencial-para-el-2018\/","title":{"rendered":"\u00bfRobledo es la mejor opci\u00f3n presidencial para el 2018?"},"content":{"rendered":"<p><strong>Alvaro Francisco Morales S\u00e1nchez, Santa Marta, noviembre 9 de 2017<\/strong><\/p>\n<p>Cuando el senador Jorge Enrique Robledo comunic\u00f3 a la direcci\u00f3n del Polo Democr\u00e1tico Alternativo y a la opini\u00f3n p\u00fablica su decisi\u00f3n de aceptar la invitaci\u00f3n insistente que le han hecho numerosas personas, desde adentro y desde afuera del Polo, a presentar su nombre como candidato presidencial para los comicios de 2018, la noticia fue muy bien recibida entre los m\u00e1s variados sectores de la poblaci\u00f3n. En primer lugar, por supuesto, entre los militantes del Polo que ven en Robledo un dirigente de talla presidencial, capaz de llevar al partido, a la cabeza de una gran convergencia pol\u00edtica y social, a concretar las propuestas program\u00e1ticas contenidas en el Ideario de Unidad; pero adem\u00e1s son incontables las expresiones de j\u00fabilo que despierta en las redes sociales la candidatura presidencial de Robledo: cada d\u00eda m\u00e1s estudiantes, amas de casa, empleados, desempleados, obreros, ind\u00edgenas, tenderos, campesinos, comerciantes, industriales, ganaderos, gentes de la m\u00e1s variada condici\u00f3n social y econ\u00f3mica, se declaran esperanzados por la irrupci\u00f3n en el partidor de las candidaturas presidenciales de un dirigente de las condiciones y cualidades de Jorge Enrique Robledo. Y hay tambi\u00e9n importantes personalidades y dirigentes de los partidos pol\u00edticos que han manejado el poder del Estado en los \u00faltimos a\u00f1os que reconocen en Robledo un candidato de peso, un contendor de calidad, una persona seria que deber\u00e1 ser tenida en cuenta por quienes aspiren a enfrentarse con \u00e9l en la liza presidencial.<\/p>\n<p>Pero \u00bfcu\u00e1les son las razones por las cu\u00e1les Robledo ha alcanzado tan alta estima en un sector cada vez m\u00e1s numeroso de la poblaci\u00f3n colombiana? Son muchas y muy variadas pero voy a limitarme a se\u00f1alar las que a mi modo de ver son las m\u00e1s importantes, las que cobran mayor peso entre el imaginario social y popular:<\/p>\n<p>&nbsp;<\/p>\n<ul>\n<li>Conoce el pa\u00eds como el que m\u00e1s. Son incontables sus debates de control pol\u00edtico en el Congreso y los foros que en su condici\u00f3n de Senador ha convocado, sobre los m\u00e1s variados temas, desde la econom\u00eda, el libre comercio la ciencia y la tecnolog\u00eda, hasta la salud, la educaci\u00f3n la cultura, el arte, pasando por la miner\u00eda, la producci\u00f3n agropecuaria, el medio ambiente, las reformas tributarias, laborales, del sistema pensional, del sistema electoral, del sistema judicial, en fin, de todos los temas que sobre la sociedad y el Estado debe conocer un estadista. Como se dice popularmente, a Robledo le cabe el pa\u00eds en la cabeza. Pero no es s\u00f3lo que conozca y hable con propiedad sobre los temas en debate, sino que con argumentaci\u00f3n contundente e irrebatible suele derrotar a quienes son sujetos de sus bien fundadas acusaciones, al punto de haber llevado a ministros y embajadores, inmersos en asuntos oscuros, a la renuncia de sus cargos.<\/li>\n<\/ul>\n<ul>\n<li>Ha sido declarado en cinco oportunidades seguidas como el mejor Senador de Colombia, como resultado de encuestas que indagan la opini\u00f3n de dirigentes de los gremios econ\u00f3micos, de la academia, los partidos pol\u00edticos y diversos sectores sociales. Ello habla de su excelente desempe\u00f1o en el \u00e1mbito del Congreso, en donde sobresale por su actividad de control pol\u00edtico y por sus argumentaciones y aportes a la hora de discutir los proyectos de ley que cursan por el organismo parlamentario.<\/li>\n<li>Es coherente. Nadie puede endilgarle cambios de posici\u00f3n respecto de temas cruciales, pues a todo lo largo de su trayectoria pol\u00edtica de m\u00e1s de cuarenta a\u00f1os ha sostenido las mismas tesis y propuestas acerca de la situaci\u00f3n del pa\u00eds, sus crisis y los responsables de ellas y las necesidades de cambios profundos en el manejo del Estado.<\/li>\n<li>Es poseedor de una honestidad a toda prueba y due\u00f1o de una hoja de vida intachable, cualidad que, aunque deber\u00eda ser la norma entre los personajes de la vida p\u00fablica, hoy es la excepci\u00f3n en nuestro pa\u00eds, permeado como ha sido durante los \u00faltimos en todas sus instituciones por la corrupci\u00f3n monda y lironda, por el narcotr\u00e1fico y la parapol\u00edtica, que han contaminado a la inmensa mayor\u00eda de los pol\u00edticos colombianos. Pues bien, Robledo pertenece a la selecta minor\u00eda de dirigentes pol\u00edticos honestos que a\u00fan nos quedan.<\/li>\n<li>Se\u00f1alando que es \u201cuna candidatura y un gobierno de convergencia nacional para defender los intereses y derechos de los sectores populares, la clase media y el empresariado\u201d<a href=\"https:\/\/www.las2orillas.co\/robledo-la-mejor-opcion-presidencial-2018\/#_edn1\" name=\"_ednref1\">[i]<\/a>, ha presentado unos puntos centrales de su propuesta program\u00e1tica que involucran favorablemente a la gran mayor\u00eda de los colombianos: \u201c1. La defensa de las condiciones de vida y de trabajo de los asalariados. 2. La defensa de la actividad econ\u00f3mica de los propietarios y los llamados trabajadores independientes, urbanos y rurales, sin excluir a los empresariales. Aunque valoro la actividad de las empresas mayores, no comparto la idea de la monopolizaci\u00f3n de la econom\u00eda. La industria y el agro deben ser especialmente protegidos. 3. La defensa del medio ambiente, sobre todo en lo relativo al cuidado del agua. 4. El sector financiero debe ponerse al servicio del desarrollo nacional atendiendo, con criterios democr\u00e1ticos, todas las actividades econ\u00f3micas. 5. Serio combate a la corrupci\u00f3n tanto p\u00fablica como privada, pues la una no se da sin la otra. 6. Defensa de la democracia aut\u00e9ntica opuesta al uso de las armas para tramitar las diferencias, al constre\u00f1imiento pol\u00edtico y al menoscabo de los derechos constitucionales. 7. Relaciones con todos los pa\u00edses sobre la base del respeto a las soberan\u00edas y el beneficio rec\u00edproco\u201d<a href=\"https:\/\/www.las2orillas.co\/robledo-la-mejor-opcion-presidencial-2018\/#_edn2\" name=\"_ednref2\">[ii]<\/a>.<\/li>\n<\/ul>\n<p>&nbsp;<\/p>\n<p>Por todas las anteriores razones y otras cuantas que ser\u00eda largo describir, estoy convencido, como pronto lo estar\u00e1n millones de colombianos, que el\u00a0 mejor candidato presidencial en la elecci\u00f3n que se har\u00e1 en 2018, es el actual senador Jorge Enrique Robledo.<\/p>\n<p>Notas:<\/p>\n<p><a href=\"https:\/\/www.las2orillas.co\/robledo-la-mejor-opcion-presidencial-2018\/#_ednref1\" name=\"_edn1\">[i]<\/a>\u00a0\u201cMi candidatura no ser\u00e1 excluyente ni sectaria\u201d: Robledo. La entrevista de Cecilia Orozco. El Espectador, octubre 29 de 2016<\/p>\n<p><a href=\"https:\/\/www.las2orillas.co\/robledo-la-mejor-opcion-presidencial-2018\/#_ednref2\" name=\"_edn2\">[ii]<\/a>\u00a0Idem<\/p>\n","protected":false},"excerpt":{"rendered":"<p>Alvaro Francisco Morales S\u00e1nchez, Santa Marta, noviembre 9 de 2017 Cuando el senador Jorge Enrique Robledo comunic\u00f3 a la direcci\u00f3n del Polo Democr\u00e1tico Alternativo y a la opini\u00f3n p\u00fablica su decisi\u00f3n de aceptar la invitaci\u00f3n insistente que le han hecho numerosas personas, desde adentro y desde afuera del Polo, a presentar su nombre como candidato [&hellip;]<\/p>\n","protected":false},"author":1,"featured_media":13697,"comment_status":"open","ping_status":"open","sticky":false,"template":"","format":"standard","meta":{"advanced_seo_description":"","jetpack_seo_html_title":"","jetpack_seo_noindex":false,"_jetpack_memberships_contains_paid_content":false,"footnotes":""},"categories":[114,102,103,97,98],"tags":[],"class_list":["post-13793","post","type-post","status-publish","format-standard","has-post-thumbnail","hentry","category-agro","category-economia","category-educacion","category-imperialismo-y-neoliberalismo","category-politica"],"jetpack_featured_media_url":"https:\/\/i0.wp.com\/moir.com.co\/web\/wp-content\/uploads\/2017\/11\/robledosemana2017.jpg?fit=1000%2C530&ssl=1","jetpack-related-posts":[{"id":11809,"url":"https:\/\/moir.com.co\/web\/resolucion-n-071-por-la-cual-se-designa-a-jorge-enrique-robledo-como-candidato-presidencial-del-polo-para-el-2018\/","url_meta":{"origin":13793,"position":0},"title":"Resoluci\u00f3n N\u00b0 071 por la cual se designa a Jorge Enrique Robledo como candidato presidencial del Polo para el 2018","author":"admin","date":"febrero 28, 2017","format":false,"excerpt":"Comit\u00e9 Ejecutivo Nacional del Polo, Bogot\u00e1, febrero 27 de 2017 El Comit\u00e9 Ejecutivo Nacional del Polo Democr\u00e1tico Alternativo, PDA, citado de conformidad con el art\u00edculo 14 de los Estatutos, en correspondencia con la pol\u00edtica electoral aprobada en el IV Congreso Nacional, en la Junta Directiva Nacional de diciembre de 2016,\u2026","rel":"","context":"En \u00abJorge Enrique Robledo\u00bb","block_context":{"text":"Jorge Enrique Robledo","link":"https:\/\/moir.com.co\/web\/category\/jorge-enrique-robledo\/"},"img":{"alt_text":"","src":"https:\/\/i0.wp.com\/moir.com.co\/web\/wp-content\/uploads\/2016\/12\/polobandera.jpg?fit=750%2C400&ssl=1&resize=350%2C200","width":350,"height":200,"srcset":"https:\/\/i0.wp.com\/moir.com.co\/web\/wp-content\/uploads\/2016\/12\/polobandera.jpg?fit=750%2C400&ssl=1&resize=350%2C200 1x, https:\/\/i0.wp.com\/moir.com.co\/web\/wp-content\/uploads\/2016\/12\/polobandera.jpg?fit=750%2C400&ssl=1&resize=525%2C300 1.5x, https:\/\/i0.wp.com\/moir.com.co\/web\/wp-content\/uploads\/2016\/12\/polobandera.jpg?fit=750%2C400&ssl=1&resize=700%2C400 2x"},"classes":[]},{"id":13715,"url":"https:\/\/moir.com.co\/web\/jorge-robledo-candidato-presidencial-del-polo-elegido-por-sexta-vez-mejor-senador-del-pais\/","url_meta":{"origin":13793,"position":1},"title":"Jorge Robledo candidato presidencial del Polo elegido por sexta vez mejor senador del Pa\u00eds","author":"admin","date":"noviembre 3, 2017","format":false,"excerpt":"Bogot\u00e1, noviembre 2 de 2017 6 congresistas del Polo Democr\u00e1tico Alternativo y Alianza Verde entre los 10 mejores, avanza la Coalici\u00f3n por Colombia. La consultora Cifras & Conceptos que preside el ex director del DANE C\u00e9sar Caballero, realiza anualmente este estudio con el concurso de 2.500 l\u00edderes de opini\u00f3n del\u2026","rel":"","context":"En \u00abJorge Enrique Robledo\u00bb","block_context":{"text":"Jorge Enrique Robledo","link":"https:\/\/moir.com.co\/web\/category\/jorge-enrique-robledo\/"},"img":{"alt_text":"","src":"https:\/\/i0.wp.com\/moir.com.co\/web\/wp-content\/uploads\/2017\/10\/robledocolprensa2017.jpeg?fit=565%2C405&ssl=1&resize=350%2C200","width":350,"height":200,"srcset":"https:\/\/i0.wp.com\/moir.com.co\/web\/wp-content\/uploads\/2017\/10\/robledocolprensa2017.jpeg?fit=565%2C405&ssl=1&resize=350%2C200 1x, https:\/\/i0.wp.com\/moir.com.co\/web\/wp-content\/uploads\/2017\/10\/robledocolprensa2017.jpeg?fit=565%2C405&ssl=1&resize=525%2C300 1.5x"},"classes":[]},{"id":14911,"url":"https:\/\/moir.com.co\/web\/audio-robledo-en-rcn-radio-sobre-el-apoyo-del-polo-a-sergio-fajardo\/","url_meta":{"origin":13793,"position":2},"title":"Audio: Robledo en RCN Radio sobre el apoyo del Polo a Sergio Fajardo","author":"admin","date":"abril 14, 2018","format":"audio","excerpt":"En entrevista con RCN Radio el senador Jorge Enrique Robledo habla sobre el apoyo del Polo Democr\u00e1tico a la candidatura presidencial de Sergio Fajardo, Bogot\u00e1, abril 14 de 2018","rel":"","context":"En \u00abJorge Enrique Robledo\u00bb","block_context":{"text":"Jorge Enrique Robledo","link":"https:\/\/moir.com.co\/web\/category\/jorge-enrique-robledo\/"},"img":{"alt_text":"","src":"https:\/\/i0.wp.com\/moir.com.co\/web\/wp-content\/uploads\/2018\/01\/robledoeltiempo030118.jpeg?fit=640%2C428&ssl=1&resize=350%2C200","width":350,"height":200,"srcset":"https:\/\/i0.wp.com\/moir.com.co\/web\/wp-content\/uploads\/2018\/01\/robledoeltiempo030118.jpeg?fit=640%2C428&ssl=1&resize=350%2C200 1x, https:\/\/i0.wp.com\/moir.com.co\/web\/wp-content\/uploads\/2018\/01\/robledoeltiempo030118.jpeg?fit=640%2C428&ssl=1&resize=525%2C300 1.5x"},"classes":[]},{"id":12587,"url":"https:\/\/moir.com.co\/web\/en-2018-se-enfrentaran-los-candidatos-del-continuismo-y-una-opcion-distinta-los-ni-ni-robledo\/","url_meta":{"origin":13793,"position":3},"title":"&#8220;En 2018 se enfrentaran los candidatos del continuismo y una opci\u00f3n distinta, los ni-ni&#8221; Robledo","author":"admin","date":"junio 1, 2017","format":"video","excerpt":"Bogot\u00e1, Entrevista al senador y candidato presidencial por el Polo Democr\u00e1tico Alternativo Jorge Enrique Robledo con Yolanda Ruiz y su equipo de trabajo en RCN Radio. Junio 1 de 2017.","rel":"","context":"En \u00abEconom\u00eda\u00bb","block_context":{"text":"Econom\u00eda","link":"https:\/\/moir.com.co\/web\/category\/temas\/economia\/"},"img":{"alt_text":"","src":"","width":0,"height":0},"classes":[]},{"id":11282,"url":"https:\/\/moir.com.co\/web\/el-polo-no-respaldara-gobierno-de-transicion-y-tendra-candidato-presidencial-propio-robledo-tras-junta-nacional-del-pda\/","url_meta":{"origin":13793,"position":4},"title":"El Polo no respaldar\u00e1 gobierno de transici\u00f3n y tendr\u00e1 candidato Presidencial propio: Robledo tras Junta Nacional del PDA","author":"admin","date":"diciembre 12, 2016","format":false,"excerpt":"Oficina de prensa del senador Jorge Enrique Robledo, Bogot\u00e1, diciembre 12 de 2016 1 Excelentes las 5 principales conclusiones de la Junta Nal. del Polo de ayer y hoy, porque ratificamos su programa y sus principios: https:\/\/twitter.com\/jerobledo\/statu... 2 Conclusiones: A. Confirmamos la oposici\u00f3n al gobierno de Santos. B. La ministra\u2026","rel":"","context":"En \u00abJorge Enrique Robledo\u00bb","block_context":{"text":"Jorge Enrique Robledo","link":"https:\/\/moir.com.co\/web\/category\/jorge-enrique-robledo\/"},"img":{"alt_text":"","src":"https:\/\/i0.wp.com\/moir.com.co\/web\/wp-content\/uploads\/2016\/11\/robledoconsultaColosa.png?fit=767%2C578&ssl=1&resize=350%2C200","width":350,"height":200,"srcset":"https:\/\/i0.wp.com\/moir.com.co\/web\/wp-content\/uploads\/2016\/11\/robledoconsultaColosa.png?fit=767%2C578&ssl=1&resize=350%2C200 1x, https:\/\/i0.wp.com\/moir.com.co\/web\/wp-content\/uploads\/2016\/11\/robledoconsultaColosa.png?fit=767%2C578&ssl=1&resize=525%2C300 1.5x, https:\/\/i0.wp.com\/moir.com.co\/web\/wp-content\/uploads\/2016\/11\/robledoconsultaColosa.png?fit=767%2C578&ssl=1&resize=700%2C400 2x"},"classes":[]},{"id":10925,"url":"https:\/\/moir.com.co\/web\/bienvenido-el-ingreso-de-las-farc-a-la-politica\/","url_meta":{"origin":13793,"position":5},"title":"\u2019Bienvenido el ingreso de las Farc a la pol\u00edtica\u2019","author":"admin","date":"noviembre 8, 2016","format":false,"excerpt":"Entrevista de El Tiempo al senador Jorge Enrique Robledo, Bogot\u00e1, noviembre 8 de 2016 Una \u201cgran convergencia nacional\u201d es a lo que le apunta la precandidatura presidencial del senador por el Polo Jorge Enrique Robledo. Sin embargo, este anuncio le trajo cr\u00edticas desde su propio partido, especialmente del senador Iv\u00e1n\u2026","rel":"","context":"En \u00abJorge Enrique Robledo\u00bb","block_context":{"text":"Jorge Enrique Robledo","link":"https:\/\/moir.com.co\/web\/category\/jorge-enrique-robledo\/"},"img":{"alt_text":"","src":"https:\/\/i0.wp.com\/moir.com.co\/web\/wp-content\/uploads\/2016\/11\/robledocartacepeda.jpg?fit=490%2C245&ssl=1&resize=350%2C200","width":350,"height":200},"classes":[]}],"jetpack_sharing_enabled":true,"_links":{"self":[{"href":"https:\/\/moir.com.co\/web\/wp-json\/wp\/v2\/posts\/13793","targetHints":{"allow":["GET"]}}],"collection":[{"href":"https:\/\/moir.com.co\/web\/wp-json\/wp\/v2\/posts"}],"about":[{"href":"https:\/\/moir.com.co\/web\/wp-json\/wp\/v2\/types\/post"}],"author":[{"embeddable":true,"href":"https:\/\/moir.com.co\/web\/wp-json\/wp\/v2\/users\/1"}],"replies":[{"embeddable":true,"href":"https:\/\/moir.com.co\/web\/wp-json\/wp\/v2\/comments?post=13793"}],"version-history":[{"count":1,"href":"https:\/\/moir.com.co\/web\/wp-json\/wp\/v2\/posts\/13793\/revisions"}],"predecessor-version":[{"id":13794,"href":"https:\/\/moir.com.co\/web\/wp-json\/wp\/v2\/posts\/13793\/revisions\/13794"}],"wp:featuredmedia":[{"embeddable":true,"href":"https:\/\/moir.com.co\/web\/wp-json\/wp\/v2\/media\/13697"}],"wp:attachment":[{"href":"https:\/\/moir.com.co\/web\/wp-json\/wp\/v2\/media?parent=13793"}],"wp:term":[{"taxonomy":"category","embeddable":true,"href":"https:\/\/moir.com.co\/web\/wp-json\/wp\/v2\/categories?post=13793"},{"taxonomy":"post_tag","embeddable":true,"href":"https:\/\/moir.com.co\/web\/wp-json\/wp\/v2\/tags?post=13793"}],"curies":[{"name":"wp","href":"https:\/\/api.w.org\/{rel}","templated":true}]}}