{"id":13791,"date":"2017-11-13T16:20:48","date_gmt":"2017-11-13T16:20:48","guid":{"rendered":"https:\/\/moir.org.co\/web\/?p=13791"},"modified":"2017-11-13T16:20:48","modified_gmt":"2017-11-13T16:20:48","slug":"procuraduria-debe-investigar-al-ministro-de-las-tic-por-promover-la-ilegalidad-en-el-transporte-robledo","status":"publish","type":"post","link":"https:\/\/moir.com.co\/web\/procuraduria-debe-investigar-al-ministro-de-las-tic-por-promover-la-ilegalidad-en-el-transporte-robledo\/","title":{"rendered":"Procuradur\u00eda debe investigar al Ministro de las TIC por promover la ilegalidad en el transporte: Robledo"},"content":{"rendered":"<p><strong>Oficina de prensas del senador y candidato presidencial del Polo Jorge Enrique Robledo, Bogot\u00e1, noviembre 9 de 2017<\/strong><\/p>\n<p><strong>\u00a0<\/strong><em>El Senador y Candidato Presidencial del Polo radic\u00f3 una queja disciplinaria para que se investigue al Ministro de las TIC por las recientes declaraciones que dio en medios de comunicaci\u00f3n en favor del transporte pirata.<\/em><\/p>\n<p>\u201cYo estoy totalmente de acuerdo con que se mejore el servicio de taxis y con el uso de las herramientas tecnol\u00f3gicas m\u00e1s avanzadas en todos los sectores de la econom\u00eda. Con lo que no estoy de acuerdo es que con el pretexto de usar una aplicaci\u00f3n, Uber y Cabify se nieguen a cumplir las normas de transporte, se nieguen a pagar seguros poniendo en riesgo a los usuarios, a pagar revisiones, impuestos y todo lo dem\u00e1s que si pagan los taxistas. Eso es ilegal y es competencia desleal\u201d, manifest\u00f3 Jorge Enrique Robledo, arquitecto de profesi\u00f3n y Candidato Presidencial del Polo Democr\u00e1tico.<\/p>\n<p>Robledo se\u00f1al\u00f3 que Uber y Cabify, que prestan servicios de transporte, no se han habilitado como empresa, no han habilitado su aplicaci\u00f3n, no pagan los impuestos y cargas que pagan las empresas de transporte, y lo m\u00e1s grave, Uber y Cabify fijan directamente las tarifas de este servicio y las aumentan hasta el cielo cada vez que se le ocurre, a pesar de que la fijaci\u00f3n de tarifas es un asunto exclusivo de las autoridades, lo que configura el delito de usurpaci\u00f3n de funciones.<\/p>\n<p>Para Robledo, recientemente calificado como por sexta ocasi\u00f3n como mejor senador del pa\u00eds, \u201cla prueba reina de la ilegalidad de Uber y Cabify es que la Superintendencia de Transporte les ha impuesto millones de pesos en multas y ha prohibido que siga operando y emitiendo publicidad, y la Polic\u00eda de Tr\u00e1nsito y Transporte ha inmovilizado miles de veh\u00edculos, lo que demuestra que las declaraciones del MinTIC desconocen decisiones de las autoridades competente y constituyen una extralimitaci\u00f3n de sus funciones por lo que debe ser sancionado\u201d, concluy\u00f3 el senador y candidato presidencial.<\/p>\n<div class=\"SandboxRoot env-bp-350\" data-twitter-event-id=\"0\">\n<div id=\"twitter-widget-0\" class=\"EmbeddedTweet EmbeddedTweet--edge EmbeddedTweet--mediaForward media-forward js-clickToOpenTarget js-tweetIdInfo tweet-InformationCircle-widgetParent\" lang=\"es\" data-click-to-open-target=\"https:\/\/twitter.com\/JERobledo\/status\/928633515528335361\" data-iframe-title=\"Tweet de Twitter\" data-dt-full=\"%{hours24}:%{minutes} - %{day} %{month} %{year}\" data-dt-explicit-timestamp=\"9:40 - 9 nov. 2017\" data-dt-months=\"ene|feb|mar|abr|Mayo|jun|jul|ago|sep|oct|nov|dic\" data-dt-am=\"AM\" data-dt-pm=\"PM\" data-dt-now=\"ahora\" data-dt-s=\"s\" data-dt-m=\"m\" data-dt-h=\"h\" data-dt-second=\"segundo\" data-dt-seconds=\"segundos\" data-dt-minute=\"minuto\" data-dt-minutes=\"minutos\" data-dt-hour=\"hora\" data-dt-hours=\"horas\" data-dt-abbr=\"%{number}%{symbol}\" data-dt-short=\"%{day} %{month}\" data-dt-long=\"%{day} %{month} %{year}\" data-scribe=\"page:tweet\" data-tweet-id=\"928633515528335361\" data-twitter-event-id=\"1\">\n<article class=\"MediaCard\n           MediaCard--mediaForward\n\n           cards-multimedia\n           customisable-border\" dir=\"ltr\" data-scribe=\"component:card\"><\/p>\n<div class=\"MediaCard-media\">\n<div class=\"MediaCard-widthConstraint js-cspForcedStyle\" data-style=\"max-width: 2000px\">\n<div class=\"MediaCard-mediaContainer js-cspForcedStyle\" data-style=\"padding-bottom: 56.2500%\">\n<div class=\"NaturalImage-ctaOverlay PlayButton PlayButton--centered\" data-scribe=\"element:play_button\"><\/div>\n<p><a class=\"MediaCard-mediaAsset MediaCard-mediaPlaceholder NaturalImage NaturalImage--fill js-playableMediaInterstitial\" href=\"https:\/\/twitter.com\/JERobledo\/status\/928633515528335361\"><img data-recalc-dims=\"1\" decoding=\"async\" class=\"NaturalImage-image\" src=\"https:\/\/i0.wp.com\/pbs.twimg.com\/ext_tw_video_thumb\/928631529735155712\/pu\/img\/bMs6s3rvqDm-mYKW.jpg?w=800&#038;ssl=1\" alt=\"\" data-scribe=\"element:poster_image\" \/><\/a><\/div>\n<\/div>\n<\/div>\n<\/article>\n<div class=\"EmbeddedTweet-tweet\">\n<blockquote class=\"Tweet h-entry js-tweetIdInfo subject expanded is-deciderHtmlWhitespace\" cite=\"https:\/\/twitter.com\/JERobledo\/status\/928633515528335361\" data-tweet-id=\"928633515528335361\" data-scribe=\"section:subject\">\n<div class=\"Tweet-header u-cf\">\n<div class=\"Tweet-brand u-floatRight\"><\/div>\n<div class=\"TweetAuthor js-inViewportScribingTarget js-aBScribingTarget\" data-experiment-keys=\"\" data-scribe=\"component:author\"><a class=\"TweetAuthor-link Identity u-linkBlend\" href=\"https:\/\/twitter.com\/JERobledo\" data-scribe=\"element:user_link\" aria-label=\"Jorge Robledo (nombre de pantalla: JERobledo)\"><span class=\"TweetAuthor-avatar Identity-avatar\"><img data-recalc-dims=\"1\" decoding=\"async\" class=\"Avatar Avatar--edge\" src=\"https:\/\/i0.wp.com\/pbs.twimg.com\/profile_images\/907368655654146048\/DqmgFlHr_bigger.jpg?w=800&#038;ssl=1\" alt=\"\" data-scribe=\"element:avatar\" data-src-2x=\"https:\/\/pbs.twimg.com\/profile_images\/907368655654146048\/DqmgFlHr_bigger.jpg\" data-src-1x=\"https:\/\/pbs.twimg.com\/profile_images\/907368655654146048\/DqmgFlHr_normal.jpg\" \/><\/span><span class=\"TweetAuthor-name Identity-name customisable-highlight\" title=\"Jorge Robledo\" data-scribe=\"element:name\">Jorge Robledo<\/span>\u00a0<\/a><\/p>\n<div class=\"Icon Icon--verified \" title=\"Cuenta verificada\" role=\"img\" aria-label=\"Cuenta verificada\"><\/div>\n<p><a class=\"TweetAuthor-link Identity u-linkBlend\" href=\"https:\/\/twitter.com\/JERobledo\" data-scribe=\"element:user_link\" aria-label=\"Jorge Robledo (nombre de pantalla: JERobledo)\"><span class=\"TweetAuthor-verifiedBadge\" data-scribe=\"element:verified_badge\"><b class=\"u-hiddenVisually\">\u2714<\/b><\/span><span class=\"TweetAuthor-screenName Identity-screenName\" dir=\"ltr\" title=\"@JERobledo\" data-scribe=\"element:screen_name\">@JERobledo<\/span><\/a><\/div>\n<\/div>\n<div class=\"Tweet-body e-entry-content\" data-scribe=\"component:tweet\">\n<div class=\"u-hiddenVisually js-inViewportScribingTarget\"><\/div>\n<p class=\"Tweet-text e-entry-title\" dir=\"ltr\" lang=\"es\">La Procuradur\u00eda debe investigar al Ministro de las TIC por promover la ilegalidad en el servicio de transporte.<\/p>\n<div class=\"Tweet-metadata dateline\"><a class=\"u-linkBlend u-url customisable-highlight long-permalink\" href=\"https:\/\/twitter.com\/JERobledo\/status\/928633515528335361\" data-datetime=\"2017-11-09T14:40:57+0000\" data-scribe=\"element:full_timestamp\"><time class=\"dt-updated\" title=\"Publicado a las: 09 de noviembre de 2017 14:40:57 (UTC)\" datetime=\"2017-11-09T14:40:57+0000\">9:40 &#8211; 9 nov. 2017<\/time><\/a><\/div>\n<ul class=\"Tweet-actions\" role=\"menu\" data-scribe=\"component:actions\" aria-label=\"Acciones del Tweet\">\n<li class=\"Tweet-action\">\n<div class=\"Icon Icon--reply TweetAction-icon Icon--replyEdge\" title=\"Responder\" role=\"img\" aria-label=\"Responder\"><\/div>\n<p><a class=\"TweetAction TweetAction--replyEdge web-intent\" href=\"https:\/\/twitter.com\/intent\/tweet?in_reply_to=928633515528335361\" data-scribe=\"element:reply\">\u00a0<span class=\"TweetAction-stat\" data-scribe=\"element:reply_count\" aria-hidden=\"true\">64<\/span><span class=\"u-hiddenVisually\">64 respuestas<\/span><\/a><\/li>\n<li class=\"Tweet-action\">\n<div class=\"Icon Icon--retweet TweetAction-icon Icon--retweetEdge\" title=\"Retwittear\" role=\"img\" aria-label=\"Retwittear\"><\/div>\n<p><a class=\"TweetAction TweetAction--retweetEdge web-intent\" href=\"https:\/\/twitter.com\/intent\/retweet?tweet_id=928633515528335361\" data-scribe=\"element:retweet\">\u00a0<span class=\"TweetAction-stat\" data-scribe=\"element:retweet_count\" aria-hidden=\"true\">128<\/span><span class=\"u-hiddenVisually\">128 Retweets<\/span><\/a><\/li>\n<li class=\"Tweet-action\">\n<div class=\"Icon Icon--heart TweetAction-icon Icon--heartEdge\" title=\"Me gusta\" role=\"img\" aria-label=\"Me gusta\"><\/div>\n<p><a class=\"TweetAction TweetAction--heartEdge web-intent\" href=\"https:\/\/twitter.com\/intent\/like?tweet_id=928633515528335361\" data-scribe=\"element:heart\">\u00a0<span class=\"TweetAction-stat\" data-scribe=\"element:heart_count\" aria-hidden=\"true\">167<\/span><span class=\"u-hiddenVisually\">167 me gusta<\/span><\/a><\/li>\n<\/ul>\n<\/div>\n<\/blockquote>\n<\/div>\n<\/div>\n<\/div>\n","protected":false},"excerpt":{"rendered":"<p>Oficina de prensas del senador y candidato presidencial del Polo Jorge Enrique Robledo, Bogot\u00e1, noviembre 9 de 2017 \u00a0El Senador y Candidato Presidencial del Polo radic\u00f3 una queja disciplinaria para que se investigue al Ministro de las TIC por las recientes declaraciones que dio en medios de comunicaci\u00f3n en favor del transporte pirata. \u201cYo estoy [&hellip;]<\/p>\n","protected":false},"author":1,"featured_media":13569,"comment_status":"open","ping_status":"open","sticky":false,"template":"","format":"standard","meta":{"advanced_seo_description":"","jetpack_seo_html_title":"","jetpack_seo_noindex":false,"_jetpack_memberships_contains_paid_content":false,"footnotes":""},"categories":[101,102,97,105,4,98,110],"tags":[],"class_list":["post-13791","post","type-post","status-publish","format-standard","has-post-thumbnail","hentry","category-bogota","category-economia","category-imperialismo-y-neoliberalismo","category-internacional-articulos-de-actualidad","category-jorge-enrique-robledo","category-politica","category-vias-y-transporte"],"jetpack_featured_media_url":"https:\/\/i0.wp.com\/moir.com.co\/web\/wp-content\/uploads\/2017\/10\/robledodebatecorrupcion2017.png?fit=672%2C517&ssl=1","jetpack-related-posts":[{"id":13988,"url":"https:\/\/moir.com.co\/web\/a-cenit-la-quieren-vender-por-ser-un-muy-buen-negocio-robledo\/","url_meta":{"origin":13791,"position":0},"title":"A Cenit la quieren vender por ser un muy buen negocio: Robledo","author":"admin","date":"noviembre 29, 2017","format":false,"excerpt":"Oficina de prensa del senador y candidato presidencial del Polo Jorge Enrique Robledo, Bogot\u00e1, noviembre 29 de 2017 Inaceptable la idea del ministro de Hacienda de privatizar a Cenit, una de las principales empresas de Ecopetrol, del \u00e1rea de los oleoductos. Venderla por rentable y de bajo riesgo, dice el\u2026","rel":"","context":"En \u00abEconom\u00eda\u00bb","block_context":{"text":"Econom\u00eda","link":"https:\/\/moir.com.co\/web\/category\/temas\/economia\/"},"img":{"alt_text":"","src":"https:\/\/i0.wp.com\/moir.com.co\/web\/wp-content\/uploads\/2017\/11\/tiburonesprivatizaciones.jpg?fit=300%2C225&ssl=1&resize=350%2C200","width":350,"height":200},"classes":[]},{"id":14595,"url":"https:\/\/moir.com.co\/web\/video-completo-acto-de-proclamacion-de-la-candidatura-de-jorge-robledo-al-senado-2018\/","url_meta":{"origin":13791,"position":1},"title":"Video completo: Acto de proclamaci\u00f3n de la candidatura de Jorge Robledo al senado 2018","author":"admin","date":"febrero 27, 2018","format":"video","excerpt":"Gran acto pol\u00edtico del Senador Jorge Robledo con el candidato presidencial Sergio Fajardo y sus f\u00f3rmulas del Polo Democr\u00e1tico Alternativo a la c\u00e1mara de representantes en Bogot\u00e1. Bogot\u00e1, febrero 26 de 2018","rel":"","context":"En \u00abAgro\u00bb","block_context":{"text":"Agro","link":"https:\/\/moir.com.co\/web\/category\/temas\/agro\/"},"img":{"alt_text":"","src":"","width":0,"height":0},"classes":[]},{"id":14025,"url":"https:\/\/moir.com.co\/web\/el-precio-de-los-combustibles-un-lastre-para-el-consumo-y-la-competitividad-robledo\/","url_meta":{"origin":13791,"position":2},"title":"El precio de los combustibles, un lastre para el consumo y la competitividad: Robledo","author":"admin","date":"diciembre 5, 2017","format":false,"excerpt":"Oficina de prensa del senador y candidato presidencial del Polo Jorge Enrique Robledo, Bogot\u00e1, diciembre 5 de 2017 Los precios de los combustibles hace rato se comieron el aumento del salario m\u00ednimo; una decisi\u00f3n mala por donde se le mire; es necesario construir una nueva pol\u00edtica de precios de los\u2026","rel":"","context":"En \u00abEconom\u00eda\u00bb","block_context":{"text":"Econom\u00eda","link":"https:\/\/moir.com.co\/web\/category\/temas\/economia\/"},"img":{"alt_text":"","src":"https:\/\/i0.wp.com\/moir.com.co\/web\/wp-content\/uploads\/2017\/12\/gasolinaPRECIOCOMBUSTIBLES.jpg?fit=486%2C373&ssl=1&resize=350%2C200","width":350,"height":200},"classes":[]},{"id":16613,"url":"https:\/\/moir.com.co\/web\/ministra-de-comunicaciones-debe-declararse-impedida-para-tramitar-ley-tic\/","url_meta":{"origin":13791,"position":3},"title":"Ministra de comunicaciones debe declararse impedida para tramitar Ley TIC","author":"admin","date":"diciembre 14, 2018","format":false,"excerpt":"Oficina de prensa del senador Jorge Enrique Robledo, Bogot\u00e1, diciembre 13 de 2018 Jorge Robledo \u2714@JERobledo Vamos a recusar a la ministra de Comunicaciones, porque hasta hace poco trabajaba para Apple, Facebook, Google, trasnacionales que se favorecen con la Ley TIC. Una vez m\u00e1s la puerta giratoria. Crece la indignaci\u00f3n\u2026","rel":"","context":"En \u00abEconom\u00eda\u00bb","block_context":{"text":"Econom\u00eda","link":"https:\/\/moir.com.co\/web\/category\/temas\/economia\/"},"img":{"alt_text":"","src":"https:\/\/i0.wp.com\/moir.com.co\/web\/wp-content\/uploads\/2018\/12\/ChaoLeyTIC.png?fit=768%2C768&ssl=1&resize=350%2C200","width":350,"height":200,"srcset":"https:\/\/i0.wp.com\/moir.com.co\/web\/wp-content\/uploads\/2018\/12\/ChaoLeyTIC.png?fit=768%2C768&ssl=1&resize=350%2C200 1x, https:\/\/i0.wp.com\/moir.com.co\/web\/wp-content\/uploads\/2018\/12\/ChaoLeyTIC.png?fit=768%2C768&ssl=1&resize=525%2C300 1.5x, https:\/\/i0.wp.com\/moir.com.co\/web\/wp-content\/uploads\/2018\/12\/ChaoLeyTIC.png?fit=768%2C768&ssl=1&resize=700%2C400 2x"},"classes":[]},{"id":11811,"url":"https:\/\/moir.com.co\/web\/9-puntos-de-enfasis-programaticos-senador-y-candidato-presidencial-jorge-enrique-robledo\/","url_meta":{"origin":13791,"position":4},"title":"9 puntos de \u00e9nfasis program\u00e1ticos. Senador y Candidato Presidencial Jorge Enrique Robledo","author":"admin","date":"marzo 1, 2017","format":false,"excerpt":"Polo Democr\u00e1tico Alternativo, Bogot\u00e1, marzo 1 de 2017 En Rueda de prensa realizada hoy en la ma\u00f1ana en la sede nacional del PDA, el Senador y Candidato Presidencial Jorge Enrique Robledo, expreso temas respecto a su campa\u00f1a presidencial. \u00c9nfasis program\u00e1ticos de la candidatura a la Presidencia del Senador Robledo 1.\u2026","rel":"","context":"En \u00abEconom\u00eda\u00bb","block_context":{"text":"Econom\u00eda","link":"https:\/\/moir.com.co\/web\/category\/temas\/economia\/"},"img":{"alt_text":"","src":"https:\/\/i0.wp.com\/moir.com.co\/web\/wp-content\/uploads\/2017\/03\/RobledoRuedaprensa010317.jpg?fit=1199%2C806&ssl=1&resize=350%2C200","width":350,"height":200,"srcset":"https:\/\/i0.wp.com\/moir.com.co\/web\/wp-content\/uploads\/2017\/03\/RobledoRuedaprensa010317.jpg?fit=1199%2C806&ssl=1&resize=350%2C200 1x, https:\/\/i0.wp.com\/moir.com.co\/web\/wp-content\/uploads\/2017\/03\/RobledoRuedaprensa010317.jpg?fit=1199%2C806&ssl=1&resize=525%2C300 1.5x, https:\/\/i0.wp.com\/moir.com.co\/web\/wp-content\/uploads\/2017\/03\/RobledoRuedaprensa010317.jpg?fit=1199%2C806&ssl=1&resize=700%2C400 2x, https:\/\/i0.wp.com\/moir.com.co\/web\/wp-content\/uploads\/2017\/03\/RobledoRuedaprensa010317.jpg?fit=1199%2C806&ssl=1&resize=1050%2C600 3x"},"classes":[]},{"id":13371,"url":"https:\/\/moir.com.co\/web\/robledo-proclamado-candidato-presidencial-del-polo-gran-debate-contra-la-corrupcion-en-el-poder\/","url_meta":{"origin":13791,"position":5},"title":"Robledo proclamado candidato presidencial del Polo. Gran debate contra la corrupci\u00f3n en el poder","author":"admin","date":"septiembre 26, 2017","format":false,"excerpt":"Oficina de prensa del senador Jorge Enrique Robledo, Bogot\u00e1, septiembre 26 de 2017 Frente a m\u00e1s 2000 dirigentes de todo el pa\u00eds Jorge Enrique Robledo fue proclamado candidato \u00fanico del Polo Democr\u00e1tico Alternativo a la Presidencia de la Rep\u00fablica. El Polo tambi\u00e9n present\u00f3 sus listas al Senado y a la\u2026","rel":"","context":"En \u00abEconom\u00eda\u00bb","block_context":{"text":"Econom\u00eda","link":"https:\/\/moir.com.co\/web\/category\/temas\/economia\/"},"img":{"alt_text":"","src":"https:\/\/i0.wp.com\/moir.com.co\/web\/wp-content\/uploads\/2017\/09\/robledoproclamacion2.jpeg?fit=937%2C667&ssl=1&resize=350%2C200","width":350,"height":200,"srcset":"https:\/\/i0.wp.com\/moir.com.co\/web\/wp-content\/uploads\/2017\/09\/robledoproclamacion2.jpeg?fit=937%2C667&ssl=1&resize=350%2C200 1x, https:\/\/i0.wp.com\/moir.com.co\/web\/wp-content\/uploads\/2017\/09\/robledoproclamacion2.jpeg?fit=937%2C667&ssl=1&resize=525%2C300 1.5x, https:\/\/i0.wp.com\/moir.com.co\/web\/wp-content\/uploads\/2017\/09\/robledoproclamacion2.jpeg?fit=937%2C667&ssl=1&resize=700%2C400 2x"},"classes":[]}],"jetpack_sharing_enabled":true,"_links":{"self":[{"href":"https:\/\/moir.com.co\/web\/wp-json\/wp\/v2\/posts\/13791","targetHints":{"allow":["GET"]}}],"collection":[{"href":"https:\/\/moir.com.co\/web\/wp-json\/wp\/v2\/posts"}],"about":[{"href":"https:\/\/moir.com.co\/web\/wp-json\/wp\/v2\/types\/post"}],"author":[{"embeddable":true,"href":"https:\/\/moir.com.co\/web\/wp-json\/wp\/v2\/users\/1"}],"replies":[{"embeddable":true,"href":"https:\/\/moir.com.co\/web\/wp-json\/wp\/v2\/comments?post=13791"}],"version-history":[{"count":1,"href":"https:\/\/moir.com.co\/web\/wp-json\/wp\/v2\/posts\/13791\/revisions"}],"predecessor-version":[{"id":13792,"href":"https:\/\/moir.com.co\/web\/wp-json\/wp\/v2\/posts\/13791\/revisions\/13792"}],"wp:featuredmedia":[{"embeddable":true,"href":"https:\/\/moir.com.co\/web\/wp-json\/wp\/v2\/media\/13569"}],"wp:attachment":[{"href":"https:\/\/moir.com.co\/web\/wp-json\/wp\/v2\/media?parent=13791"}],"wp:term":[{"taxonomy":"category","embeddable":true,"href":"https:\/\/moir.com.co\/web\/wp-json\/wp\/v2\/categories?post=13791"},{"taxonomy":"post_tag","embeddable":true,"href":"https:\/\/moir.com.co\/web\/wp-json\/wp\/v2\/tags?post=13791"}],"curies":[{"name":"wp","href":"https:\/\/api.w.org\/{rel}","templated":true}]}}