{"id":13788,"date":"2017-11-13T16:15:45","date_gmt":"2017-11-13T16:15:45","guid":{"rendered":"https:\/\/moir.org.co\/web\/?p=13788"},"modified":"2017-11-13T16:15:45","modified_gmt":"2017-11-13T16:15:45","slug":"rio-blanco-sigue-bajo-amenaza","status":"publish","type":"post","link":"https:\/\/moir.com.co\/web\/rio-blanco-sigue-bajo-amenaza\/","title":{"rendered":"R\u00edo Blanco sigue bajo amenaza"},"content":{"rendered":"<p><strong>Dar\u00edo Arenas Villegas, Manizales, noviembre 9 de 2017<\/strong><\/p>\n<p>El retiro del sector de La Aurora como zona de expansi\u00f3n urbana en el reci\u00e9n modificado Plan de Ordenamiento Territorial de Manizales, significa una enorme victoria para la ciudadan\u00eda, que desde hace a\u00f1os demanda la protecci\u00f3n de la Reserva Forestal R\u00edo Blanco ante el inter\u00e9s de una constructora de urbanizar su zona adyacente, en contrav\u00eda de diversas normas y del inter\u00e9s com\u00fan.<\/p>\n<p>La discusi\u00f3n que rode\u00f3 la adopci\u00f3n del nuevo POT y el debate p\u00fablico alrededor de la defensa de R\u00edo Blanco han acrecentado el inter\u00e9s y la conciencia ambiental de los manizale\u00f1os, que ven en esta reserva un lugar privilegiado para garantizar el suministro del agua de la ciudad y para mitigar el cambio clim\u00e1tico. Cabe recordar que R\u00edo Blanco fue uno de los primeros lugares en los que el municipio se dedic\u00f3 exclusivamente a comprar terrenos para garantizar la captaci\u00f3n y flujo del agua hacia la ciudad, y que sus bosques act\u00faan como dep\u00f3sitos naturales que contribuyen a reducir la cantidad de di\u00f3xido de carbono en el aire.<\/p>\n<p>La decisi\u00f3n del Concejo de Manizales implica que La Aurora es zona rural y que all\u00ed no se pueden adelantar construcciones, pero por s\u00ed sola no revoca las licencias de construcci\u00f3n que a\u00fan posee la Constructora Felipe Calder\u00f3n. Hoy la constructora tiene las licencias pero no tiene el uso del suelo, lo que ha llevado a Aguas de Manizales a se\u00f1alar que hasta que un juez defina la suerte del proyecto, la empresa no podr\u00e1 llevar servicios de acueducto y alcantarillado a la megaurbanizaci\u00f3n Tierraviva (BC Noticias, 31 de julio de 2017).<\/p>\n<p>Este galimat\u00edas jur\u00eddico intenta ser aprovechado por la constructora. El consorcio privado promueve publicidad dudosa en las publicaciones de Camacol, en las que inmiscuye al Concejo de Manizales y da seguridad absoluta de que Tierraviva se construir\u00e1, a la par que impulsa actas de vecindad con los habitantes de los barrios aleda\u00f1os a R\u00edo Blanco, en las que se arroga la potestad de imponerle citas a los ciudadanos y en las que utiliza datos tendenciosos y orientados a no dar claridades.<\/p>\n<p>CFC tambi\u00e9n inici\u00f3 la tala de decenas de \u00e1rboles dentro de la c\u00e1rcava central de La Aurora. Mientras Calder\u00f3n anuncia que sembrar\u00e1 6.000 \u00e1rboles, mediante grandes vallas de las avenidas de la ciudad, destruye un bosque consolidado que se conectaba con la Reserva Forestal, en una muestra temprana del tipo de sustentabilidad que la empresa promover\u00eda en los proyectos que se empe\u00f1a en realizar en esta zona. Todo esto sumado a las denuncias penales y amenazas que la compa\u00f1\u00eda ha interpuesto contra algunos opositores, reflejan una actitud de \u201c\u00a1Ac\u00e1 mandamos nosotros!\u201d, que le resta valor a la discusi\u00f3n p\u00fablica y le impone presiones inmorales al debate ciudadano.<\/p>\n<p>La suerte de la construcci\u00f3n en la zona adyacente a R\u00edo Blanco ser\u00e1\u00a0determinada por un juez, a quien le corresponder\u00e1 decidir si se puede adelantar un proyecto de urbanizaci\u00f3n en un \u00e1rea que fue definida como zona rural en el POT. La l\u00f3gica, los precedentes y las normas indican que ser\u00eda contradictorio permitir una urbanizaci\u00f3n en una zona en la que hoy no se puede construir por mandato de las autoridades. Esperemos que la justicia act\u00fae en derecho y garantizando la prevalencia del inter\u00e9s general, y que Felipe Calder\u00f3n no siga judicializando el debate por opiniones como las expresadas en este espacio.<\/p>\n<p>Coletilla: los resultados del Panel de Opini\u00f3n de la firma Cifras y Conceptos indicaron que mi columna en LA PATRIA\u00a0es una de las m\u00e1s le\u00eddas de Caldas. Mil gracias a los l\u00edderes de opini\u00f3n y a los lectores.<\/p>\n","protected":false},"excerpt":{"rendered":"<p>Dar\u00edo Arenas Villegas, Manizales, noviembre 9 de 2017 El retiro del sector de La Aurora como zona de expansi\u00f3n urbana en el reci\u00e9n modificado Plan de Ordenamiento Territorial de Manizales, significa una enorme victoria para la ciudadan\u00eda, que desde hace a\u00f1os demanda la protecci\u00f3n de la Reserva Forestal R\u00edo Blanco ante el inter\u00e9s de una [&hellip;]<\/p>\n","protected":false},"author":1,"featured_media":13789,"comment_status":"open","ping_status":"open","sticky":false,"template":"","format":"standard","meta":{"advanced_seo_description":"","jetpack_seo_html_title":"","jetpack_seo_noindex":false,"_jetpack_memberships_contains_paid_content":false,"footnotes":""},"categories":[102,97,111],"tags":[],"class_list":["post-13788","post","type-post","status-publish","format-standard","has-post-thumbnail","hentry","category-economia","category-imperialismo-y-neoliberalismo","category-vivienda-y-desarrollo-urbano"],"jetpack_featured_media_url":"https:\/\/i0.wp.com\/moir.com.co\/web\/wp-content\/uploads\/2017\/11\/darioarenasvillegas.jpg?fit=60%2C60&ssl=1","jetpack-related-posts":[{"id":12501,"url":"https:\/\/moir.com.co\/web\/las-maniobras-que-ponen-en-riesgo-a-rio-blanco\/","url_meta":{"origin":13788,"position":0},"title":"Las maniobras que ponen en riesgo a R\u00edo Blanco","author":"admin","date":"mayo 25, 2017","format":false,"excerpt":"Dar\u00edo Arenas Villegas, Manizales, mayo 25 de 2017 Desde hace 14 a\u00f1os varias entidades p\u00fablicas y privadas han realizado maniobras para desmontar las medidas de protecci\u00f3n de la Reserva Forestal R\u00edo Blanco, una de las principales \u00e1reas de inter\u00e9s ambiental de Manizales y uno de los sitios m\u00e1s biodiversos del\u2026","rel":"","context":"En \u00abEconom\u00eda\u00bb","block_context":{"text":"Econom\u00eda","link":"https:\/\/moir.com.co\/web\/category\/temas\/economia\/"},"img":{"alt_text":"","src":"","width":0,"height":0},"classes":[]},{"id":12369,"url":"https:\/\/moir.com.co\/web\/todos-somos-rio-blanco\/","url_meta":{"origin":13788,"position":1},"title":"Todos somos R\u00edo Blanco","author":"admin","date":"mayo 11, 2017","format":false,"excerpt":"Dar\u00edo Arenas Villegas, La Patria, Manizales, mayo 11 de 2017 Debido a su riqueza ambiental, hace 27 a\u00f1os se cre\u00f3 legalmente la Reserva Forestal Protectora de R\u00edo Blanco y Quebrada Olivares en el oriente de la ciudad. El suministro de agua al 35% de los habitantes de Manizales, sus cuatro\u2026","rel":"","context":"En \u00abImperialismo y Neoliberalismo\u00bb","block_context":{"text":"Imperialismo y Neoliberalismo","link":"https:\/\/moir.com.co\/web\/category\/temas\/imperialismo-y-neoliberalismo\/"},"img":{"alt_text":"","src":"","width":0,"height":0},"classes":[]},{"id":2429,"url":"https:\/\/moir.com.co\/web\/saneamiento-del-rio-chinchina-negocios-parciales-o-soluciones-integrales\/","url_meta":{"origin":13788,"position":2},"title":"SANEAMIENTO DEL R\u00cdO CHINCHIN\u00c1, \u00bfNEGOCIOS PARCIALES O SOLUCIONES INTEGRALES?","author":"admin","date":"julio 11, 2008","format":false,"excerpt":"Oscar Guti\u00e9rrez Reyes, Asesor Nacional Liga de Usuarios de Servicios P\u00fablicos, Manizales, julio 2 de 2008 Sea lo primero agradecerles al Concejo Municipal de Manizales y a quienes han hecho posible \u00e9sta Audiencia Ambiental. Quiero referirme al tema espec\u00edfico del Saneamiento del R\u00edo Chinchin\u00e1. Tema que, sin lugar a dudas,\u2026","rel":"","context":"En \u00abTemas\u00bb","block_context":{"text":"Temas","link":"https:\/\/moir.com.co\/web\/category\/temas\/"},"img":{"alt_text":"","src":"","width":0,"height":0},"classes":[]},{"id":4788,"url":"https:\/\/moir.com.co\/web\/deben-los-usuarios-pagar-la-descontaminacion-del-rio-chinchina\/","url_meta":{"origin":13788,"position":3},"title":"\u00bfDeben los usuarios pagar la descontaminaci\u00f3n del R\u00edo Chinchin\u00e1?","author":"admin","date":"septiembre 11, 2010","format":false,"excerpt":"En septiembre de 2006, se present\u00f3 una acci\u00f3n popular para que la Corporaci\u00f3n Aut\u00f3noma Regional de Caldas, Corpocaldas, las empresas Aguas de Manizales y Aquaman\u00e1 y los municipios de Manizales y Villamar\u00eda, construyeran las obras necesarias para sanear la cuenca del r\u00edo Chinchin\u00e1, que est\u00e1 contaminada y causa da\u00f1os a\u2026","rel":"","context":"En \u00abOscar Guti\u00e9rrez Reyes\u00bb","block_context":{"text":"Oscar Guti\u00e9rrez Reyes","link":"https:\/\/moir.com.co\/web\/category\/bitacoras\/oscar-gutierrez-reyes\/"},"img":{"alt_text":"","src":"","width":0,"height":0},"classes":[]},{"id":3413,"url":"https:\/\/moir.com.co\/web\/proyectos-de-desplazamiento-urbano\/","url_meta":{"origin":13788,"position":4},"title":"PROYECTOS DE DESPLAZAMIENTO URBANO","author":"admin","date":"agosto 21, 2009","format":false,"excerpt":"Siguiendo pol\u00edticas del BID \u2013y \u201cel gringo ah\u00ed\u201d, como dec\u00eda Jaime Garz\u00f3n\u2013, la ley 1151\/07, del Plan de Desarrollo del actual gobierno, en su art\u00edculo 79, decidi\u00f3 impulsar \u201clos macroproyectos de inter\u00e9s social nacional (\u2026) con el fin de promover la disponibilidad de suelo para la ejecuci\u00f3n de programas, proyectos\u2026","rel":"","context":"En \u00abJorge Enrique Robledo\u00bb","block_context":{"text":"Jorge Enrique Robledo","link":"https:\/\/moir.com.co\/web\/category\/jorge-enrique-robledo\/"},"img":{"alt_text":"","src":"","width":0,"height":0},"classes":[]},{"id":8556,"url":"https:\/\/moir.com.co\/web\/cuando-el-rio-suenaen-la-ribera-se-tiembla\/","url_meta":{"origin":13788,"position":5},"title":"\u201cCuando el r\u00edo suena\u2026en la ribera se tiembla\u201d","author":"admin","date":"julio 13, 2014","format":false,"excerpt":"\u201cHac\u00eda m\u00e1s de cuarenta a\u00f1os rio Negrito no hac\u00eda los estragos que vemos en la creciente de este a\u00f1o\u201d, comenta un viejo habitante del Cocuy, corregimiento suburbano de Villavicencio; tiene raz\u00f3n el lugare\u00f1o, pero solo en cuanto se refiere a la zona que \u00e9l habita. Hace d\u00e9cadas, los ribere\u00f1os del\u2026","rel":"","context":"En \u00abTemas\u00bb","block_context":{"text":"Temas","link":"https:\/\/moir.com.co\/web\/category\/temas\/"},"img":{"alt_text":"","src":"","width":0,"height":0},"classes":[]}],"jetpack_sharing_enabled":true,"_links":{"self":[{"href":"https:\/\/moir.com.co\/web\/wp-json\/wp\/v2\/posts\/13788","targetHints":{"allow":["GET"]}}],"collection":[{"href":"https:\/\/moir.com.co\/web\/wp-json\/wp\/v2\/posts"}],"about":[{"href":"https:\/\/moir.com.co\/web\/wp-json\/wp\/v2\/types\/post"}],"author":[{"embeddable":true,"href":"https:\/\/moir.com.co\/web\/wp-json\/wp\/v2\/users\/1"}],"replies":[{"embeddable":true,"href":"https:\/\/moir.com.co\/web\/wp-json\/wp\/v2\/comments?post=13788"}],"version-history":[{"count":1,"href":"https:\/\/moir.com.co\/web\/wp-json\/wp\/v2\/posts\/13788\/revisions"}],"predecessor-version":[{"id":13790,"href":"https:\/\/moir.com.co\/web\/wp-json\/wp\/v2\/posts\/13788\/revisions\/13790"}],"wp:featuredmedia":[{"embeddable":true,"href":"https:\/\/moir.com.co\/web\/wp-json\/wp\/v2\/media\/13789"}],"wp:attachment":[{"href":"https:\/\/moir.com.co\/web\/wp-json\/wp\/v2\/media?parent=13788"}],"wp:term":[{"taxonomy":"category","embeddable":true,"href":"https:\/\/moir.com.co\/web\/wp-json\/wp\/v2\/categories?post=13788"},{"taxonomy":"post_tag","embeddable":true,"href":"https:\/\/moir.com.co\/web\/wp-json\/wp\/v2\/tags?post=13788"}],"curies":[{"name":"wp","href":"https:\/\/api.w.org\/{rel}","templated":true}]}}