{"id":13785,"date":"2017-11-13T16:10:29","date_gmt":"2017-11-13T16:10:29","guid":{"rendered":"https:\/\/moir.org.co\/web\/?p=13785"},"modified":"2017-11-13T16:10:29","modified_gmt":"2017-11-13T16:10:29","slug":"la-economia-de-un-campo-abandonado","status":"publish","type":"post","link":"https:\/\/moir.com.co\/web\/la-economia-de-un-campo-abandonado\/","title":{"rendered":"La econom\u00eda de un campo abandonado"},"content":{"rendered":"<p><strong>Amaury N\u00fa\u00f1ez Gonz\u00e1lez, Medell\u00edn, octubre de 2017<\/strong><\/p>\n<p>Sectores pol\u00edticos y gremios rurales protestaron el 12 de octubre contra la que consideran una pol\u00edtica econ\u00f3mica que quiebra al sector agropecuario.<\/p>\n<p>Durante la \u00faltima d\u00e9cada se han implementado doce Tratados de Libre Comercio, siendo el firmado con Estados Unidos en 2012 el que peores efectos le ha tra\u00eddo al campo colombiano. En 2011 Colombia import\u00f3 de ese pa\u00eds casi 3 mil toneladas m\u00e9tricas de arroz. Tres a\u00f1os despu\u00e9s fueron 239 mil: 8 mil por ciento m\u00e1s.<\/p>\n<p>El ma\u00edz pas\u00f3 de 287 mil toneladas m\u00e9tricas a tres\u00a0millones 600 mil, con una variaci\u00f3n de 1.168 por ciento. Los productos l\u00e1cteos importados aumentaron en 701 por ciento, ubic\u00e1ndose en 536 mil toneladas m\u00e9tricas al a\u00f1o.<\/p>\n<p>Dichos resultados solo pueden entenderse en raz\u00f3n de la enorme asimetr\u00eda respecto a la econom\u00eda norteamericana, que es mucho m\u00e1s poderosa que la colombiana. Para ellos sus exportaciones de productos de mediana o alta complejidad tecnol\u00f3gica representan un setenta y seis por ciento, en tanto que en nuestro caso el ochenta por ciento tienen cero o escasa transformaci\u00f3n.<\/p>\n<p>Thomas Piketty, en su libro\u00a0<em>El capital en el siglo XXI<\/em>, se\u00f1ala con raz\u00f3n que \u201cla historia del crecimiento econ\u00f3mico es ante todo la de la diversificaci\u00f3n de los modos de vida y de los tipos de bienes y servicios producidos y consumidos\u201d. Con la pol\u00edtica del libre comercio, Colombia concentra su econom\u00eda en la producci\u00f3n de materias primas agr\u00edcolas y mineras.<\/p>\n<p>Es cuestionable la necesidad de un TLC para orientar la econom\u00eda a la exportaci\u00f3n ya que muchos pa\u00edses que no tienen este tratado con Estados Unidos nos sobrepasan en exportaciones.<\/p>\n<p>Seg\u00fan datos de la Oficina del Representante de Comercio de los Estados Unidos, Colombia se ubica en el puesto veinticinco de los pa\u00edses que m\u00e1s le venden productos. De los veinticuatro pa\u00edses que nos superan, solo cuatro tienen TLC con ese pa\u00eds: M\u00e9xico, Canad\u00e1, Israel y Corea.<\/p>\n<p>El presidente Santos en 2012, cuando anunci\u00f3 el inicio de la Mesa de Di\u00e1logo de Paz entre el Estado y las Farc, dijo que \u201cel modelo econ\u00f3mico no se negocia\u201d. Las Farc tras los di\u00e1logos sellaron el final de cincuenta y dos a\u00f1os de guerra contra el Estado y se convirtieron en militantes civiles de su partido. Una guerra menos es una buena noticia para Colombia y el mundo. Caso aparte es que la pol\u00edtica agraria sea la misma, lo que no ser\u00e1 nunca una buena noticia para el campo.<\/p>\n<p>Hoy se encuentra expuesto al narcotr\u00e1fico, con grupos armados ilegales controlando la producci\u00f3n y distribuci\u00f3n de drogas; la ausencia del Estado en zonas que como en Tumaco sienten ese abandono que no se revierte; los arroceros del pa\u00eds quebrados por las importaciones; los productores de leche trabajando a p\u00e9rdida.<\/p>\n<p>Lo que ocurra con el campo es responsabilidad del Gobierno, y debe garantizarle, junto a la seguridad, las condiciones de existencia que su pol\u00edtica econ\u00f3mica le ha negado. No vaya a ser que a ese campo que no lo ha podido acabar la guerra lo acaben los negocios mal hechos de los jefes del libre comercio.<\/p>\n","protected":false},"excerpt":{"rendered":"<p>Amaury N\u00fa\u00f1ez Gonz\u00e1lez, Medell\u00edn, octubre de 2017 Sectores pol\u00edticos y gremios rurales protestaron el 12 de octubre contra la que consideran una pol\u00edtica econ\u00f3mica que quiebra al sector agropecuario. Durante la \u00faltima d\u00e9cada se han implementado doce Tratados de Libre Comercio, siendo el firmado con Estados Unidos en 2012 el que peores efectos le ha [&hellip;]<\/p>\n","protected":false},"author":1,"featured_media":13786,"comment_status":"open","ping_status":"open","sticky":false,"template":"","format":"standard","meta":{"advanced_seo_description":"","jetpack_seo_html_title":"","jetpack_seo_noindex":false,"_jetpack_memberships_contains_paid_content":false,"footnotes":""},"categories":[114,102,97,98],"tags":[],"class_list":["post-13785","post","type-post","status-publish","format-standard","has-post-thumbnail","hentry","category-agro","category-economia","category-imperialismo-y-neoliberalismo","category-politica"],"jetpack_featured_media_url":"https:\/\/i0.wp.com\/moir.com.co\/web\/wp-content\/uploads\/2017\/11\/agro4.jpg?fit=274%2C184&ssl=1","jetpack-related-posts":[{"id":9954,"url":"https:\/\/moir.com.co\/web\/venta-de-propilco-y-desintegracion-de-ecopetrol-la-nueva-gran-estafa-de-santos\/","url_meta":{"origin":13785,"position":0},"title":"Venta de Propilco y desintegraci\u00f3n de Ecopetrol: la nueva gran estafa de Santos.","author":"admin","date":"febrero 17, 2016","format":false,"excerpt":"1. Contexto de la situaci\u00f3n actual. Los precios del petr\u00f3leo comenzaron a caer de forma dram\u00e1tica a finales de 2014. El crudo pas\u00f3 de cotizarse a un promedio de US$105 d\u00f3lares por barril en junio de 2014 , a costar US$30,86 d\u00f3lares el barril de WTI, y US$33,80 d\u00f3lares el\u2026","rel":"","context":"En \u00abTemas\u00bb","block_context":{"text":"Temas","link":"https:\/\/moir.com.co\/web\/category\/temas\/"},"img":{"alt_text":"","src":"","width":0,"height":0},"classes":[]},{"id":25,"url":"https:\/\/moir.com.co\/web\/la-guerra-contra-el-campo-mexicano\/","url_meta":{"origin":13785,"position":1},"title":"LA GUERRA CONTRA EL CAMPO MEXICANO","author":"admin","date":"julio 30, 2004","format":false,"excerpt":"Si el campo mexicano se encuentra hoy, hoy, hoy en situaci\u00f3n de emergencia social, econ\u00f3mica y ambiental es por los efectos acumulados de una guerra de desgaste a que ha sido sometido desde hace 20 a\u00f1os. 1. Cuando el campo produc\u00eda alimentos.....y votos. Desde la mitad de los a\u00f1os treinta\u2026","rel":"","context":"En \u00ab\u00a1No a los TLC y al ALCA!\u00bb","block_context":{"text":"\u00a1No a los TLC y al ALCA!","link":"https:\/\/moir.com.co\/web\/category\/temas\/no-a-los-tlc-y-al-alca\/"},"img":{"alt_text":"","src":"","width":0,"height":0},"classes":[]},{"id":3283,"url":"https:\/\/moir.com.co\/web\/se-confirma-el-desastre-agropecuario\/","url_meta":{"origin":13785,"position":2},"title":"SE CONFIRMA EL DESASTRE AGROPECUARIO","author":"admin","date":"julio 15, 2009","format":false,"excerpt":"Al conocer que las importaciones agropecuarias sumaron el a\u00f1o pasado 8,3 millones de toneladas, 3,9 m\u00e1s de las que se importaron en 2002, el senador Jorge Enrique Robledo afirm\u00f3: \u201cSe confirma el desastre agropecuario nacional\u201d. El congresista del Polo record\u00f3 que las estad\u00edsticas oficiales no contabilizan el contrabando, denunciado reiteradamente\u2026","rel":"","context":"En \u00abJorge Enrique Robledo\u00bb","block_context":{"text":"Jorge Enrique Robledo","link":"https:\/\/moir.com.co\/web\/category\/jorge-enrique-robledo\/"},"img":{"alt_text":"","src":"","width":0,"height":0},"classes":[]},{"id":655,"url":"https:\/\/moir.com.co\/web\/desastre-arrocero-en-colombia-entrevista-a-angel-maria-caballero\/","url_meta":{"origin":13785,"position":3},"title":"DESASTRE ARROCERO EN COLOMBIA. ENTREVISTA A ANGEL MAR\u00cdA CABALLERO","author":"admin","date":"agosto 11, 2004","format":false,"excerpt":"Edwin Ballesteros; El Nuevo D\u00eda, mayo 31 de 2004 Un duro ataque a las pol\u00edticas del Gobierno del presidente \u00c1lvaro Uribe V\u00e9lez, por afectar el sector arrocero, hizo desde Ibagu\u00e9 la Asociaci\u00f3n Nacional por la Salvaci\u00f3n Agropecuaria, al llamar a los agricultores de este importante rengl\u00f3n de la econom\u00eda del\u2026","rel":"","context":"En \u00abPronunciamientos de Organizaciones Sociales\u00bb","block_context":{"text":"Pronunciamientos de Organizaciones Sociales","link":"https:\/\/moir.com.co\/web\/category\/pronunciamientos-de-organizaciones-sociales\/"},"img":{"alt_text":"","src":"","width":0,"height":0},"classes":[]},{"id":830,"url":"https:\/\/moir.com.co\/web\/colombia-no-canta-mal-las-rancheras\/","url_meta":{"origin":13785,"position":4},"title":"COLOMBIA NO CANTA MAL LAS RANCHERAS","author":"admin","date":"agosto 12, 2004","format":false,"excerpt":"El campo colombiano tampoco aguanta m\u00e1s. Es una de las premisas que muy diversos actores rurales, acad\u00e9micos y pol\u00edticos han externado en el foro El espejismo del ALCA y el libre comercio, celebrado hace unos d\u00edas en Bogot\u00e1. Convocan m\u00e1s de 40 organizaciones de la sociedad civil y acuden m\u00e1s\u2026","rel":"","context":"En \u00abRevista de Prensa\u00bb","block_context":{"text":"Revista de Prensa","link":"https:\/\/moir.com.co\/web\/category\/prensa\/revista-de-prensa\/"},"img":{"alt_text":"","src":"","width":0,"height":0},"classes":[]},{"id":1233,"url":"https:\/\/moir.com.co\/web\/el-tlcan-verdugo-del-campo\/","url_meta":{"origin":13785,"position":5},"title":"EL TLCAN, VERDUGO DEL CAMPO","author":"admin","date":"agosto 17, 2005","format":false,"excerpt":"Para M\u00e9xico, el Tratado de Libre Comercio de Am\u00e9rica del Norte (TLCAN) ha sido perjudicial en materia agroalimentaria. Ayer, el rector de la Universidad Nacional Aut\u00f3noma de M\u00e9xico, Juan Ram\u00f3n de la Fuente, declar\u00f3 que el pa\u00eds no podr\u00e1 progresar mientras persistan los rezagos t\u00e9cnicos, sociales, econ\u00f3micos y pol\u00edticos que\u2026","rel":"","context":"En \u00abRevista de Prensa\u00bb","block_context":{"text":"Revista de Prensa","link":"https:\/\/moir.com.co\/web\/category\/prensa\/revista-de-prensa\/"},"img":{"alt_text":"","src":"","width":0,"height":0},"classes":[]}],"jetpack_sharing_enabled":true,"_links":{"self":[{"href":"https:\/\/moir.com.co\/web\/wp-json\/wp\/v2\/posts\/13785","targetHints":{"allow":["GET"]}}],"collection":[{"href":"https:\/\/moir.com.co\/web\/wp-json\/wp\/v2\/posts"}],"about":[{"href":"https:\/\/moir.com.co\/web\/wp-json\/wp\/v2\/types\/post"}],"author":[{"embeddable":true,"href":"https:\/\/moir.com.co\/web\/wp-json\/wp\/v2\/users\/1"}],"replies":[{"embeddable":true,"href":"https:\/\/moir.com.co\/web\/wp-json\/wp\/v2\/comments?post=13785"}],"version-history":[{"count":1,"href":"https:\/\/moir.com.co\/web\/wp-json\/wp\/v2\/posts\/13785\/revisions"}],"predecessor-version":[{"id":13787,"href":"https:\/\/moir.com.co\/web\/wp-json\/wp\/v2\/posts\/13785\/revisions\/13787"}],"wp:featuredmedia":[{"embeddable":true,"href":"https:\/\/moir.com.co\/web\/wp-json\/wp\/v2\/media\/13786"}],"wp:attachment":[{"href":"https:\/\/moir.com.co\/web\/wp-json\/wp\/v2\/media?parent=13785"}],"wp:term":[{"taxonomy":"category","embeddable":true,"href":"https:\/\/moir.com.co\/web\/wp-json\/wp\/v2\/categories?post=13785"},{"taxonomy":"post_tag","embeddable":true,"href":"https:\/\/moir.com.co\/web\/wp-json\/wp\/v2\/tags?post=13785"}],"curies":[{"name":"wp","href":"https:\/\/api.w.org\/{rel}","templated":true}]}}