{"id":13782,"date":"2017-11-13T15:59:03","date_gmt":"2017-11-13T15:59:03","guid":{"rendered":"https:\/\/moir.org.co\/web\/?p=13782"},"modified":"2017-11-13T15:59:03","modified_gmt":"2017-11-13T15:59:03","slug":"cambiar-la-politica-educativa-para-salvar-a-la-upc","status":"publish","type":"post","link":"https:\/\/moir.com.co\/web\/cambiar-la-politica-educativa-para-salvar-a-la-upc\/","title":{"rendered":"Cambiar la pol\u00edtica educativa para salvar a la UPC"},"content":{"rendered":"<p><strong>Fabio Andr\u00e9s Pinto, Valledupar, noviembre 8 de 2017<\/strong><\/p>\n<p>Un axioma con respecto a la educaci\u00f3n se\u00f1ala que a cada modelo de pa\u00eds le corresponde un modelo de educaci\u00f3n, en palabras del senador Jorge Robledo: \u201cDime qu\u00e9 pa\u00eds quieres y te dir\u00e9 qu\u00e9 aparato educativo necesitas\u201d. En Colombia, al modelo de pa\u00eds impuesto hace casi tres d\u00e9cadas, se le ha adecuado un modelo de educaci\u00f3n cuyo prop\u00f3sito es reproducir la desigualdad y promover la mala calidad como pol\u00edtica de Estado.<\/p>\n<p>La ley 30 de 1992 es responsable de la deuda de m\u00e1s de 13 Billones de pesos del estado con las universidad p\u00fablicas del pa\u00eds, seg\u00fan ASCUN (1), la pol\u00edtica educativa actual se orienta a profundizar la des financiaci\u00f3n y reorientar los recursos que deber\u00edan ser para las universidades p\u00fablicas hacia el ICETEX o hacia programas como Ser Pilo Paga (2).<\/p>\n<p>La Universidad Popular del Cesar no se escapa de \u00e9sta realidad y se encuentra entre las m\u00e1s golpeadas en \u00e9sta encrucijada. Para el 2017, el 54% del presupuesto de la instituci\u00f3n correspondi\u00f3 a recursos propios, provenientes en su mayor\u00eda de las matr\u00edculas de pregrado, mientras el 46% provino de transferencias estatales. De \u00e9ste presupuesto, s\u00f3lo el 3.44% se asign\u00f3 a gastos de inversi\u00f3n (3). Lo anterior, demuestra un paulatino abandono a la UPC, que recib\u00eda el 80% de su presupuesto de la naci\u00f3n hace 10 a\u00f1os (4).<\/p>\n<p>Desde la expedici\u00f3n de la ley 30, la UPC ha pasado de 977 a 15059 estudiantes, de 5 a 21 programas de pregrado y de 1 sede a 3 en Valledupar y dos seccionales en los municipios de Codazzi y Aguachica. Sin embargo, teniendo en cuenta el congelamiento de los recursos para la financiaci\u00f3n de las universidades p\u00fablicas impuesto por la Ley 30 de 1992, la UPC hoy sobrevive con la misma inversi\u00f3n estatal de hace 25 a\u00f1os, lo que afecta gravemente la capacidad que tiene la instituci\u00f3n para brindar una educaci\u00f3n de calidad y con amplia inversi\u00f3n en bienestar institucional, investigaci\u00f3n y proyecci\u00f3n social.<\/p>\n<p>Si bien, seg\u00fan el ministerio de educaci\u00f3n el d\u00e9ficit presupuestal de la Universidad se hab\u00eda calculado en $9.500.000.000, datos de la oficina de planeaci\u00f3n indican que las necesidades presupuestales de la instituci\u00f3n ascienden a m\u00e1s de $36.004.082.946, es decir, que se necesitar\u00eda un presupuesto de $102.561.646.852 para cubrirlas. (5)<\/p>\n<p>Todo lo anterior evidencia que la UPC resulta perdedora si se sigue aplicando la pol\u00edtica educativa imperante y hace obligatorio el llamado a la comunidad acad\u00e9mica y la comunidad Cesarence en general, a conformar la m\u00e1s amplia convergencia en favor de la Universidad Popular del Cesar, para que en el 2018 podamos impulsar en las urnas un gobierno que realice una verdadera reforma a la pol\u00edtica educativa que beneficie a las universidades p\u00fablicas, pues solo as\u00ed podremos asegurar, no s\u00f3lo la supervivencia de la UPC, si no preservar su car\u00e1cter p\u00fablico, y lograr que se convierta en la instituci\u00f3n que est\u00e1 llamada a ser para bien del departamento del Cesar y la Regi\u00f3n.<\/p>\n<p>REFERENCIAS<\/p>\n<ol>\n<li>&#8216;El peligro de cierre de universidades p\u00fablicas es inminente&#8217;: pdte. de ASCUN &#8211; Canal 1. (2017).\u00a0Canal 1. Retrieved 9 November 2017, from https:\/\/canal1.com.co\/noticias\/peligro-cierre-universidades-publicas-inminente-pdte-ascun\/<\/li>\n<li>PRESUPUESTO GENERAL 2017 &#8211; UNICESAR. (2017). Retrieved 9 November 2017, from https:\/\/www.unicesar.edu.co\/index.php\/normatividad\/doc_download\/3321-acuerdo-no-070-del-21-de-diciembre-de-2016-presupuesto-2017<\/li>\n<\/ol>\n<ol start=\"3\">\n<li>Universidades p\u00fablicas marchan contra Ser Pilo Paga. (2017).\u00a0Universidades p\u00fablicas marchan contra Ser Pilo Paga. Retrieved 9 November 2017, from http:\/\/www.semana.com\/educacion\/articulo\/universidad-publica-marcha-contra-ser-pilo-paga\/542808<\/li>\n<\/ol>\n<ol start=\"4\">\n<li>Gr\u00e1fica datos hist\u00f3ricos, recursos propios vs recursos de la naci\u00f3n. Fuente: Oficina de Planeaci\u00f3n.<\/li>\n<\/ol>\n<p><a href=\"https:\/\/drive.google.com\/file\/d\/15prWIXau49uOYg2r0Yif53ii2YBqMSeb\/view?usp=sharing\">https:\/\/drive.google.com\/file\/d\/15prWIXau49uOYg2r0Yif53ii2YBqMSeb\/view?usp=sharing<\/a><\/p>\n<ol start=\"5\">\n<li>Presupuesto y necesidades presupuestales UPC 2016. Fuente: Oficina de planeaci\u00f3n.<\/li>\n<\/ol>\n<p><a href=\"https:\/\/drive.google.com\/file\/d\/1ZL3xrsfN7moPDKaBVzLXApPD49XEJyL_\/view?usp=sharing\">https:\/\/drive.google.com\/file\/d\/1ZL3xrsfN7moPDKaBVzLXApPD49XEJyL_\/view?usp=sharing<\/a><\/p>\n","protected":false},"excerpt":{"rendered":"<p>Fabio Andr\u00e9s Pinto, Valledupar, noviembre 8 de 2017 Un axioma con respecto a la educaci\u00f3n se\u00f1ala que a cada modelo de pa\u00eds le corresponde un modelo de educaci\u00f3n, en palabras del senador Jorge Robledo: \u201cDime qu\u00e9 pa\u00eds quieres y te dir\u00e9 qu\u00e9 aparato educativo necesitas\u201d. En Colombia, al modelo de pa\u00eds impuesto hace casi tres [&hellip;]<\/p>\n","protected":false},"author":1,"featured_media":13783,"comment_status":"open","ping_status":"open","sticky":false,"template":"","format":"standard","meta":{"advanced_seo_description":"","jetpack_seo_html_title":"","jetpack_seo_noindex":false,"_jetpack_memberships_contains_paid_content":false,"footnotes":""},"categories":[102,103,97,98],"tags":[],"class_list":["post-13782","post","type-post","status-publish","format-standard","has-post-thumbnail","hentry","category-economia","category-educacion","category-imperialismo-y-neoliberalismo","category-politica"],"jetpack_featured_media_url":"https:\/\/i0.wp.com\/moir.com.co\/web\/wp-content\/uploads\/2017\/11\/UPCesar.png?fit=408%2C271&ssl=1","jetpack-related-posts":[{"id":8537,"url":"https:\/\/moir.com.co\/web\/comunicado-del-comite-de-representantes-estudiantiles-de-la-universidad-nacional-contra-la-politica-educativa-del-reelecto-presidente-juan-manuel-santos\/","url_meta":{"origin":13782,"position":0},"title":"Comunicado del Comit\u00e9 de Representantes Estudiantiles de la Universidad Nacional contra la pol\u00edtica educativa del reelecto presidente Juan Manuel Santos","author":"admin","date":"julio 1, 2014","format":false,"excerpt":"El Comit\u00e9 Nacional de Representantes Estudiantiles de la Universidad Nacional de Colombia (CNRE) expresa su preocupaci\u00f3n y rechazo frente a la continuidad y profundizaci\u00f3n del modelo privatizador que encarnan Juan Manuel Santos y su programa de gobierno bajo el disfraz de \u201cTercera V\u00eda\u201d, que tienen en crisis a la educaci\u00f3n\u2026","rel":"","context":"En \u00abPronunciamientos de Organizaciones Sociales\u00bb","block_context":{"text":"Pronunciamientos de Organizaciones Sociales","link":"https:\/\/moir.com.co\/web\/category\/pronunciamientos-de-organizaciones-sociales\/"},"img":{"alt_text":"","src":"","width":0,"height":0},"classes":[]},{"id":3617,"url":"https:\/\/moir.com.co\/web\/educacion-y-empleo-digno-van-de-la-mano-con-la-soberania-nacional\/","url_meta":{"origin":13782,"position":1},"title":"EDUCACI\u00d3N Y EMPLEO DIGNO VAN DE LA MANO CON LA SOBERAN\u00cdA NACIONAL","author":"admin","date":"octubre 7, 2009","format":false,"excerpt":"La educaci\u00f3n es pilar del progreso nacional, es eso lo que no vemos en nuestro pa\u00eds. El estado ha abandonado la responsabilidad de garantizar la educaci\u00f3n para el pueblo colombiano, se refleja en la pol\u00edtica educativa que se ha venido imponiendo con la mal llamada \u201cRevoluci\u00f3n Educativa\u201d de \u00c1lvaro Uribe\u2026","rel":"","context":"Entrada similar","block_context":{"text":"Entrada similar","link":""},"img":{"alt_text":"","src":"","width":0,"height":0},"classes":[]},{"id":2651,"url":"https:\/\/moir.com.co\/web\/consideraciones-a-la-reforma-neoliberal-de-la-educacion-superior-en-colombia\/","url_meta":{"origin":13782,"position":2},"title":"CONSIDERACIONES A LA REFORMA NEOLIBERAL DE LA EDUCACI\u00d3N SUPERIOR EN COLOMBIA","author":"admin","date":"febrero 2, 2009","format":false,"excerpt":"Juan Carlos Mart\u00ednez Botero, Representante Estudiantil al Consejo Superior de la Universidad de Caldas, Organizaci\u00f3n Colombiana de Estudiantes, OCE, Enero de 2009 Las principales instituciones de educaci\u00f3n superior del pa\u00eds vienen siendo sometidas a profundas reformas acad\u00e9micas e institucionales, en una l\u00f3gica de amoldar el aparato educativo nacional a una\u2026","rel":"","context":"En \u00abJuventud Patri\u00f3tica\u00bb","block_context":{"text":"Juventud Patri\u00f3tica","link":"https:\/\/moir.com.co\/web\/category\/juventud-patriotica\/"},"img":{"alt_text":"","src":"","width":0,"height":0},"classes":[]},{"id":9125,"url":"https:\/\/moir.com.co\/web\/ser-pilo-paga-revolucion-educativa-o-engano\/","url_meta":{"origin":13782,"position":3},"title":"\u00a1\u201cSer pilo paga\u201d revoluci\u00f3n educativa o enga\u00f1o!","author":"admin","date":"febrero 23, 2015","format":false,"excerpt":"El gobierno de Juan Manuel Santos ha propalado la idea de que Colombia pasar\u00e1 a ser uno de los pa\u00edses \u201cm\u00e1s educados\u201d de Am\u00e9rica, pero, en contraste con su actual pol\u00edtica educativa, se ve como esta iniciativa se queda en el limbo, pues el modelo neoliberal que ha profundizado, promueve\u2026","rel":"","context":"Entrada similar","block_context":{"text":"Entrada similar","link":""},"img":{"alt_text":"","src":"","width":0,"height":0},"classes":[]},{"id":9149,"url":"https:\/\/moir.com.co\/web\/la-nefasta-politica-educativa-de-santos-ii-el-plan-de-desarrollo-2014-2018\/","url_meta":{"origin":13782,"position":4},"title":"La nefasta pol\u00edtica educativa de Santos II: El Plan de Desarrollo 2014-2018","author":"admin","date":"febrero 28, 2015","format":false,"excerpt":"El Plan Nacional de Desarrollo, PND, 2014-2018 del Gobierno Santos, que fue presentado al Congreso de la Rep\u00fablica hace dos semanas [1] se\u00f1ala a la educaci\u00f3n como eje central de la pol\u00edtica del cuatrienio. Pero lo consignado en el documento corrobora lo que m\u00faltiples sectores han denunciado desde su llegada\u2026","rel":"","context":"En \u00abEducaci\u00f3n\u00bb","block_context":{"text":"Educaci\u00f3n","link":"https:\/\/moir.com.co\/web\/category\/temas\/educacion\/"},"img":{"alt_text":"","src":"","width":0,"height":0},"classes":[]},{"id":8944,"url":"https:\/\/moir.com.co\/web\/reforma-expres-a-la-ley-30-inconsulta-e-inconveniente\/","url_meta":{"origin":13782,"position":5},"title":"Reforma expr\u00e9s a la Ley 30: inconsulta e inconveniente","author":"admin","date":"diciembre 14, 2014","format":false,"excerpt":"La ministra de Educaci\u00f3n, Gina Parody, y el Presidente Santos presentaron una reforma a la educaci\u00f3n superior jam\u00e1s discutida con la comunidad educativa y que se presenta con el supuesto prop\u00f3sito de reforzar el derecho a la educaci\u00f3n, cuando en realidad profundiza el car\u00e1cter de servicio y mercanc\u00eda fijado por\u2026","rel":"","context":"En \u00abTemas\u00bb","block_context":{"text":"Temas","link":"https:\/\/moir.com.co\/web\/category\/temas\/"},"img":{"alt_text":"","src":"","width":0,"height":0},"classes":[]}],"jetpack_sharing_enabled":true,"_links":{"self":[{"href":"https:\/\/moir.com.co\/web\/wp-json\/wp\/v2\/posts\/13782","targetHints":{"allow":["GET"]}}],"collection":[{"href":"https:\/\/moir.com.co\/web\/wp-json\/wp\/v2\/posts"}],"about":[{"href":"https:\/\/moir.com.co\/web\/wp-json\/wp\/v2\/types\/post"}],"author":[{"embeddable":true,"href":"https:\/\/moir.com.co\/web\/wp-json\/wp\/v2\/users\/1"}],"replies":[{"embeddable":true,"href":"https:\/\/moir.com.co\/web\/wp-json\/wp\/v2\/comments?post=13782"}],"version-history":[{"count":1,"href":"https:\/\/moir.com.co\/web\/wp-json\/wp\/v2\/posts\/13782\/revisions"}],"predecessor-version":[{"id":13784,"href":"https:\/\/moir.com.co\/web\/wp-json\/wp\/v2\/posts\/13782\/revisions\/13784"}],"wp:featuredmedia":[{"embeddable":true,"href":"https:\/\/moir.com.co\/web\/wp-json\/wp\/v2\/media\/13783"}],"wp:attachment":[{"href":"https:\/\/moir.com.co\/web\/wp-json\/wp\/v2\/media?parent=13782"}],"wp:term":[{"taxonomy":"category","embeddable":true,"href":"https:\/\/moir.com.co\/web\/wp-json\/wp\/v2\/categories?post=13782"},{"taxonomy":"post_tag","embeddable":true,"href":"https:\/\/moir.com.co\/web\/wp-json\/wp\/v2\/tags?post=13782"}],"curies":[{"name":"wp","href":"https:\/\/api.w.org\/{rel}","templated":true}]}}