{"id":13780,"date":"2017-11-13T15:49:35","date_gmt":"2017-11-13T15:49:35","guid":{"rendered":"https:\/\/moir.org.co\/web\/?p=13780"},"modified":"2017-11-13T16:32:47","modified_gmt":"2017-11-13T16:32:47","slug":"programa-radia-de-tribuna-magisterial-noviembre-5-de-2017","status":"publish","type":"post","link":"https:\/\/moir.com.co\/web\/programa-radia-de-tribuna-magisterial-noviembre-5-de-2017\/","title":{"rendered":"Programa Radial de Tribuna Magisterial, noviembre 5 de 2017"},"content":{"rendered":"<p><strong>Bogot\u00e1, noviembre 5 de 2017<\/strong><\/p>\n<p>En el programa del 5 de noviembre, Mar\u00eda Antonieta Cano de la Junta Directiva de la ADE y directora del programa y Pedro Jim\u00e9nez conductor del programa, presentaron a los candidatos a la asamblea de delegados \u00c9dgar Casas y Mauricio P\u00e1ez con el #210 y Alejandro Silva con el #462, quienes apoyan a Mar\u00eda Antonieta Cano a la Junta Directiva con el #2.<\/p>\n<p>&nbsp;<\/p>\n<p>En el espacio con el Senador del Polo Democr\u00e1tico Alternativo Jorge Robledo nos explic\u00f3 sobre la demanda que se interpuso ante el Consejo de Estado, con la cual las empresas mineras y petroleras tendr\u00e1n que pagar Un Bill\u00f3n de pesos por exenciones \u00a0tributarias en la liquidaci\u00f3n del impuesto de renta. Tambi\u00e9n se resalt\u00f3 el hecho significativo de que por sexta vez consecutiva \u00a0Jorge Enrique Robledo fue elegido como el mejor senador del Colombia.<\/p>\n<p>En nuestra secci\u00f3n sobre la problem\u00e1tica de los colegios en Bogot\u00e1 la profesora Lorena Chac\u00f3n del Colegio T\u00e9cnico Industrial Laureano G\u00f3mez explic\u00f3 las razones por las cuales los estudiantes de la instituci\u00f3n se encuentran en asamblea permanente desde el pasado jueves, se\u00f1al\u00f3 que la Secretaria de Educaci\u00f3n quiere realizar una restituci\u00f3n de la planta f\u00edsica sin contar con la opini\u00f3n de la comunidad educativa, destaca que las instalaciones se encuentran en buen estado y no amerita una demolici\u00f3n total de la instituci\u00f3n lo que genera muchas dudas sobre la verdadera intenci\u00f3n de la administraci\u00f3n Pe\u00f1alosa con el predio del colegio.<\/p>\n<p>&nbsp;<\/p>\n<p>Mar\u00eda Antonieta Cano invit\u00f3 al magisterio capitalino al Gran evento del Magisterio, con \u00a0la presencia del senador Robledo, del Representante a la C\u00e1mara, Germ\u00e1n Navas Talero y con el grupo de dirigentes de Tribuna Magisterial, el pr\u00f3ximo 15 de noviembre, en el auditorio de FECODE en la cr 13\u00aa # 34 \u2013 54 a las 6:30 pm.<\/p>\n<p>&nbsp;<\/p>\n<p>Finalmente se record\u00f3 uno a uno a los candidatos a la asamblea de delegados de la Ade que respaldan la candidatura de Mar\u00eda Antonieta Cano a la junta directiva de la ADE:<\/p>\n<p>&nbsp;<\/p>\n<p><strong>Mar\u00eda Antonieta Cano #2 a la junta Directiva de la ADE.<\/strong><\/p>\n<p>A la asamblea de delegados:<\/p>\n<p>&nbsp;<\/p>\n<p>V\u00edctor Beltr\u00e1n #121,<\/p>\n<p>&nbsp;<\/p>\n<p>Mar\u00eda Antonieta Cano, Laura Moreno, Luisa Pinz\u00f3n y Doris Vargas \u00a0#298,<\/p>\n<p>&nbsp;<\/p>\n<p>Edgar Casas y Mauricio P\u00e1ez # 210,<\/p>\n<p>&nbsp;<\/p>\n<p>Luz Marina Corredor #400,<\/p>\n<p>&nbsp;<\/p>\n<p>Gladys Gasca #141,<\/p>\n<p>&nbsp;<\/p>\n<p>John Granados y Alejandro Socha #123,<\/p>\n<p>&nbsp;<\/p>\n<p>Pedro Jim\u00e9nez #290,<\/p>\n<p>&nbsp;<\/p>\n<p>Marisol Moncada #341,<\/p>\n<p>&nbsp;<\/p>\n<p>Gustavo Pe\u00f1uela #306,<\/p>\n<p>&nbsp;<\/p>\n<p>Alberto Pacheco #114,<\/p>\n<p>&nbsp;<\/p>\n<p>Iv\u00e1n Ram\u00edrez #455,<\/p>\n<p>&nbsp;<\/p>\n<p>Felipe Romero #307,<\/p>\n<p>&nbsp;<\/p>\n<p>Albert Serrano #395,<\/p>\n<p>&nbsp;<\/p>\n<p>Alejandro Silva y C\u00e9sar Pati\u00f1o #462.\u200b<\/p>\n","protected":false},"excerpt":{"rendered":"<p>Bogot\u00e1, noviembre 5 de 2017 En el programa del 5 de noviembre, Mar\u00eda Antonieta Cano de la Junta Directiva de la ADE y directora del programa y Pedro Jim\u00e9nez conductor del programa, presentaron a los candidatos a la asamblea de delegados \u00c9dgar Casas y Mauricio P\u00e1ez con el #210 y Alejandro Silva con el #462, [&hellip;]<\/p>\n","protected":false},"author":1,"featured_media":13436,"comment_status":"open","ping_status":"open","sticky":false,"template":"","format":"audio","meta":{"advanced_seo_description":"","jetpack_seo_html_title":"","jetpack_seo_noindex":false,"_jetpack_memberships_contains_paid_content":false,"footnotes":""},"categories":[101,102,103,97,107,98,109,11],"tags":[],"class_list":["post-13780","post","type-post","status-publish","format-audio","has-post-thumbnail","hentry","category-bogota","category-economia","category-educacion","category-imperialismo-y-neoliberalismo","category-mineria-y-petroleo","category-politica","category-sindical","category-tribuna-magisterial","post_format-post-format-audio"],"jetpack_featured_media_url":"https:\/\/i0.wp.com\/moir.com.co\/web\/wp-content\/uploads\/2017\/10\/ADETon%CC%83a.jpg?fit=853%2C1280&ssl=1","jetpack-related-posts":[{"id":13829,"url":"https:\/\/moir.com.co\/web\/programa-radial-de-tribuna-magisterial-noviembre-12-de-2017\/","url_meta":{"origin":13780,"position":0},"title":"Programa Radial de Tribuna Magisterial, noviembre 12 de 2017","author":"admin","date":"noviembre 15, 2017","format":"audio","excerpt":"Bogot\u00e1, noviembre 12 de 2017 En el programa del 12 de noviembre Mar\u00eda Antonieta Cano de la junta directiva de la ADE y directora del programa entrevist\u00f3 a los profesores candidatos a la asamblea de delegados, profesor Iv\u00e1n Ram\u00edrez con el #455 y al profesor Albert Serrano #395, quienes presentaron\u2026","rel":"","context":"En \u00abBogot\u00e1\u00bb","block_context":{"text":"Bogot\u00e1","link":"https:\/\/moir.com.co\/web\/category\/temas\/bogota\/"},"img":{"alt_text":"","src":"https:\/\/i0.wp.com\/moir.com.co\/web\/wp-content\/uploads\/2017\/10\/ADETon%CC%83a.jpg?fit=800%2C1200&ssl=1&resize=350%2C200","width":350,"height":200,"srcset":"https:\/\/i0.wp.com\/moir.com.co\/web\/wp-content\/uploads\/2017\/10\/ADETon%CC%83a.jpg?fit=800%2C1200&ssl=1&resize=350%2C200 1x, https:\/\/i0.wp.com\/moir.com.co\/web\/wp-content\/uploads\/2017\/10\/ADETon%CC%83a.jpg?fit=800%2C1200&ssl=1&resize=525%2C300 1.5x, https:\/\/i0.wp.com\/moir.com.co\/web\/wp-content\/uploads\/2017\/10\/ADETon%CC%83a.jpg?fit=800%2C1200&ssl=1&resize=700%2C400 2x"},"classes":[]},{"id":13681,"url":"https:\/\/moir.com.co\/web\/programa-radial-de-tribuna-magisterial-octubre-29-de-2018\/","url_meta":{"origin":13780,"position":1},"title":"Programa Radial de Tribuna Magisterial, octubre 29 de 2018","author":"admin","date":"octubre 30, 2017","format":"audio","excerpt":"Bogot\u00e1, octubre 29 de 2017 En el programa del 29 de octubre de 2017 Mar\u00eda Antonieta Cano de la junta directiva de la ADE y directora del programa invit\u00f3 a los oyentes al gran evento campa\u00f1a con los candidatos de Tribuna Magisterial para la ADE que se realizar\u00e1 el 15\u2026","rel":"","context":"En \u00abBogot\u00e1\u00bb","block_context":{"text":"Bogot\u00e1","link":"https:\/\/moir.com.co\/web\/category\/temas\/bogota\/"},"img":{"alt_text":"","src":"https:\/\/i0.wp.com\/moir.com.co\/web\/wp-content\/uploads\/2017\/10\/ADETon%CC%83a.jpg?fit=800%2C1200&ssl=1&resize=350%2C200","width":350,"height":200,"srcset":"https:\/\/i0.wp.com\/moir.com.co\/web\/wp-content\/uploads\/2017\/10\/ADETon%CC%83a.jpg?fit=800%2C1200&ssl=1&resize=350%2C200 1x, https:\/\/i0.wp.com\/moir.com.co\/web\/wp-content\/uploads\/2017\/10\/ADETon%CC%83a.jpg?fit=800%2C1200&ssl=1&resize=525%2C300 1.5x, https:\/\/i0.wp.com\/moir.com.co\/web\/wp-content\/uploads\/2017\/10\/ADETon%CC%83a.jpg?fit=800%2C1200&ssl=1&resize=700%2C400 2x"},"classes":[]},{"id":11215,"url":"https:\/\/moir.com.co\/web\/programa-radial-de-tribuna-magisterial-noviembre-20-de-2016\/","url_meta":{"origin":13780,"position":2},"title":"Programa Radial de Tribuna Magisterial, noviembre 20 de 2016","author":"admin","date":"noviembre 30, 2016","format":"audio","excerpt":"Bogot\u00e1, noviembre 20 de 2016 En el programa del 20 de noviembre Mar\u00eda Antonieta Cano de la junta directiva de la ADE y directora del programa, dedic\u00f3 el editorial a explicar la manera c\u00f3mo la Reforma Tributaria ejerce violencia contra la mujer. Finalmente, invit\u00f3 a participar en la gran movilizaci\u00f3n\u2026","rel":"","context":"En \u00abEconom\u00eda\u00bb","block_context":{"text":"Econom\u00eda","link":"https:\/\/moir.com.co\/web\/category\/temas\/economia\/"},"img":{"alt_text":"","src":"https:\/\/i0.wp.com\/moir.com.co\/web\/wp-content\/uploads\/2016\/11\/tribmagton%CC%83a5-1.jpg?fit=900%2C1200&ssl=1&resize=350%2C200","width":350,"height":200,"srcset":"https:\/\/i0.wp.com\/moir.com.co\/web\/wp-content\/uploads\/2016\/11\/tribmagton%CC%83a5-1.jpg?fit=900%2C1200&ssl=1&resize=350%2C200 1x, https:\/\/i0.wp.com\/moir.com.co\/web\/wp-content\/uploads\/2016\/11\/tribmagton%CC%83a5-1.jpg?fit=900%2C1200&ssl=1&resize=525%2C300 1.5x, https:\/\/i0.wp.com\/moir.com.co\/web\/wp-content\/uploads\/2016\/11\/tribmagton%CC%83a5-1.jpg?fit=900%2C1200&ssl=1&resize=700%2C400 2x"},"classes":[]},{"id":13635,"url":"https:\/\/moir.com.co\/web\/programa-radial-de-tribuna-magisterial-octubre-22-de-2017\/","url_meta":{"origin":13780,"position":3},"title":"Programa Radial de Tribuna Magisterial, octubre 22 de 2017","author":"admin","date":"octubre 26, 2017","format":"audio","excerpt":"Bogot\u00e1, octubre 22 de 2017 En el programa del 22 de octubre la profesora Marisol Moncada docente provisional del distrito present\u00f3 su candidatura a la asamblea de delegados de la ADE con el #341, tambi\u00e9n Pedro Jim\u00e9nez present\u00f3 su candidatura a la asamblea de delegados de la ADE con el\u2026","rel":"","context":"En \u00abBogot\u00e1\u00bb","block_context":{"text":"Bogot\u00e1","link":"https:\/\/moir.com.co\/web\/category\/temas\/bogota\/"},"img":{"alt_text":"","src":"https:\/\/i0.wp.com\/moir.com.co\/web\/wp-content\/uploads\/2017\/10\/ADETon%CC%83a.jpg?fit=800%2C1200&ssl=1&resize=350%2C200","width":350,"height":200,"srcset":"https:\/\/i0.wp.com\/moir.com.co\/web\/wp-content\/uploads\/2017\/10\/ADETon%CC%83a.jpg?fit=800%2C1200&ssl=1&resize=350%2C200 1x, https:\/\/i0.wp.com\/moir.com.co\/web\/wp-content\/uploads\/2017\/10\/ADETon%CC%83a.jpg?fit=800%2C1200&ssl=1&resize=525%2C300 1.5x, https:\/\/i0.wp.com\/moir.com.co\/web\/wp-content\/uploads\/2017\/10\/ADETon%CC%83a.jpg?fit=800%2C1200&ssl=1&resize=700%2C400 2x"},"classes":[]},{"id":13399,"url":"https:\/\/moir.com.co\/web\/programa-radial-de-tribuna-magisterial-septiembre-24-de-2017\/","url_meta":{"origin":13780,"position":4},"title":"Programa Radial de Tribuna Magisterial, septiembre 24 de 2017","author":"admin","date":"septiembre 29, 2017","format":"audio","excerpt":"Bogot\u00e1, septiembre 24 de 2017 En el programa del 24 de septiembre Mar\u00eda Antonieta Cano de la junta Directiva de la ADE y directora del programa dio un informe sobre la proclamaci\u00f3n de Jorge Robledo como candidato a la Presidencia de la Republica por el Polo Democr\u00e1tico Alternativo. Tambi\u00e9n inform\u00f3\u2026","rel":"","context":"En \u00abEducaci\u00f3n\u00bb","block_context":{"text":"Educaci\u00f3n","link":"https:\/\/moir.com.co\/web\/category\/temas\/educacion\/"},"img":{"alt_text":"","src":"https:\/\/i0.wp.com\/moir.com.co\/web\/wp-content\/uploads\/2017\/07\/tribmagton%CC%83a5-1.jpg?fit=900%2C1200&ssl=1&resize=350%2C200","width":350,"height":200,"srcset":"https:\/\/i0.wp.com\/moir.com.co\/web\/wp-content\/uploads\/2017\/07\/tribmagton%CC%83a5-1.jpg?fit=900%2C1200&ssl=1&resize=350%2C200 1x, https:\/\/i0.wp.com\/moir.com.co\/web\/wp-content\/uploads\/2017\/07\/tribmagton%CC%83a5-1.jpg?fit=900%2C1200&ssl=1&resize=525%2C300 1.5x, https:\/\/i0.wp.com\/moir.com.co\/web\/wp-content\/uploads\/2017\/07\/tribmagton%CC%83a5-1.jpg?fit=900%2C1200&ssl=1&resize=700%2C400 2x"},"classes":[]},{"id":13481,"url":"https:\/\/moir.com.co\/web\/programa-radial-de-tribuna-magisterial-octubre-8-de-2017\/","url_meta":{"origin":13780,"position":5},"title":"Programa Radial de Tribuna Magisterial, octubre 8 de 2017","author":"admin","date":"octubre 10, 2017","format":"audio","excerpt":"Bogot\u00e1, octubre 8 de 2017 En el programa del 8 de octubre de 2017 Pedro Jim\u00e9nez docente del Distrito y conductor del programa, entrevist\u00f3 a Francisco Torres del Comit\u00e9 Ejecutivo de FECODE, quien dio un informe sobre la justa lucha de los pilotos de AVIANCA que se encuentran en huelga,\u2026","rel":"","context":"En \u00abEconom\u00eda\u00bb","block_context":{"text":"Econom\u00eda","link":"https:\/\/moir.com.co\/web\/category\/temas\/economia\/"},"img":{"alt_text":"","src":"https:\/\/i0.wp.com\/moir.com.co\/web\/wp-content\/uploads\/2017\/10\/ADETon%CC%83a.jpg?fit=800%2C1200&ssl=1&resize=350%2C200","width":350,"height":200,"srcset":"https:\/\/i0.wp.com\/moir.com.co\/web\/wp-content\/uploads\/2017\/10\/ADETon%CC%83a.jpg?fit=800%2C1200&ssl=1&resize=350%2C200 1x, https:\/\/i0.wp.com\/moir.com.co\/web\/wp-content\/uploads\/2017\/10\/ADETon%CC%83a.jpg?fit=800%2C1200&ssl=1&resize=525%2C300 1.5x, https:\/\/i0.wp.com\/moir.com.co\/web\/wp-content\/uploads\/2017\/10\/ADETon%CC%83a.jpg?fit=800%2C1200&ssl=1&resize=700%2C400 2x"},"classes":[]}],"jetpack_sharing_enabled":true,"_links":{"self":[{"href":"https:\/\/moir.com.co\/web\/wp-json\/wp\/v2\/posts\/13780","targetHints":{"allow":["GET"]}}],"collection":[{"href":"https:\/\/moir.com.co\/web\/wp-json\/wp\/v2\/posts"}],"about":[{"href":"https:\/\/moir.com.co\/web\/wp-json\/wp\/v2\/types\/post"}],"author":[{"embeddable":true,"href":"https:\/\/moir.com.co\/web\/wp-json\/wp\/v2\/users\/1"}],"replies":[{"embeddable":true,"href":"https:\/\/moir.com.co\/web\/wp-json\/wp\/v2\/comments?post=13780"}],"version-history":[{"count":2,"href":"https:\/\/moir.com.co\/web\/wp-json\/wp\/v2\/posts\/13780\/revisions"}],"predecessor-version":[{"id":13798,"href":"https:\/\/moir.com.co\/web\/wp-json\/wp\/v2\/posts\/13780\/revisions\/13798"}],"wp:featuredmedia":[{"embeddable":true,"href":"https:\/\/moir.com.co\/web\/wp-json\/wp\/v2\/media\/13436"}],"wp:attachment":[{"href":"https:\/\/moir.com.co\/web\/wp-json\/wp\/v2\/media?parent=13780"}],"wp:term":[{"taxonomy":"category","embeddable":true,"href":"https:\/\/moir.com.co\/web\/wp-json\/wp\/v2\/categories?post=13780"},{"taxonomy":"post_tag","embeddable":true,"href":"https:\/\/moir.com.co\/web\/wp-json\/wp\/v2\/tags?post=13780"}],"curies":[{"name":"wp","href":"https:\/\/api.w.org\/{rel}","templated":true}]}}