{"id":13748,"date":"2017-11-07T19:03:58","date_gmt":"2017-11-07T19:03:58","guid":{"rendered":"https:\/\/moir.org.co\/web\/?p=13748"},"modified":"2017-11-07T19:03:58","modified_gmt":"2017-11-07T19:03:58","slug":"el-valle-tiene-los-ingredientes-pero-le-faltan-cocineros","status":"publish","type":"post","link":"https:\/\/moir.com.co\/web\/el-valle-tiene-los-ingredientes-pero-le-faltan-cocineros\/","title":{"rendered":"El Valle tiene los ingredientes, pero le faltan cocineros"},"content":{"rendered":"<p><strong>Mario Alejandro Valencia, Cali, noviembre 6 de 2017<\/strong><\/p>\n<p>La agroindustria de la ca\u00f1a de az\u00facar es sin dudas la de m\u00e1s prosperidad econ\u00f3mica que se ha realizado en el valle geogr\u00e1fico del r\u00edo Cauca. Durante el periodo de crecimiento del pa\u00eds en las d\u00e9cadas de 1960 a 1980, este sector se consolid\u00f3 como un importante cl\u00faster que cuadruplic\u00f3 su producci\u00f3n azucarera y llev\u00f3 de 60 000 a 130 000 hect\u00e1reas la siembra de ca\u00f1a<a href=\"https:\/\/www.las2orillas.co\/que-hace-falta-la-economia-del-valle-del-cauca\/#_ftn1\" name=\"_ftnref1\">[1]<\/a>. Despu\u00e9s lleg\u00f3 la irresponsable apertura econ\u00f3mica de 1990, que arruin\u00f3 a buena parte de la agricultura de la regi\u00f3n: cultivos transitorios como algod\u00f3n, ma\u00edz, sorgo y soya pasaron de 140 000 a 45 000 hect\u00e1reas entre la d\u00e9cada de 1980 y 2000<a href=\"https:\/\/www.las2orillas.co\/que-hace-falta-la-economia-del-valle-del-cauca\/#_ftn2\" name=\"_ftnref2\">[2]<\/a>, hasta pr\u00e1cticamente su desaparici\u00f3n.<\/p>\n<p>Lo que sobrevivi\u00f3 en el Valle del Cauca fue la ca\u00f1a. De este conglomerado hoy existen 14 ingenios, 12 cogeneradores de energ\u00eda, 6 destiler\u00edas, una f\u00e1brica de papel, 40 industrias alimenticias, 3 de gaseosas, 8 de vinos y licores, 2750 proveedores agr\u00edcolas en 238.000 hect\u00e1reas sembradas en ca\u00f1a con la productividad m\u00e1s alta del planeta y 265.000 empleos. No est\u00e1 exenta de conflictos sociales y laborales, pero \u00bfhay alguien sensato que considere acabarlo, adem\u00e1s con la irresponsabilidad de no plantear una alternativa seria y viable?<\/p>\n<p>Los \u00faltimos gobiernos nacionales se han dedicado sistem\u00e1ticamente a lesionar los intereses de los cultivadores, industriales, trabajadores y la poblaci\u00f3n vinculada a esta actividad. Tanto los mandatos de Uribe como los de Santos han establecido medidas para permitir importaciones masivas de az\u00facar y etanol, con falsos argumentos de defensa a los consumidores. As\u00ed ha actuado tambi\u00e9n el superintendente del sector, al servicio de Germ\u00e1n Vargas Lleras.<\/p>\n<p>Las consecuencias del actual modelo econ\u00f3mico para el Valle del Cauca son preocupantes. Hay una alta concentraci\u00f3n productiva que ha llevado a que el sector m\u00e1s destacado sea el financiero, con 30 % de participaci\u00f3n en el total de la econom\u00eda regional. Antes de la apertura la industria del Valle era el 30 % de su econom\u00eda y hoy a duras penas llega al 15 %. Desde 1990 hasta 2016 el d\u00e9ficit comercial del departamento suma USD 28 288 millones de riqueza que se fug\u00f3.<\/p>\n<p>La tasa de desempleo es casi dos puntos porcentuales m\u00e1s alta hoy que antes de la apertura, entre otras cosas como consecuencia de la p\u00e9rdida de miles de empleos de alta remuneraci\u00f3n y capacitaci\u00f3n, de empresas que -bien por movidas corporativas o por el costo pa\u00eds- cerraron sus operaciones en la regi\u00f3n, como Quaker, Michelin, Adams, Bayer, Eveready, Quintex, Croydon, Gillete, BDF, Wyeth, Monarc, La Garant\u00eda, etc. Estos empleos perdidos no se reemplazaron por otros de igual calidad, sino por el rebusque y la reventa.<\/p>\n<p>El Valle del Cauca requiere de una diversificaci\u00f3n productiva aumentando la complejidad y sofisticaci\u00f3n de lo que produce, con alta inversi\u00f3n en ciencia y tecnolog\u00eda. No parte de cero, porque ya hay una base que se debe cuidar en el corredor industrial del Norte del Cauca, Cali, Yumbo y Palmira, el cl\u00faster de la prote\u00edna blanca, la salud y la belleza, entre otros.<\/p>\n<p>Pero crear m\u00e1s y mejor riqueza para la regi\u00f3n implica modificar el marco institucional, para que el Estado cumpla su verdadera funci\u00f3n de dirigir la econom\u00eda, protegiendo y estimulando sectores, como lo hacen los pa\u00edses de la OCDE, club en donde el principal papel de Colombia es quedar en rid\u00edculo.<\/p>\n<p>Es importante que empresarios y trabajadores del Valle sean conscientes de que es imposible desarrollar la econom\u00eda y resolver los profundos problemas sociales de esa regi\u00f3n mientras no se propicie que a la direcci\u00f3n del Estado lleguen personas dispuestas a trabajar responsable y honestamente por la creaci\u00f3n de riqueza y la b\u00fasqueda de equidad. El Valle tiene los ingredientes, pero necesita los cocineros.<\/p>\n<p>Twitter: @mariovalencia01<\/p>\n<p>***<\/p>\n<p><a href=\"https:\/\/www.las2orillas.co\/que-hace-falta-la-economia-del-valle-del-cauca\/#_ftnref1\" name=\"_ftn1\">[1]<\/a>\u00a0Transformaci\u00f3n paisaj\u00edsticas en la zona plana vallecaucana. Aceneth Peraf\u00e1n. Disponible en:\u00a0<a href=\"http:\/\/bibliotecadigital.univalle.edu.co\/bitstream\/10893\/967\/2\/004%20ART.pdf\">http:\/\/bibliotecadigital.univalle.edu.co\/bitstream\/10893\/967\/2\/004%20ART.pdf<\/a><\/p>\n<p><a href=\"https:\/\/www.las2orillas.co\/que-hace-falta-la-economia-del-valle-del-cauca\/#_ftnref2\" name=\"_ftn2\">[2]<\/a>\u00a0Los efectos esperados del ALCA y el TLC sobre el sector agropecuario del Valle del Cauca. Palacio et al. Universidad Aut\u00f3noma de Occidente, 2008.<\/p>\n","protected":false},"excerpt":{"rendered":"<p>Mario Alejandro Valencia, Cali, noviembre 6 de 2017 La agroindustria de la ca\u00f1a de az\u00facar es sin dudas la de m\u00e1s prosperidad econ\u00f3mica que se ha realizado en el valle geogr\u00e1fico del r\u00edo Cauca. Durante el periodo de crecimiento del pa\u00eds en las d\u00e9cadas de 1960 a 1980, este sector se consolid\u00f3 como un importante [&hellip;]<\/p>\n","protected":false},"author":1,"featured_media":13749,"comment_status":"open","ping_status":"open","sticky":false,"template":"","format":"standard","meta":{"advanced_seo_description":"","jetpack_seo_html_title":"","jetpack_seo_noindex":false,"_jetpack_memberships_contains_paid_content":false,"footnotes":""},"categories":[114,102,97,98,6],"tags":[],"class_list":["post-13748","post","type-post","status-publish","format-standard","has-post-thumbnail","hentry","category-agro","category-economia","category-imperialismo-y-neoliberalismo","category-politica","category-no-a-los-tlc-y-al-alca"],"jetpack_featured_media_url":"https:\/\/i0.wp.com\/moir.com.co\/web\/wp-content\/uploads\/2017\/11\/agrocan%CC%83avalle.jpg?fit=700%2C450&ssl=1","jetpack-related-posts":[{"id":2512,"url":"https:\/\/moir.com.co\/web\/argumentos-del-justo-paro-de-los-corteros-de-cana-del-valle-geografico-del-rio-cauca-colombia\/","url_meta":{"origin":13748,"position":0},"title":"ARGUMENTOS DEL JUSTO PARO DE LOS CORTEROS DE CA\u00d1A DEL VALLE GEOGR\u00c1FICO DEL R\u00cdO CAUCA &#8211; COLOMBIA","author":"admin","date":"septiembre 17, 2008","format":false,"excerpt":"Sinalcorteros, Cali, septiembre 17 de 2008 Para leer el documento completo en pdf utilice el siguiente v\u00ednculo: ARGUMENTOS DEL JUSTO PARO DE LOS CORTEROS DE CA\u00d1A DEL VALLE GEOGR\u00c1FICO DEL R\u00cdO CAUCA - COLOMBIA","rel":"","context":"En \u00abPronunciamientos de Organizaciones Sociales\u00bb","block_context":{"text":"Pronunciamientos de Organizaciones Sociales","link":"https:\/\/moir.com.co\/web\/category\/pronunciamientos-de-organizaciones-sociales\/"},"img":{"alt_text":"","src":"","width":0,"height":0},"classes":[]},{"id":9707,"url":"https:\/\/moir.com.co\/web\/esta-la-mano-de-santos-detras-del-ataque-a-los-ingenios\/","url_meta":{"origin":13748,"position":1},"title":"\u00bfEst\u00e1 la mano de Santos detr\u00e1s del ataque a los ingenios?","author":"admin","date":"octubre 13, 2015","format":false,"excerpt":"Colombia est\u00e1 en capacidad de crear riqueza, pero gobiernan quienes se lucran del atraso econ\u00f3mico. Colombia est\u00e1 en capacidad de crear suficiente riqueza para garantizar unas mejores condiciones de vida para todos sus habitantes si no estuviera gobernado por quienes se lucran dictaminando el atraso econ\u00f3mico. Un ejemplo de lo\u2026","rel":"","context":"En \u00abTemas\u00bb","block_context":{"text":"Temas","link":"https:\/\/moir.com.co\/web\/category\/temas\/"},"img":{"alt_text":"","src":"","width":0,"height":0},"classes":[]},{"id":9697,"url":"https:\/\/moir.com.co\/web\/las-verdaderas-cifras-de-empleo-en-el-sector-azucarero-y-panelero\/","url_meta":{"origin":13748,"position":2},"title":"Las verdaderas cifras de empleo en el sector azucarero y panelero","author":"admin","date":"octubre 10, 2015","format":false,"excerpt":"2,15 millones de personas dependen directa e indirectamente del cultivo de ca\u00f1a en Colombia Son m\u00e1s de medio mill\u00f3n las familias que derivan su sustento de la agroindustria azucarera y de la panela, las cuales hoy lo tienen en riesgo por la desproporcionada sanci\u00f3n impuesta por la Superintendencia de Industria\u2026","rel":"","context":"En \u00abJorge Enrique Robledo\u00bb","block_context":{"text":"Jorge Enrique Robledo","link":"https:\/\/moir.com.co\/web\/category\/jorge-enrique-robledo\/"},"img":{"alt_text":"","src":"","width":0,"height":0},"classes":[]},{"id":20252,"url":"https:\/\/moir.com.co\/web\/miles-de-despidos-en-ingenios-del-valle\/","url_meta":{"origin":13748,"position":3},"title":"MILES DE DESPIDOS EN INGENIOS DEL VALLE","author":"admin","date":"octubre 12, 2004","format":false,"excerpt":"Mil doscientos trabajadores fueron despedidos del Ingenio Bengala en lo que constituye la primera etapa del plan escalonado mediante el cual la Asociaci\u00f3n Nacional de Cultivadores de Ca\u00f1a, Asoca\u00f1a, pretende descargar sobre los hogares proletarios las consecuencias de la crisis que, como una secuela m\u00e1s de la dominaci\u00f3n imperialista sobre\u2026","rel":"","context":"En \u00abTribuna Roja N\u00ba 27, primera quincena de agosto de 1977\u00bb","block_context":{"text":"Tribuna Roja N\u00ba 27, primera quincena de agosto de 1977","link":"https:\/\/moir.com.co\/web\/category\/tribuna-roja\/ediciones-1975-1979\/tribuna-roja-no-27-primera-quincena-de-agosto-de-1977\/"},"img":{"alt_text":"","src":"","width":0,"height":0},"classes":[]},{"id":6763,"url":"https:\/\/moir.com.co\/web\/se-levantaron-mas-de-20-000-voces-cafeteras\/","url_meta":{"origin":13748,"position":4},"title":"\u00a1Se levantaron m\u00e1s de 20.000 voces cafeteras!","author":"admin","date":"agosto 15, 2012","format":false,"excerpt":"En una apote\u00f3sica manifestaci\u00f3n en Manizales m\u00e1s de 20.000 caficultores de todos los rincones del pa\u00eds: de Antioquia, Caldas, Quind\u00edo, Risaralda, Valle, Cauca, Nari\u00f1o, Santander, Cundinamarca, Cesar, Tolima\u2026y del Huila, levantaron su voz de protesta por la cr\u00edtica situaci\u00f3n que atraviesa el gremio \u2013el m\u00e1s importante del sector agr\u00edcola nacional\u2013.\u2026","rel":"","context":"En \u00abTemas\u00bb","block_context":{"text":"Temas","link":"https:\/\/moir.com.co\/web\/category\/temas\/"},"img":{"alt_text":"","src":"","width":0,"height":0},"classes":[]},{"id":2519,"url":"https:\/\/moir.com.co\/web\/comision-quinta-del-senado-nombra-subcomision-para-mediar-en-el-conflicto-entre-ingenios-y-corteros-de-cana\/","url_meta":{"origin":13748,"position":5},"title":"COMISI\u00d3N QUINTA DEL SENADO NOMBRA SUBCOMISI\u00d3N PARA MEDIAR EN EL CONFLICTO ENTRE INGENIOS Y CORTEROS DE CA\u00d1A","author":"admin","date":"septiembre 23, 2008","format":false,"excerpt":"Oficina de Prensa, Senador Jorge Enrique Robledo, Bogot\u00e1, 23 de septiembre de 2008. Una subcomisi\u00f3n integrada por los senadores Jorge Enrique Robledo, Julio Manzur, Ramiro Estacio, Luis Emilio Sierra y Jorge Enrique V\u00e9lez fue nombrada hoy por la Comisi\u00f3n Quinta de la C\u00e1mara Alta para colaborar en la soluci\u00f3n del\u2026","rel":"","context":"En \u00abJorge Enrique Robledo\u00bb","block_context":{"text":"Jorge Enrique Robledo","link":"https:\/\/moir.com.co\/web\/category\/jorge-enrique-robledo\/"},"img":{"alt_text":"","src":"","width":0,"height":0},"classes":[]}],"jetpack_sharing_enabled":true,"_links":{"self":[{"href":"https:\/\/moir.com.co\/web\/wp-json\/wp\/v2\/posts\/13748","targetHints":{"allow":["GET"]}}],"collection":[{"href":"https:\/\/moir.com.co\/web\/wp-json\/wp\/v2\/posts"}],"about":[{"href":"https:\/\/moir.com.co\/web\/wp-json\/wp\/v2\/types\/post"}],"author":[{"embeddable":true,"href":"https:\/\/moir.com.co\/web\/wp-json\/wp\/v2\/users\/1"}],"replies":[{"embeddable":true,"href":"https:\/\/moir.com.co\/web\/wp-json\/wp\/v2\/comments?post=13748"}],"version-history":[{"count":1,"href":"https:\/\/moir.com.co\/web\/wp-json\/wp\/v2\/posts\/13748\/revisions"}],"predecessor-version":[{"id":13750,"href":"https:\/\/moir.com.co\/web\/wp-json\/wp\/v2\/posts\/13748\/revisions\/13750"}],"wp:featuredmedia":[{"embeddable":true,"href":"https:\/\/moir.com.co\/web\/wp-json\/wp\/v2\/media\/13749"}],"wp:attachment":[{"href":"https:\/\/moir.com.co\/web\/wp-json\/wp\/v2\/media?parent=13748"}],"wp:term":[{"taxonomy":"category","embeddable":true,"href":"https:\/\/moir.com.co\/web\/wp-json\/wp\/v2\/categories?post=13748"},{"taxonomy":"post_tag","embeddable":true,"href":"https:\/\/moir.com.co\/web\/wp-json\/wp\/v2\/tags?post=13748"}],"curies":[{"name":"wp","href":"https:\/\/api.w.org\/{rel}","templated":true}]}}