{"id":13726,"date":"2017-11-03T23:03:13","date_gmt":"2017-11-03T23:03:13","guid":{"rendered":"https:\/\/moir.org.co\/web\/?p=13726"},"modified":"2017-11-03T23:03:13","modified_gmt":"2017-11-03T23:03:13","slug":"que-hacer-ante-la-crisis-de-los-confeccionistas-y-la-industria","status":"publish","type":"post","link":"https:\/\/moir.com.co\/web\/que-hacer-ante-la-crisis-de-los-confeccionistas-y-la-industria\/","title":{"rendered":"Qu\u00e9 hacer ante la crisis de los confeccionistas y la industria"},"content":{"rendered":"<p><strong>Jorge Enrique Robledo, Bogot\u00e1, noviembre 3 de 2017<\/strong><\/p>\n<p>En los \u00faltimos d\u00edas, y antes lo hab\u00edan hecho los del calzado, se movilizaron en Medell\u00edn, Bogot\u00e1, Cali y otras ciudades los confeccionistas y los textileros, trabajadores y empresarios. Protestaron por su p\u00e9sima situaci\u00f3n econ\u00f3mica, afectada en \u00faltimas por las importaciones legales e ilegales que autorizan o facilitan las pol\u00edticas de libre comercio, incluidos los TLC y las bajas gratuitas de los aranceles. Al igual que las maravillas exportadoras que nos pintaron en ese momento, tambi\u00e9n result\u00f3 falso que el contrabando desaparecer\u00eda con la\u00a0<em>apertura<\/em>\u00a0de C\u00e9sar Gaviria y de todos \u2013\u00a1de todos!\u2013 los siguientes gobiernos.<\/p>\n<p>&nbsp;<\/p>\n<p>Seg\u00fan el DANE, en el segundo trimestre del a\u00f1o se perdieron m\u00e1s de 51 mil empleos en las confecciones. Pero como solo se eval\u00faan empresas con m\u00e1s de 11 empleos y el 52 por ciento est\u00e1 en la informalidad, los trabajos perdidos sumaron m\u00e1s de cien mil. Todo por cuenta de unas importaciones desbocadas \u2013adem\u00e1s del contrabando\u2013, que entre los meses de julio de 2016 y 2017 aumentaron 41 por ciento y llevaron a que el sector cayera en 14 por ciento.<\/p>\n<p>&nbsp;<\/p>\n<p>Colombia no puede competir airoso en textil-confecciones y en calzado, tan importantes para el proceso industrial y el empleo. Y no puede hacerlo no por culpa de los empresarios y los trabajadores, sino por el llamado \u201ccosto pa\u00eds\u201d \u2013y por las facilidades a la entrada de productos extranjeros\u2013, es decir, por lo escaso y costoso del cr\u00e9dito y las altas tarifas de la electricidad, por ejemplo. Cuenta asimismo el baj\u00edsimo precio de la mano de obra de pa\u00edses como Vietnam, India y Bangladesh, cerca de la mitad del colombiano, que igual es parte del \u201ccosto pa\u00eds\u201d. Las empresas menores tambi\u00e9n sufren porque su impuesto de renta es igual al de las trasnacionales. En esto s\u00ed se han negado los gobiernos a copiar a Estados Unidos y Europa, donde las tasas son mayores para las empresas m\u00e1s grandes y menores para las m\u00e1s peque\u00f1as.<\/p>\n<p>&nbsp;<\/p>\n<p>Lo peor es que esta es la historia de toda la industria \u2013y la del agro\u2013, empobrecida y quebrada, como lo advertimos, desde 1990. Cuando \u201clos mismos con las mismas\u201d decidieron sacrificar a\u00fan m\u00e1s la creaci\u00f3n de riqueza nacional y el empleo, tras la falacia de que Colombia pod\u00eda vivir solo de la gran miner\u00eda y las inversiones y los cr\u00e9ditos extranjeros, incluso en medio de la revaluaci\u00f3n del peso frente al d\u00f3lar que ellos mismos estimularon encareciendo las exportaciones y abaratando las importaciones. Si los propagandistas de estas pol\u00edticas sientan c\u00e1tedra como sabios, no es porque tengan la raz\u00f3n, sino porque son publicistas de los intereses de las trasnacionales y de los pocos nativos que prosperan en medio de la profunda mediocridad del capitalismo colombiano, de apenas 5.800 d\u00f3lares de producto por habitante.<\/p>\n<p>&nbsp;<\/p>\n<p>Puede demostrarse adem\u00e1s que esta mediocridad econ\u00f3mica obedece a que nunca ning\u00fan gobierno, y menos desde 1990, promovi\u00f3 un proyecto de aut\u00e9ntico desarrollo nacional, el cual, como se sabe, debe montarse sobre el progreso de la industria y el agro. Y como sucede cada cuatro a\u00f1os, los candidatos de \u201clos mismos con las mismas\u201d ya salieron a ofrecer pajaritos de oro para 2018, previa decisi\u00f3n de no hablar de este pasado, porque quedan en evidencia sus culpas como los \u00fanicos que han gobernado a Colombia y porque lo que en verdad ofrecen es hacer unos peque\u00f1os retoques para que todo siga igual de mal.<\/p>\n<p>&nbsp;<\/p>\n<p>El desarrollo industrial y agropecuario del pa\u00eds, y el crecimiento del empleo y la disminuci\u00f3n de las desigualdades, dependen de un amplio acuerdo nacional que tenga como objetivo una econom\u00eda de mercado aut\u00e9nticamente moderna, algo que nunca ha ocurrido en Colombia. Entre sus medidas deben estar: no pactar m\u00e1s TLC y renegociar los actuales, aumentar los aranceles reducidos gratuitamente, crear un Ministerio de la peque\u00f1a y mediana econom\u00eda urbana y rural, que el sector financiero le aporte en serio a este objetivo, reducir las tarifas de la electricidad, bajar el impuesto de renta de las peque\u00f1as y medianas empresas y promover el avance cient\u00edfico y tecnol\u00f3gico, al igual que medidas que mejoren el ingreso y la capacidad de compra de los colombianos.<\/p>\n<p>&nbsp;<\/p>\n<p>Coletilla. \u00a1Una gran noticia para el pa\u00eds! Por demanda que interpusimos, el Consejo de Estado anul\u00f3 un concepto de la Dian que, contra la ley, les regal\u00f3 a las trasnacionales mineras impuestos por 13 billones de pesos desde 2005, suma que tendr\u00edan que devolverle al pa\u00eds. Hacia adelante, a Colombia le entrar\u00e1n m\u00e1s de un bill\u00f3n de pesos al a\u00f1o por esta sentencia. Nueva prueba de que luchar s\u00ed sirve (<a href=\"https:\/\/jorgerobledo.us9.list-manage.com\/track\/click?u=9f546213cbf13fbc79ddf420a&amp;id=711e645b41&amp;e=151925dbe8\">http:\/\/bit.ly\/2gOZ0hd<\/a>).<\/p>\n","protected":false},"excerpt":{"rendered":"<p>Jorge Enrique Robledo, Bogot\u00e1, noviembre 3 de 2017 En los \u00faltimos d\u00edas, y antes lo hab\u00edan hecho los del calzado, se movilizaron en Medell\u00edn, Bogot\u00e1, Cali y otras ciudades los confeccionistas y los textileros, trabajadores y empresarios. Protestaron por su p\u00e9sima situaci\u00f3n econ\u00f3mica, afectada en \u00faltimas por las importaciones legales e ilegales que autorizan o [&hellip;]<\/p>\n","protected":false},"author":1,"featured_media":0,"comment_status":"open","ping_status":"open","sticky":false,"template":"","format":"standard","meta":{"advanced_seo_description":"","jetpack_seo_html_title":"","jetpack_seo_noindex":false,"_jetpack_memberships_contains_paid_content":false,"footnotes":""},"categories":[114,102,97,4,107],"tags":[],"class_list":["post-13726","post","type-post","status-publish","format-standard","hentry","category-agro","category-economia","category-imperialismo-y-neoliberalismo","category-jorge-enrique-robledo","category-mineria-y-petroleo"],"jetpack_featured_media_url":"","jetpack-related-posts":[{"id":17365,"url":"https:\/\/moir.com.co\/web\/video-senador-jorge-enrique-robledo-lee-su-articulo-quincenal-primero-las-confecciones-nacionales\/","url_meta":{"origin":13726,"position":0},"title":"Video: senador Jorge Enrique Robledo lee su art\u00edculo quincenal: &#8220;Primero las confecciones nacionales&#8221;","author":"admin","date":"abril 29, 2019","format":"video","excerpt":"Bogot\u00e1, abril 26 de 2019","rel":"","context":"En \u00abEconom\u00eda\u00bb","block_context":{"text":"Econom\u00eda","link":"https:\/\/moir.com.co\/web\/category\/temas\/economia\/"},"img":{"alt_text":"","src":"","width":0,"height":0},"classes":[]},{"id":17327,"url":"https:\/\/moir.com.co\/web\/video-intervencion-del-senador-jorge-enrique-robledo-en-la-audiencia-publica-s-o-s-por-la-industria-textil-confecciones\/","url_meta":{"origin":13726,"position":1},"title":"Video: Intervenci\u00f3n del senador Jorge Enrique Robledo en la Audiencia P\u00fablica &#8220;S.O.S por la industria textil confecciones&#8221;","author":"admin","date":"abril 22, 2019","format":"video","excerpt":"Bogot\u00e1, abril 22 de 2019","rel":"","context":"En \u00abEconom\u00eda\u00bb","block_context":{"text":"Econom\u00eda","link":"https:\/\/moir.com.co\/web\/category\/temas\/economia\/"},"img":{"alt_text":"","src":"","width":0,"height":0},"classes":[]},{"id":17333,"url":"https:\/\/moir.com.co\/web\/hagamos-un-pacto-en-defensa-de-la-industria-textil-y-de-confecciones-robledo\/","url_meta":{"origin":13726,"position":2},"title":"Hagamos un pacto en defensa de la industria textil y de confecciones: Robledo","author":"admin","date":"abril 24, 2019","format":false,"excerpt":"Oficina de prensa del senador Jorge Enrique Robledo, Bogot\u00e1, abril 23 de 2019 Industriales, trabajadores y diversos sectores pol\u00edticos se unieron para pedir un salvamento para el empleo y la producci\u00f3n a la industria de las confecciones y afines en Colombia. La Audiencia P\u00fablica \u201cDefendamos la industria textil y de\u2026","rel":"","context":"En \u00abEconom\u00eda\u00bb","block_context":{"text":"Econom\u00eda","link":"https:\/\/moir.com.co\/web\/category\/temas\/economia\/"},"img":{"alt_text":"","src":"https:\/\/i0.wp.com\/moir.com.co\/web\/wp-content\/uploads\/2019\/04\/audienciatextilconfecciones.jpg?fit=1200%2C624&ssl=1&resize=350%2C200","width":350,"height":200,"srcset":"https:\/\/i0.wp.com\/moir.com.co\/web\/wp-content\/uploads\/2019\/04\/audienciatextilconfecciones.jpg?fit=1200%2C624&ssl=1&resize=350%2C200 1x, https:\/\/i0.wp.com\/moir.com.co\/web\/wp-content\/uploads\/2019\/04\/audienciatextilconfecciones.jpg?fit=1200%2C624&ssl=1&resize=525%2C300 1.5x, https:\/\/i0.wp.com\/moir.com.co\/web\/wp-content\/uploads\/2019\/04\/audienciatextilconfecciones.jpg?fit=1200%2C624&ssl=1&resize=700%2C400 2x, https:\/\/i0.wp.com\/moir.com.co\/web\/wp-content\/uploads\/2019\/04\/audienciatextilconfecciones.jpg?fit=1200%2C624&ssl=1&resize=1050%2C600 3x"},"classes":[]},{"id":17163,"url":"https:\/\/moir.com.co\/web\/video-el-senador-robledo-lee-su-articulo-quincenal-duque-debe-cumplirles-a-los-confeccionistas\/","url_meta":{"origin":13726,"position":3},"title":"Video: el senador Robledo lee su art\u00edculo quincenal: &#8220;Duque debe cumplirles a los confeccionistas&#8221;","author":"admin","date":"abril 1, 2019","format":"video","excerpt":"Bogot\u00e1, marzo 29 de 2019","rel":"","context":"En \u00abEconom\u00eda\u00bb","block_context":{"text":"Econom\u00eda","link":"https:\/\/moir.com.co\/web\/category\/temas\/economia\/"},"img":{"alt_text":"","src":"","width":0,"height":0},"classes":[]},{"id":17350,"url":"https:\/\/moir.com.co\/web\/video-conclusiones-del-senador-robledo-en-la-audiencia-s-o-s-por-la-industria-textil-confecciones\/","url_meta":{"origin":13726,"position":4},"title":"Video: Conclusiones del senador Robledo en la audiencia &#8220;S.O.S. por la industria textil confecciones&#8221;","author":"admin","date":"abril 24, 2019","format":"video","excerpt":"Bogot\u00e1, abril 22 de 2019","rel":"","context":"En \u00abEconom\u00eda\u00bb","block_context":{"text":"Econom\u00eda","link":"https:\/\/moir.com.co\/web\/category\/temas\/economia\/"},"img":{"alt_text":"","src":"","width":0,"height":0},"classes":[]},{"id":17156,"url":"https:\/\/moir.com.co\/web\/video-exigencias-del-sector-textil-confecciones-a-duque-rueda-de-prensa\/","url_meta":{"origin":13726,"position":5},"title":"Video: Exigencias del sector textil-confecciones a Duque: Rueda de prensa","author":"admin","date":"marzo 31, 2019","format":"video","excerpt":"Bogot\u00e1, marzo 29 de 2019","rel":"","context":"En \u00abEconom\u00eda\u00bb","block_context":{"text":"Econom\u00eda","link":"https:\/\/moir.com.co\/web\/category\/temas\/economia\/"},"img":{"alt_text":"","src":"","width":0,"height":0},"classes":[]}],"jetpack_sharing_enabled":true,"_links":{"self":[{"href":"https:\/\/moir.com.co\/web\/wp-json\/wp\/v2\/posts\/13726","targetHints":{"allow":["GET"]}}],"collection":[{"href":"https:\/\/moir.com.co\/web\/wp-json\/wp\/v2\/posts"}],"about":[{"href":"https:\/\/moir.com.co\/web\/wp-json\/wp\/v2\/types\/post"}],"author":[{"embeddable":true,"href":"https:\/\/moir.com.co\/web\/wp-json\/wp\/v2\/users\/1"}],"replies":[{"embeddable":true,"href":"https:\/\/moir.com.co\/web\/wp-json\/wp\/v2\/comments?post=13726"}],"version-history":[{"count":1,"href":"https:\/\/moir.com.co\/web\/wp-json\/wp\/v2\/posts\/13726\/revisions"}],"predecessor-version":[{"id":13728,"href":"https:\/\/moir.com.co\/web\/wp-json\/wp\/v2\/posts\/13726\/revisions\/13728"}],"wp:attachment":[{"href":"https:\/\/moir.com.co\/web\/wp-json\/wp\/v2\/media?parent=13726"}],"wp:term":[{"taxonomy":"category","embeddable":true,"href":"https:\/\/moir.com.co\/web\/wp-json\/wp\/v2\/categories?post=13726"},{"taxonomy":"post_tag","embeddable":true,"href":"https:\/\/moir.com.co\/web\/wp-json\/wp\/v2\/tags?post=13726"}],"curies":[{"name":"wp","href":"https:\/\/api.w.org\/{rel}","templated":true}]}}