{"id":13709,"date":"2017-11-02T17:01:54","date_gmt":"2017-11-02T17:01:54","guid":{"rendered":"https:\/\/moir.org.co\/web\/?p=13709"},"modified":"2017-11-02T17:01:54","modified_gmt":"2017-11-02T17:01:54","slug":"unamonos-para-enfrentar-las-desfinanciacion-de-la-educacion-publica","status":"publish","type":"post","link":"https:\/\/moir.com.co\/web\/unamonos-para-enfrentar-las-desfinanciacion-de-la-educacion-publica\/","title":{"rendered":"Un\u00e1monos para enfrentar las desfinanciaci\u00f3n de la educaci\u00f3n p\u00fablica"},"content":{"rendered":"<p><strong>Tribuna Magisterial, Bogot\u00e1, noviembre 2 de 2017<\/strong><\/p>\n<p>El hurac\u00e1n de la crisis financiera, que golpea a la educaci\u00f3n p\u00fablica en todos sus niveles, desde preescolar hasta la universidad, desnuda al Gobierno Santos, el cual, infructuosamente, trata de ocultarse bajo el manto ra\u00eddo de la afirmaci\u00f3n de que nunca se hab\u00eda invertido m\u00e1s en educaci\u00f3n que en su gobierno. El principal ment\u00eds se lo dio el paro nacional del magisterio, que lo oblig\u00f3 a reconocer qu\u00e9 hay cinco brechas en la financiaci\u00f3n de la educaci\u00f3n, de tal manera que no se cuenta con los recursos para atender a los casi tres millones de ni\u00f1os que no est\u00e1n estudiando \u2013 no en vano las coberturas en transici\u00f3n de 56%, primaria de 84%, secundaria de 71% y media de 41%, son una verg\u00fcenza-; que la plata no alcanza para alimentaci\u00f3n \u2013para 7.601.758 estudiantes apenas hay refrigerios para 4 millones de estudiantes a $1.615 la raci\u00f3n y 1.493.566 almuerzos, menos que el 1.602.099\u00a0 del a\u00f1o 2016, a $2.422, irregularmente\u00a0 suministrados en medio de una escandalosa corrupci\u00f3n-, transporte -donde todo el esfuerzo recae en municipios y departamentos-, dotaci\u00f3n, servicios p\u00fablicos y salarios en condiciones dignas; qu\u00e9 hay un rezago hist\u00f3rico con la infraestructura; que no hay recursos para la jornada \u00fanica para infraestructura -apenas se construyeron, entre 2014 y junio de 2017, 4.006 aulas con el concurso\u00a0 del MEN, las Entidades Territoriales y otros actores, de las 30.000 que asever\u00f3 este gobierno que construir\u00e1 y que son una parte muy peque\u00f1a de las 80.000 que son necesarias- alimentaci\u00f3n y personal docente y administrativo; y qu\u00e9 hay que revisar el n\u00famero de estudiantes por grupo y profesor porque es excesivo. En s\u00edntesis, que debe adelantarse una reforma estructural al Sistema General de Participaciones, SGP, para colmar en un plazo de diez a\u00f1os los abismos que ha cavado el Gobierno.<\/p>\n<p>Si bien el origen legal de la crisis se encuentra en los Actos Legislativos 01 de 2001 y 04 de 2007, en los gobiernos de Pastrana y Uribe y con los ministros de Hacienda Santos y Zuluaga, protagonistas de las vertientes pol\u00edticas de los mismos con las mismas que actualmente pretenden \u201cvenderse\u201d como salvadores de la patria, crisis agravada por la decisi\u00f3n del Gobierno Santos de no modificar el SGP como se lo exigi\u00f3 Fecode desde 2015 , de tal manera que este a\u00f1o tenemos un d\u00e9ficit de quinientos mil millones de pesos, que para el 2018 sube a un bill\u00f3n doscientos mil millones y una ca\u00edda real en los ingresos por cuenta de que mientras ellos suben apenas un irrisorio 0,5% la inflaci\u00f3n estar\u00e1 entre el 3,5 y el 4%, lo que implica un decrecimiento en t\u00e9rminos reales; es en lo pol\u00edtico, en el acuerdo extendido con el FMI de 1999 y la pol\u00edtica contraria a los intereses de Colombia de los Gobiernos de Pastrana, Uribe y Santos, donde se encuentran las bases de las decisiones que se tomaron para beneficiar al capital financiero, garantiz\u00e1ndole sus s\u00faper ganancias, bajo el pretexto de que no se manejaban \u201ceficientemente\u201d los recursos de educaci\u00f3n\u00a0 y salud y que con menos se podr\u00eda hacer m\u00e1s.<\/p>\n<p>Aurelio Su\u00e1rez ha se\u00f1alado como mientras el recorte del SGP entre 2002 y 2017 ascendi\u00f3 a 140 billones, las exenciones tributarias, descuentos y beneficios tributarios, zonas francas y contratos de estabilidad jur\u00eddica\u00a0 al capital extranjero fueron de 100 billones, lo cual no es una coincidencia sino la prueba reina de que se desfinanci\u00f3 la educaci\u00f3n y la salud, con sus funestas consecuencias de atraso econ\u00f3mico y desmejoramiento de las condiciones de vida de la mayor\u00eda de los colombianos, para privilegiar a unos pocos. En consecuencia, de lo que se trata es de derrotar la pol\u00edtica econ\u00f3mica del Gobierno dictada por la OCDE.<\/p>\n<p>A la universidad p\u00fablica se le aplica una descarada pol\u00edtica de estrangulamiento financiero. La muestra m\u00e1s c\u00ednica, aunque no \u00fanica, es el programa de \u201cser pilo paga\u201d con el cual se le transfieren cuantiosos recursos (1,2 billones entre 2015 y 2017) al sector privado por atender un escaso n\u00famero de estudiantes (30.000) cuando a las universidades p\u00fablicas se les transfieren los mismo 1,2 billones para atender a 600.000 estudiantes. En el presupuesto de 2018 no aparecen las partidas del 40% del punto del IVA llamado social, que equivale a $550 mil millones y otros $550 mil millones de Imporrenta. En cambio se asignaron 980 mil millones para el Icetex y 580 mil millones para \u201cser pilo\u201d. Razones de sobra tiene la comunidad universitaria para salir a las calles a defender su existencia.<\/p>\n<p>Con bombos y platillos se ha anunciado el ingreso de Colombia a la OCDE como la feliz iniciativa que nos llevar\u00e1 al para\u00edso donde viven los pa\u00edses m\u00e1s ricos. La realidad, al igual que cuando pregonaron la apertura econ\u00f3mica y los TLC, es dismetralmente opuesta: en lugar de exportar m\u00e1s, importaciones a granel; en lugar de desarrollo, desindustrializaci\u00f3n; en lugar de mejores condiciones de vida, desempleo, subempleo y falta de educaci\u00f3n y salud; en lugar de protecci\u00f3n del medio ambiente, su destrucci\u00f3n acelerada. La educaci\u00f3n no juega m\u00e1s que como propaganda enga\u00f1osa, al igual que el programa laboral del TLC con Estados Unidos, para engatusar al pa\u00eds ocult\u00e1ndole las verdaderas intenciones que no son, ni mucho menos, pasar de los 1.094 d\u00f3lares que invierte Colombia por estudiante en primaria a los 8.296 promedio de la OCDE, sino la entrega total de Colombia a la voracidad de las multinacionales y la banca.<\/p>\n<p>La creaci\u00f3n, en los acuerdos del paro, de la comisi\u00f3n para reformar el SGP, conformada por el Gobierno Nacional, FECODE, la Procuradur\u00eda y los representantes de departamentos y municipios, es un avance en la direcci\u00f3n correcta, lo que no significa que su sola actuaci\u00f3n vaya a resolver el problema. Para ello es imprescindible organizar un frente de la mayor amplitud posible en el cual se unan parlamentarios, gobernadores, alcaldes, diputados, concejales, ediles, medios de comunicaci\u00f3n, gremios, sindicatos, maestros, estudiantes y padres de familia. Por eso hay que resaltar la importancia del Foro Nacional sobre financiaci\u00f3n al cual asistieron los presidentes de Senado y C\u00e1mara, el senador y candidato presidencial Jorge Robledo, el senador Sen\u00e9n Ni\u00f1o, los concejales Antonio Sanguino de Alianza Verde, \u00c1lvaro Argote y Celio Nieves del Polo, el Gobernador de Boyac\u00e1, el Secretario de Hacienda de Ibagu\u00e9 y delegaciones de todo el pa\u00eds.<\/p>\n<p>Ese frente \u00fanico por la salvaci\u00f3n de la educaci\u00f3n p\u00fablica es la herramienta de lucha imprescindible a nivel nacional, departamental y municipal para enfrentar la pol\u00edtica econ\u00f3mica de Santos, sacar adelante la reforma constitucional de financiaci\u00f3n y\u00a0 convertir la educaci\u00f3n p\u00fablica en un motor que ayude a Colombia a superar el\u00a0 atraso cient\u00edfico, tecnol\u00f3gico y productivo y la pobreza.<\/p>\n","protected":false},"excerpt":{"rendered":"<p>Tribuna Magisterial, Bogot\u00e1, noviembre 2 de 2017 El hurac\u00e1n de la crisis financiera, que golpea a la educaci\u00f3n p\u00fablica en todos sus niveles, desde preescolar hasta la universidad, desnuda al Gobierno Santos, el cual, infructuosamente, trata de ocultarse bajo el manto ra\u00eddo de la afirmaci\u00f3n de que nunca se hab\u00eda invertido m\u00e1s en educaci\u00f3n que [&hellip;]<\/p>\n","protected":false},"author":1,"featured_media":13710,"comment_status":"open","ping_status":"open","sticky":false,"template":"","format":"standard","meta":{"advanced_seo_description":"","jetpack_seo_html_title":"","jetpack_seo_noindex":false,"_jetpack_memberships_contains_paid_content":false,"footnotes":""},"categories":[102,103,97,98,11],"tags":[],"class_list":["post-13709","post","type-post","status-publish","format-standard","has-post-thumbnail","hentry","category-economia","category-educacion","category-imperialismo-y-neoliberalismo","category-politica","category-tribuna-magisterial"],"jetpack_featured_media_url":"https:\/\/i0.wp.com\/moir.com.co\/web\/wp-content\/uploads\/2017\/11\/maestrosdesfinanciacion.jpg?fit=720%2C320&ssl=1","jetpack-related-posts":[{"id":16085,"url":"https:\/\/moir.com.co\/web\/tribuna-magisterial-rechaza-la-posicion-del-gobierno-duque-contra-la-educacion-publica-expresada-por-la-ministra\/","url_meta":{"origin":13709,"position":0},"title":"Tribuna Magisterial rechaza la posici\u00f3n del gobierno Duque contra la educaci\u00f3n p\u00fablica expresada por la ministra","author":"admin","date":"octubre 4, 2018","format":false,"excerpt":"Tribuna Magisterial Nacional, Bogot\u00e1, octubre 3 de 2018 El d\u00eda de hoy se reuni\u00f3 el reci\u00e9n electo Comit\u00e9 Ejecutivo de FECODE con la Ministra de Educaci\u00f3n en el marco de los reiterados incumplimientos del Gobierno a los acuerdos suscritos (reforma estructural al SGP, tercera cohorte y curso del ascenso con\u2026","rel":"","context":"En \u00abEducaci\u00f3n\u00bb","block_context":{"text":"Educaci\u00f3n","link":"https:\/\/moir.com.co\/web\/category\/temas\/educacion\/"},"img":{"alt_text":"","src":"","width":0,"height":0},"classes":[]},{"id":6674,"url":"https:\/\/moir.com.co\/web\/tribuna-magisterial-y-la-crisis-de-la-educacion-publica\/","url_meta":{"origin":13709,"position":1},"title":"Tribuna Magisterial y la crisis de la educaci\u00f3n p\u00fablica","author":"admin","date":"julio 15, 2012","format":false,"excerpt":"Tribuna Magisterial propone el nombre de Mar\u00eda Antonieta Cano, docente del 1278, para la Junta directiva de la ADE. N\u00b0 24 en el tarjet\u00f3n Tribuna Magisterial ha estado siempre en primera l\u00ednea en la lucha por la defensa de la educaci\u00f3n p\u00fablica y de los derechos de los educadores, objetivos\u2026","rel":"","context":"En \u00abTribuna Magisterial\u00bb","block_context":{"text":"Tribuna Magisterial","link":"https:\/\/moir.com.co\/web\/category\/tribuna-magisterial\/"},"img":{"alt_text":"","src":"","width":0,"height":0},"classes":[]},{"id":8078,"url":"https:\/\/moir.com.co\/web\/declaracion-de-tribuna-magisterial-en-el-seminario-internacional-sobre-pedagogia-critica\/","url_meta":{"origin":13709,"position":2},"title":"Declaraci\u00f3n de Tribuna Magisterial en el Seminario Internacional sobre Pedagog\u00eda Cr\u00edtica","author":"admin","date":"noviembre 20, 2013","format":false,"excerpt":"Ante la arremetida del imperialismo y del gobierno de Santos contra la educaci\u00f3n p\u00fablica y el car\u00e1cter cient\u00edfico y democr\u00e1tico que debe tener, tienen plena vigencia las diez tesis del movimiento pedag\u00f3gico, las cuales fueron establecidas por el Congreso de FECODE. Por ello rechazamos la postura de \u201credefinir los fundamentos\u2026","rel":"","context":"En \u00abTribuna Magisterial\u00bb","block_context":{"text":"Tribuna Magisterial","link":"https:\/\/moir.com.co\/web\/category\/tribuna-magisterial\/"},"img":{"alt_text":"","src":"","width":0,"height":0},"classes":[]},{"id":12652,"url":"https:\/\/moir.com.co\/web\/intervencion-de-maria-antonieta-cano-directiva-de-la-ade-y-de-tribuna-magisterial\/","url_meta":{"origin":13709,"position":3},"title":"Video: Intervenci\u00f3n de Mar\u00eda Antonieta Cano directiva de la ADE y de tribuna magisterial","author":"admin","date":"junio 8, 2017","format":"video","excerpt":"Publicado el 8 de junio de 2017 En el marco del paro nacional indefinido del magisterio, se realiz\u00f3 plant\u00f3n frente a la secretaria de educaci\u00f3n distrital y movilizaci\u00f3n hasta el Ministerio de Educaci\u00f3n.","rel":"","context":"En \u00abBogot\u00e1\u00bb","block_context":{"text":"Bogot\u00e1","link":"https:\/\/moir.com.co\/web\/category\/temas\/bogota\/"},"img":{"alt_text":"","src":"","width":0,"height":0},"classes":[]},{"id":9259,"url":"https:\/\/moir.com.co\/web\/programa-radial-de-tribuna-magisterial-marzo-29-de-2015\/","url_meta":{"origin":13709,"position":4},"title":"Programa Radial de Tribuna Magisterial, marzo 29 de 2015","author":"admin","date":"marzo 31, 2015","format":false,"excerpt":"En la emisi\u00f3n del 29 de marzo de 2015 Mar\u00eda Antonieta Cano, directora de Tribuna Magisterial y directiva de la Asociaci\u00f3n Distrital de Educadores , dedica la editorial a los excelentes resultados del d\u00eda de desobediencia civil realizado por el magisterio el pasado 25 de Marzo en el marco del\u2026","rel":"","context":"En \u00abTribuna Magisterial\u00bb","block_context":{"text":"Tribuna Magisterial","link":"https:\/\/moir.com.co\/web\/category\/tribuna-magisterial\/"},"img":{"alt_text":"","src":"","width":0,"height":0},"classes":[]},{"id":9089,"url":"https:\/\/moir.com.co\/web\/programa-radial-de-tribuna-magisterial-febrero-8-de-2015\/","url_meta":{"origin":13709,"position":5},"title":"Programa Radial de Tribuna Magisterial, febrero 8 de 2015","author":"admin","date":"febrero 10, 2015","format":false,"excerpt":"Nuestro programa radial Tribuna Magisterial del domingo 8 de febrero tuvo los siguientes temas: Informe sindical: en esta secci\u00f3n entrevistamos a Francisco Torres miembro del Comit\u00e9 Ejecutivo de Fecode sobre los principales puntos del pliego nacional de peticiones aprobados en la Junta Nacional que se radicar\u00e1 el pr\u00f3ximo 26 de\u2026","rel":"","context":"En \u00abTribuna Magisterial\u00bb","block_context":{"text":"Tribuna Magisterial","link":"https:\/\/moir.com.co\/web\/category\/tribuna-magisterial\/"},"img":{"alt_text":"","src":"","width":0,"height":0},"classes":[]}],"jetpack_sharing_enabled":true,"_links":{"self":[{"href":"https:\/\/moir.com.co\/web\/wp-json\/wp\/v2\/posts\/13709","targetHints":{"allow":["GET"]}}],"collection":[{"href":"https:\/\/moir.com.co\/web\/wp-json\/wp\/v2\/posts"}],"about":[{"href":"https:\/\/moir.com.co\/web\/wp-json\/wp\/v2\/types\/post"}],"author":[{"embeddable":true,"href":"https:\/\/moir.com.co\/web\/wp-json\/wp\/v2\/users\/1"}],"replies":[{"embeddable":true,"href":"https:\/\/moir.com.co\/web\/wp-json\/wp\/v2\/comments?post=13709"}],"version-history":[{"count":1,"href":"https:\/\/moir.com.co\/web\/wp-json\/wp\/v2\/posts\/13709\/revisions"}],"predecessor-version":[{"id":13711,"href":"https:\/\/moir.com.co\/web\/wp-json\/wp\/v2\/posts\/13709\/revisions\/13711"}],"wp:featuredmedia":[{"embeddable":true,"href":"https:\/\/moir.com.co\/web\/wp-json\/wp\/v2\/media\/13710"}],"wp:attachment":[{"href":"https:\/\/moir.com.co\/web\/wp-json\/wp\/v2\/media?parent=13709"}],"wp:term":[{"taxonomy":"category","embeddable":true,"href":"https:\/\/moir.com.co\/web\/wp-json\/wp\/v2\/categories?post=13709"},{"taxonomy":"post_tag","embeddable":true,"href":"https:\/\/moir.com.co\/web\/wp-json\/wp\/v2\/tags?post=13709"}],"curies":[{"name":"wp","href":"https:\/\/api.w.org\/{rel}","templated":true}]}}