{"id":13699,"date":"2017-11-01T15:50:08","date_gmt":"2017-11-01T15:50:08","guid":{"rendered":"https:\/\/moir.org.co\/web\/?p=13699"},"modified":"2017-11-01T15:51:11","modified_gmt":"2017-11-01T15:51:11","slug":"video-gana-colombia-sobre-el-fallo-del-consejo-de-estado-que-le-devuelve-recursos-a-colombia","status":"publish","type":"post","link":"https:\/\/moir.com.co\/web\/video-gana-colombia-sobre-el-fallo-del-consejo-de-estado-que-le-devuelve-recursos-a-colombia\/","title":{"rendered":"Video: \u00a1Gana Colombia! sobre el fallo del Consejo de Estado que le devuelve recursos a Colombia"},"content":{"rendered":"<p>Jorge Enrique Robledo se refiri\u00f3 en un video a los colombianos sobre el hist\u00f3rico fallo del Consejo de Estado que permitir\u00e1 que al pa\u00eds le lleguen 1.2 billones de pesos anuales. Bogot\u00e1, octubre 31 de 2017<\/p>\n","protected":false},"excerpt":{"rendered":"<p>Jorge Enrique Robledo se refiri\u00f3 en un video a los colombianos sobre el hist\u00f3rico fallo del Consejo de Estado que permitir\u00e1 que al pa\u00eds le lleguen 1.2 billones de pesos anuales. Bogot\u00e1, octubre 31 de 2017<\/p>\n","protected":false},"author":1,"featured_media":0,"comment_status":"open","ping_status":"open","sticky":false,"template":"","format":"video","meta":{"advanced_seo_description":"","jetpack_seo_html_title":"","jetpack_seo_noindex":false,"_jetpack_memberships_contains_paid_content":false,"footnotes":""},"categories":[102,97,105,4,107],"tags":[],"class_list":["post-13699","post","type-post","status-publish","format-video","hentry","category-economia","category-imperialismo-y-neoliberalismo","category-internacional-articulos-de-actualidad","category-jorge-enrique-robledo","category-mineria-y-petroleo","post_format-post-format-video"],"jetpack_featured_media_url":"","jetpack-related-posts":[{"id":13799,"url":"https:\/\/moir.com.co\/web\/video-precisiones-de-jorge-enrique-robledo-sobre-su-programa-de-gobierno-y-la-coalicion-por-colombia\/","url_meta":{"origin":13699,"position":0},"title":"Video: Precisiones de Jorge Enrique Robledo sobre su programa de gobierno y la Coalici\u00f3n por Colombia","author":"admin","date":"noviembre 13, 2017","format":"video","excerpt":"Bogot\u00e1, noviembre 8 de 2017","rel":"","context":"En \u00abAgro\u00bb","block_context":{"text":"Agro","link":"https:\/\/moir.com.co\/web\/category\/temas\/agro\/"},"img":{"alt_text":"","src":"","width":0,"height":0},"classes":[]},{"id":14673,"url":"https:\/\/moir.com.co\/web\/video-intervencion-de-jorge-enrique-robledo-en-el-acto-de-la-coalicion-colombia-en-barrancabermeja\/","url_meta":{"origin":13699,"position":1},"title":"Video: Intervenci\u00f3n de Jorge Enrique Robledo en el acto de la Coalici\u00f3n Colombia en Barrancabermeja","author":"admin","date":"marzo 5, 2018","format":"video","excerpt":"Publicado en marzo 5 de 2018","rel":"","context":"En \u00abEconom\u00eda\u00bb","block_context":{"text":"Econom\u00eda","link":"https:\/\/moir.com.co\/web\/category\/temas\/economia\/"},"img":{"alt_text":"","src":"","width":0,"height":0},"classes":[]},{"id":17369,"url":"https:\/\/moir.com.co\/web\/video-senador-jorge-enrique-robledo-ciencia-y-educacion-en-colombia-en-el-iv-congreso-acrees\/","url_meta":{"origin":13699,"position":2},"title":"Video: senador Jorge Enrique Robledo: Ciencia y educaci\u00f3n en Colombia: en el IV Congreso ACREES","author":"admin","date":"abril 29, 2019","format":"video","excerpt":"Bogot\u00e1, abril 27 de 2019","rel":"","context":"En \u00abCiencia\u00bb","block_context":{"text":"Ciencia","link":"https:\/\/moir.com.co\/web\/category\/temas\/ciencia\/"},"img":{"alt_text":"","src":"","width":0,"height":0},"classes":[]},{"id":17542,"url":"https:\/\/moir.com.co\/web\/video-el-senador-jorge-enrique-robledo-lee-su-articulo-quincenal-colombia-vencio-al-fiscal-martinez\/","url_meta":{"origin":13699,"position":3},"title":"Video: el senador Jorge Enrique Robledo lee su art\u00edculo quincenal: &#8220;Colombia venci\u00f3 al fiscal Mart\u00ednez&#8221;","author":"admin","date":"mayo 27, 2019","format":"video","excerpt":"Bogot\u00e1, mayo 24 de 2019","rel":"","context":"En \u00abEconom\u00eda\u00bb","block_context":{"text":"Econom\u00eda","link":"https:\/\/moir.com.co\/web\/category\/temas\/economia\/"},"img":{"alt_text":"","src":"","width":0,"height":0},"classes":[]},{"id":17078,"url":"https:\/\/moir.com.co\/web\/video-entrevista-al-senador-robledo-programa-consejo-de-redaccion-de-teleantioquia\/","url_meta":{"origin":13699,"position":4},"title":"Video: Entrevista al Senador Robledo, programa Consejo de Redacci\u00f3n de Teleantioquia","author":"admin","date":"marzo 8, 2019","format":"video","excerpt":"Medell\u00edn, marzo 8 de 2019","rel":"","context":"En \u00abAgro\u00bb","block_context":{"text":"Agro","link":"https:\/\/moir.com.co\/web\/category\/temas\/agro\/"},"img":{"alt_text":"","src":"","width":0,"height":0},"classes":[]},{"id":8073,"url":"https:\/\/moir.com.co\/web\/senador-robledo-ratifica-su-rechazo-a-la-venta-de-isagen\/","url_meta":{"origin":13699,"position":5},"title":"Senador Robledo ratifica su rechazo a la venta de Isag\u00e9n","author":"admin","date":"noviembre 19, 2013","format":false,"excerpt":"Venta de Isag\u00e9n es para tapar el fracaso de la reforma tributaria. Se dilapidar\u00e1 el patrimonio p\u00fablico. Proceso de enajenaci\u00f3n se encuentra demandado en varias instancias. El senador Jorge Enrique Robledo, del Polo Democr\u00e1tico, ratific\u00f3 su rechazo a la venta de la participaci\u00f3n accionaria del Estado en Isag\u00e9n y dijo\u2026","rel":"","context":"En \u00abJorge Enrique Robledo\u00bb","block_context":{"text":"Jorge Enrique Robledo","link":"https:\/\/moir.com.co\/web\/category\/jorge-enrique-robledo\/"},"img":{"alt_text":"","src":"","width":0,"height":0},"classes":[]}],"jetpack_sharing_enabled":true,"_links":{"self":[{"href":"https:\/\/moir.com.co\/web\/wp-json\/wp\/v2\/posts\/13699","targetHints":{"allow":["GET"]}}],"collection":[{"href":"https:\/\/moir.com.co\/web\/wp-json\/wp\/v2\/posts"}],"about":[{"href":"https:\/\/moir.com.co\/web\/wp-json\/wp\/v2\/types\/post"}],"author":[{"embeddable":true,"href":"https:\/\/moir.com.co\/web\/wp-json\/wp\/v2\/users\/1"}],"replies":[{"embeddable":true,"href":"https:\/\/moir.com.co\/web\/wp-json\/wp\/v2\/comments?post=13699"}],"version-history":[{"count":2,"href":"https:\/\/moir.com.co\/web\/wp-json\/wp\/v2\/posts\/13699\/revisions"}],"predecessor-version":[{"id":13701,"href":"https:\/\/moir.com.co\/web\/wp-json\/wp\/v2\/posts\/13699\/revisions\/13701"}],"wp:attachment":[{"href":"https:\/\/moir.com.co\/web\/wp-json\/wp\/v2\/media?parent=13699"}],"wp:term":[{"taxonomy":"category","embeddable":true,"href":"https:\/\/moir.com.co\/web\/wp-json\/wp\/v2\/categories?post=13699"},{"taxonomy":"post_tag","embeddable":true,"href":"https:\/\/moir.com.co\/web\/wp-json\/wp\/v2\/tags?post=13699"}],"curies":[{"name":"wp","href":"https:\/\/api.w.org\/{rel}","templated":true}]}}