{"id":13694,"date":"2017-10-30T19:55:33","date_gmt":"2017-10-30T19:55:33","guid":{"rendered":"https:\/\/moir.org.co\/web\/?p=13694"},"modified":"2017-10-30T19:55:33","modified_gmt":"2017-10-30T19:55:33","slug":"video-conclusiones-audiencia-publica-le-toca-a-la-salud-no-mas-eps-robledo","status":"publish","type":"post","link":"https:\/\/moir.com.co\/web\/video-conclusiones-audiencia-publica-le-toca-a-la-salud-no-mas-eps-robledo\/","title":{"rendered":"Video: Conclusiones Audiencia P\u00fablica &#8220;Le toca a la salud, no m\u00e1s EPS&#8221;: Robledo"},"content":{"rendered":"<p>Senador Jorge Enrique Robledo, audiencia p\u00fablica No m\u00e1s EPS, Comisi\u00f3n Quinta del Senado, 30 de octubre de 2017<\/p>\n","protected":false},"excerpt":{"rendered":"<p>Senador Jorge Enrique Robledo, audiencia p\u00fablica No m\u00e1s EPS, Comisi\u00f3n Quinta del Senado, 30 de octubre de 2017<\/p>\n","protected":false},"author":1,"featured_media":0,"comment_status":"open","ping_status":"open","sticky":false,"template":"","format":"video","meta":{"advanced_seo_description":"","jetpack_seo_html_title":"","jetpack_seo_noindex":false,"_jetpack_memberships_contains_paid_content":false,"footnotes":""},"categories":[80,102,97,4,98,96],"tags":[],"class_list":["post-13694","post","type-post","status-publish","format-video","hentry","category-debate-salud","category-economia","category-imperialismo-y-neoliberalismo","category-jorge-enrique-robledo","category-politica","category-salud-y-pensiones","post_format-post-format-video"],"jetpack_featured_media_url":"","jetpack-related-posts":[{"id":13692,"url":"https:\/\/moir.com.co\/web\/video-por-un-nuevo-modelo-no-mas-eps-le-toca-a-la-salud-robledo\/","url_meta":{"origin":13694,"position":0},"title":"Video: Por un nuevo modelo: no m\u00e1s EPS, le toca a la salud: Robledo","author":"admin","date":"octubre 30, 2017","format":"video","excerpt":"Senador Jorge Enrique Robledo, audiencia p\u00fablica No m\u00e1s EPS, Comisi\u00f3n Quinta del Senado, 30 de octubre de 2017","rel":"","context":"En \u00abDebate Salud\u00bb","block_context":{"text":"Debate Salud","link":"https:\/\/moir.com.co\/web\/category\/jorge-enrique-robledo\/debate-salud\/"},"img":{"alt_text":"","src":"","width":0,"height":0},"classes":[]},{"id":16822,"url":"https:\/\/moir.com.co\/web\/video-medimas-y-la-crisis-de-la-salud-audiencia-publica-citada-por-el-senador-jorge-enrique-robledo-31-de-enero-a-las-9-am\/","url_meta":{"origin":13694,"position":1},"title":"Video: Medim\u00e1s y la crisis de la Salud: Audiencia P\u00fablica, citada por el senador Jorge Enrique Robledo, 31 de enero a las 9 am","author":"admin","date":"enero 29, 2019","format":"video","excerpt":"\u00bfConoce la grave situaci\u00f3n que padecen miles de colombianos por el p\u00e9simo sistema de salud? Vean en este video testimonios de usuarios de Medim\u00e1s EPS y el 31 de enero a las 9:00 AM en directo por Canal Congreso y mis redes la Audiencia P\u00fablica: \u201cMedim\u00e1s y la crisis de\u2026","rel":"","context":"En \u00abDebate Salud\u00bb","block_context":{"text":"Debate Salud","link":"https:\/\/moir.com.co\/web\/category\/jorge-enrique-robledo\/debate-salud\/"},"img":{"alt_text":"","src":"","width":0,"height":0},"classes":[]},{"id":8353,"url":"https:\/\/moir.com.co\/web\/hay-que-persistir-en-la-movilizacion-ciudadana-para-derrotar-la-reforma-que-reencaucha-a-las-eps-senador-robledo\/","url_meta":{"origin":13694,"position":2},"title":"Hay que persistir en la movilizaci\u00f3n ciudadana para derrotar la reforma que reencaucha a las EPS: senador Robledo","author":"admin","date":"abril 3, 2014","format":false,"excerpt":"En la audiencia p\u00fablica sobre la reforma a la salud, el senador Robledo hizo un llamado a los colombianos a persistir en la movilizaci\u00f3n ciudadana para derrotar la reforma a la salud de Santos y Gaviria. La audiencia fue citada por los congresistas Jorge Enrique Robledo, Gloria Stella D\u00edaz, \u00c1ngela\u2026","rel":"","context":"En \u00abJorge Enrique Robledo\u00bb","block_context":{"text":"Jorge Enrique Robledo","link":"https:\/\/moir.com.co\/web\/category\/jorge-enrique-robledo\/"},"img":{"alt_text":"","src":"","width":0,"height":0},"classes":[]},{"id":5754,"url":"https:\/\/moir.com.co\/web\/en-salud-panos-de-agua-tibia-frente-a-cambios-estructurales\/","url_meta":{"origin":13694,"position":3},"title":"En salud, pa\u00f1os de agua tibia frente a cambios estructurales","author":"admin","date":"julio 7, 2011","format":false,"excerpt":"No se ha cumplido con la Sentencia T-760. La crisis de la salud es muy grave. Se requiere una reforma estructural al sistema de salud, no pa\u00f1os de agua tibia. El problema son las EPS. Las IPS privadas no deben desaparecer. En la Audiencia P\u00fablica convocada por la Corte Constitucional\u2026","rel":"","context":"En \u00abJorge Enrique Robledo\u00bb","block_context":{"text":"Jorge Enrique Robledo","link":"https:\/\/moir.com.co\/web\/category\/jorge-enrique-robledo\/"},"img":{"alt_text":"","src":"","width":0,"height":0},"classes":[]},{"id":6547,"url":"https:\/\/moir.com.co\/web\/debates-sobre-salud-y-mineria-y-audiencia-publica-sobre-politica-cafetera-hara-robledo-la-proxima-semana\/","url_meta":{"origin":13694,"position":4},"title":"Debates sobre salud y miner\u00eda y audiencia p\u00fablica sobre pol\u00edtica cafetera har\u00e1 Robledo la pr\u00f3xima semana","author":"admin","date":"mayo 18, 2012","format":false,"excerpt":"Debate de tierras, aplazado para el 29 de mayo. El martes 22 de mayo, desde las cuatro de la tarde, el senador Jorge Enrique Robledo adelantar\u00e1 en la plenaria del Senado el debate a la ministra de Salud, Beatriz Londo\u00f1o, y el jueves 24 presidir\u00e1 en el auditorio Luis Guillermo\u2026","rel":"","context":"En \u00abJorge Enrique Robledo\u00bb","block_context":{"text":"Jorge Enrique Robledo","link":"https:\/\/moir.com.co\/web\/category\/jorge-enrique-robledo\/"},"img":{"alt_text":"","src":"","width":0,"height":0},"classes":[]},{"id":9589,"url":"https:\/\/moir.com.co\/web\/el-polo-voto-no-ley-uribe-gaviria-sobre-mas-plata-de-la-salud-para-la-eps\/","url_meta":{"origin":13694,"position":5},"title":"El Polo vot\u00f3 no ley Uribe-Gaviria sobre m\u00e1s plata de la salud para la EPS","author":"admin","date":"agosto 19, 2015","format":false,"excerpt":"Grave coincidencia de la Unidad Nacional y el Centro Democr\u00e1tico Al dar las razones del voto negativo del Polo a otra ley para transferirles m\u00e1s plata a las EPS, el senador Jorge Enrique Robledo explic\u00f3 que en Estados Unidos dicha ley se llamar\u00eda Ley Uribe-Gaviria, por el papel preponderante que\u2026","rel":"","context":"En \u00abJorge Enrique Robledo\u00bb","block_context":{"text":"Jorge Enrique Robledo","link":"https:\/\/moir.com.co\/web\/category\/jorge-enrique-robledo\/"},"img":{"alt_text":"","src":"","width":0,"height":0},"classes":[]}],"jetpack_sharing_enabled":true,"_links":{"self":[{"href":"https:\/\/moir.com.co\/web\/wp-json\/wp\/v2\/posts\/13694","targetHints":{"allow":["GET"]}}],"collection":[{"href":"https:\/\/moir.com.co\/web\/wp-json\/wp\/v2\/posts"}],"about":[{"href":"https:\/\/moir.com.co\/web\/wp-json\/wp\/v2\/types\/post"}],"author":[{"embeddable":true,"href":"https:\/\/moir.com.co\/web\/wp-json\/wp\/v2\/users\/1"}],"replies":[{"embeddable":true,"href":"https:\/\/moir.com.co\/web\/wp-json\/wp\/v2\/comments?post=13694"}],"version-history":[{"count":1,"href":"https:\/\/moir.com.co\/web\/wp-json\/wp\/v2\/posts\/13694\/revisions"}],"predecessor-version":[{"id":13695,"href":"https:\/\/moir.com.co\/web\/wp-json\/wp\/v2\/posts\/13694\/revisions\/13695"}],"wp:attachment":[{"href":"https:\/\/moir.com.co\/web\/wp-json\/wp\/v2\/media?parent=13694"}],"wp:term":[{"taxonomy":"category","embeddable":true,"href":"https:\/\/moir.com.co\/web\/wp-json\/wp\/v2\/categories?post=13694"},{"taxonomy":"post_tag","embeddable":true,"href":"https:\/\/moir.com.co\/web\/wp-json\/wp\/v2\/tags?post=13694"}],"curies":[{"name":"wp","href":"https:\/\/api.w.org\/{rel}","templated":true}]}}