{"id":1369,"date":"2006-03-26T07:00:00","date_gmt":"2006-03-26T07:00:00","guid":{"rendered":"https:\/\/moir.org.co\/web\/a-pupitrazo-se-aprobo-la-ley-forestal\/"},"modified":"2006-03-26T07:00:00","modified_gmt":"2006-03-26T07:00:00","slug":"a-pupitrazo-se-aprobo-la-ley-forestal","status":"publish","type":"post","link":"https:\/\/moir.com.co\/web\/a-pupitrazo-se-aprobo-la-ley-forestal\/","title":{"rendered":"A PUPITRAZO SE APROB\u00d3 LA LEY FORESTAL"},"content":{"rendered":"<p>Luego de que la Ley Forestal fuera aprobada en el Congreso, fue enviada a sanci\u00f3n presidencial el 13 de diciembre de 2005. La Ley fue objetada en 12 de sus art\u00edculos por parte del Presidente \u00c1lvaro Uribe y lo que se esperaba despu\u00e9s de ello era el retorno del texto con las objeciones para su discusi\u00f3n en el Congreso, como lo indica el tr\u00e1mite formal. No obstante, las objeciones del gobierno en el caso de ser aprobadas no solucionan todos los problemas estructurales que tiene esta ley, puesto que ha sido dise\u00f1ada para entregar los bosques naturales del pa\u00eds a las empresas madereras. Era de esperarse que por lo menos estas objeciones tuvieran un espacio para el debate por parte de los parlamentarios. Sin embargo, esto no sucedi\u00f3. <\/p>\n<p>El 28 de marzo, durante las plenarias de C\u00e1mara, se aprob\u00f3 la Ley Forestal. La sesi\u00f3n se desarroll\u00f3 de manera acelerada, confusa y nada entendible, y se enunciaron las objeciones presidenciales. Todas fueron aprobadas a pupitrazo en unos cuantos minutos, sin dar la posibilidad de que los interesados se enteraran de lo que se estaba aprobando. Lo m\u00e1s vergonzoso es que mientras se aprobaba, los parlamentarios, en grotesco espect\u00e1culo, se encontraban departiendo animadamente en corrillos, haciendo uso del celular o riendo. Varias personas que asistimos al recinto de la C\u00e1mara en calidad de observadores y que est\u00e1bamos esperando el debate, tampoco nos enteramos del momento de su aprobaci\u00f3n. El d\u00eda siguiente, en Plenaria del Senado, la forma como se aprob\u00f3 fue aun m\u00e1s aberrante, puesto que la en esta Plenaria con una escasa asistencia de Senadores y sin haber verificado el qu\u00f3rum, solo se abord\u00f3 la ley forestal en una sesi\u00f3n, de pocos minutos, en donde se present\u00f3 r\u00e1pidamente y sin absolutamente ninguna discusi\u00f3n la aprobaci\u00f3n de las objeciones del gobierno a la ley.  Estos hechos reiteran el oscuro inter\u00e9s de pasar una ley totalmente deslegitimada, por debajo de la mesa, evadiendo el debate p\u00fablico. <\/p>\n<p>La forma lamentable como se aprob\u00f3 deja serios cuestionamientos y la sensaci\u00f3n de que se incurri\u00f3 en un procedimiento irregular o por lo menos no \u00e9tico. Ello demuestra una vez mas el af\u00e1n del gobierno por poner en marcha una estrategia perversa y malintencionada que disuadiera las crecientes cr\u00edticas a la ley forestal para que no se alterara en lo sustancial el marco jur\u00eddico para que los grandes inversionistas madereros accedan f\u00e1cilmente y con privilegios al bosque natural del pa\u00eds. Esto se pudo evidenciar a lo largo del proceso de aprobaci\u00f3n de la ley, donde los lobbystas que ejercieron presi\u00f3n fueron las principales empresas privadas, en estrecha colaboraci\u00f3n con Chemonics (USAID) y los Ministerios de Agricultura y de Ambiente, para que fuera aprobada por el Congreso, pasando por encima de las serias y reiteradas criticas emitidas por diversos sectores de la sociedad colombiana. <\/p>\n<p>Se evidenci\u00f3 tambi\u00e9n que s\u00f3lo hasta ese momento se hizo entrega a los parlamentarios de la Gaceta del Congreso N\u00b0 50, con fecha de 24 de marzo de 2006, que contiene las objeciones del gobierno. No hubo por lo tanto preparaci\u00f3n para el debate. Aun con las 10 objeciones aceptadas, la ley fue aprobada tal como sali\u00f3 de la Comisi\u00f3n V de la C\u00e1mara, que en esencia no cambia para nada la estructura, los objetivos y los alcances, puesto que finalmente lo que se trabaj\u00f3 fue en la &#8220;limpieza y adecuaci\u00f3n del lenguaje&#8221; para superar los escollos formales de inconstitucionalidad que pueda tener la norma. <\/p>\n<p>El objetivo era maquillar algunos de los aspectos perversos de la Ley, especialmente lo relacionado con el futuro de los bosques naturales tanto p\u00fablicos, como los bosques de propiedad de las comunidades ind\u00edgenas y afrocolombianas. Se advierte claramente la irresponsabilidad de la mayor parte del Congreso y del gobierno nacional frente a un tema tan trascendental para el pa\u00eds, como es la preservaci\u00f3n y manejo sostenible del patrimonio natural de la naci\u00f3n, uno de los ecosistemas de bosques naturales de mayor importancia para el planeta. Luego de este aberrante procedimiento en las plenarias del Congreso, s\u00f3lo queda pendiente la sanci\u00f3n presidencial. <\/p>\n<p>Hacemos un llamado a las organizaciones ind\u00edgenas, campesinas, afrocolombianas, ambientalistas y a las personas que sientan vulnerados los derechos patrimoniales de los bosques naturales de la naci\u00f3n y de las comunidades ind\u00edgenas, afrocolombianas y campesinas, expresen su posici\u00f3n de rechazo frente a la lesiva Ley Forestal y realicen acciones que permitan preservar los bosques naturales para las generaciones presentes y futuras del pa\u00eds. Igualmente para que se reconozca la importancia que tiene el manejo adecuado, sostenible, responsable, participativo y aut\u00f3nomo por parte de los verdaderos due\u00f1os, quienes conservan y enriquecen los bosques naturales de Colombia. <\/p>\n<p><b>Grupo Semillas -Censat Agua Viva, Amigos de la Tierra &#8211; Fundaci\u00f3n Swissaid &#8211; Paula \u00c1lvarez &#8211; Consejo Comunitario de la comunidad negra del r\u00edo Cajambre -Cecoin, Consejo comunitario del r\u00edo Naya, Consejo Comunitario de Cupica, Cabildo Embera Kat\u00edo del Alto San Jorge, Mesa de manglares del Pac\u00edfico, Uni\u00f3n Territorial Inter\u00e9tnica del Naya, Consejo Comunitario del Naya, Fundaci\u00f3n Jenzer\u00e1.<\/b><\/p>\n","protected":false},"excerpt":{"rendered":"<p>Luego de que la Ley Forestal fuera aprobada en el Congreso, fue enviada a sanci\u00f3n presidencial el 13 de diciembre de 2005. La Ley fue objetada en 12 de sus art\u00edculos por parte del Presidente \u00c1lvaro Uribe y lo que se esperaba despu\u00e9s de ello era el retorno del texto con las objeciones para su [&hellip;]<\/p>\n","protected":false},"author":1,"featured_media":0,"comment_status":"open","ping_status":"open","sticky":false,"template":"","format":"standard","meta":{"advanced_seo_description":"","jetpack_seo_html_title":"","jetpack_seo_noindex":false,"_jetpack_memberships_contains_paid_content":false,"footnotes":""},"categories":[7],"tags":[],"class_list":["post-1369","post","type-post","status-publish","format-standard","hentry","category-pronunciamientos-de-organizaciones-sociales"],"jetpack_featured_media_url":"","jetpack-related-posts":[{"id":1753,"url":"https:\/\/moir.com.co\/web\/a-pupitrazo-se-aprobo-la-ley-forestal-2\/","url_meta":{"origin":1369,"position":0},"title":"A PUPITRAZO SE APROB\u00d3 LA LEY FORESTAL","author":"admin","date":"junio 25, 2006","format":false,"excerpt":"Nota del editor: El 1\u00ba de abril de 2006, diversas organizaciones ambientalistas emitieron un comunicado, del cual publicamos algunos apartes, ligeramente editados. Bogot\u00e1, abril 1 de 2006, Grupo Semillas \u2013 Censat Agua Viva, Amigos de la Tierra - Fundaci\u00f3n Swissaid - Paula \u00c1lvarez - Consejo Comunitario de la comunidad negra\u2026","rel":"","context":"Entrada similar","block_context":{"text":"Entrada similar","link":""},"img":{"alt_text":"","src":"","width":0,"height":0},"classes":[]},{"id":6630,"url":"https:\/\/moir.com.co\/web\/las-objeciones-presidenciales-son-para-salvar-la-reforma-a-la-justicia\/","url_meta":{"origin":1369,"position":1},"title":"Las objeciones presidenciales son para salvar la reforma a la justicia","author":"admin","date":"junio 24, 2012","format":false,"excerpt":"El presidente Santos, derrotado por quienes desde un principio se opusieron a su reforma constitucional, utiliz\u00f3 una \u00faltima carta para salvar la reforma a la justicia: objetar algunos de sus art\u00edculos. Su mensaje es claro, la reforma no se debe hundir, debe retocarse. A esta idea se est\u00e1n sumando personajes\u2026","rel":"","context":"En \u00abTemas\u00bb","block_context":{"text":"Temas","link":"https:\/\/moir.com.co\/web\/category\/temas\/"},"img":{"alt_text":"","src":"","width":0,"height":0},"classes":[]},{"id":9006,"url":"https:\/\/moir.com.co\/web\/santos-y-gaviria-deben-cumplir-la-constitucion-robledo-sobre-ley-estatutaria\/","url_meta":{"origin":1369,"position":2},"title":"Santos y Gaviria deben cumplir la Constituci\u00f3n: Robledo sobre ley estatutaria","author":"admin","date":"enero 14, 2015","format":false,"excerpt":"Que el Ministro diga qu\u00e9 norma le permite devolver la ley al Congreso. Mientras corre el tiempo sin ley estatutaria, Gaviria expide decretos y anuncia reforma a la salud en el Plan de Desarrollo. El senador Robledo rechaz\u00f3 que el ministro de Salud, Alejandro Gaviria, anunciara que el presidente Santos\u2026","rel":"","context":"En \u00abJorge Enrique Robledo\u00bb","block_context":{"text":"Jorge Enrique Robledo","link":"https:\/\/moir.com.co\/web\/category\/jorge-enrique-robledo\/"},"img":{"alt_text":"","src":"","width":0,"height":0},"classes":[]},{"id":12501,"url":"https:\/\/moir.com.co\/web\/las-maniobras-que-ponen-en-riesgo-a-rio-blanco\/","url_meta":{"origin":1369,"position":3},"title":"Las maniobras que ponen en riesgo a R\u00edo Blanco","author":"admin","date":"mayo 25, 2017","format":false,"excerpt":"Dar\u00edo Arenas Villegas, Manizales, mayo 25 de 2017 Desde hace 14 a\u00f1os varias entidades p\u00fablicas y privadas han realizado maniobras para desmontar las medidas de protecci\u00f3n de la Reserva Forestal R\u00edo Blanco, una de las principales \u00e1reas de inter\u00e9s ambiental de Manizales y uno de los sitios m\u00e1s biodiversos del\u2026","rel":"","context":"En \u00abEconom\u00eda\u00bb","block_context":{"text":"Econom\u00eda","link":"https:\/\/moir.com.co\/web\/category\/temas\/economia\/"},"img":{"alt_text":"","src":"","width":0,"height":0},"classes":[]},{"id":2143,"url":"https:\/\/moir.com.co\/web\/la-inconstitucionalidad-de-la-ley-forestal-se-advirtio-oportunamente-declaro-el-senador-robledo\/","url_meta":{"origin":1369,"position":4},"title":"LA INCONSTITUCIONALIDAD DE LA LEY FORESTAL SE ADVIRTI\u00d3 OPORTUNAMENTE, DECLAR\u00d3 EL SENADOR ROBLEDO","author":"admin","date":"enero 23, 2008","format":false,"excerpt":"Oficina de Prensa Senador Jorge Enrique Robledo, Bogot\u00e1, 23 de enero de 2008 El senador Jorge Enrique Robledo celebr\u00f3 la decisi\u00f3n de la Corte Constitucional de tumbar en su totalidad la Ley Forestal, una norma que, \u201ccomo lo advertimos oportunamente y lo confirm\u00f3 la Corte, se tramit\u00f3 de manera ilegal\u2026","rel":"","context":"En \u00abJorge Enrique Robledo\u00bb","block_context":{"text":"Jorge Enrique Robledo","link":"https:\/\/moir.com.co\/web\/category\/jorge-enrique-robledo\/"},"img":{"alt_text":"","src":"","width":0,"height":0},"classes":[]},{"id":9059,"url":"https:\/\/moir.com.co\/web\/sentencia-de-la-corte-constitucional-le-da-la-razon-a-mesa-nacional-por-el-derecho-a-la-salud-sobre-sancion-de-la-ley-estatutaria\/","url_meta":{"origin":1369,"position":5},"title":"Sentencia de la Corte Constitucional le da la raz\u00f3n a Mesa Nacional por el Derecho a la Salud sobre sanci\u00f3n de la ley estatutaria","author":"admin","date":"febrero 3, 2015","format":false,"excerpt":"M\u00e1s pruebas de la descarada violaci\u00f3n de la Constituci\u00f3n por el presidente Santos y el ministro Gaviria. Un fallo de la Corte Constitucional le da la raz\u00f3n a la Mesa Nacional por el Derecho a la Salud y confirma que el presidente Santos ha violado de manera descarada la Constituci\u00f3n.\u2026","rel":"","context":"En \u00abJorge Enrique Robledo\u00bb","block_context":{"text":"Jorge Enrique Robledo","link":"https:\/\/moir.com.co\/web\/category\/jorge-enrique-robledo\/"},"img":{"alt_text":"","src":"","width":0,"height":0},"classes":[]}],"jetpack_sharing_enabled":true,"_links":{"self":[{"href":"https:\/\/moir.com.co\/web\/wp-json\/wp\/v2\/posts\/1369","targetHints":{"allow":["GET"]}}],"collection":[{"href":"https:\/\/moir.com.co\/web\/wp-json\/wp\/v2\/posts"}],"about":[{"href":"https:\/\/moir.com.co\/web\/wp-json\/wp\/v2\/types\/post"}],"author":[{"embeddable":true,"href":"https:\/\/moir.com.co\/web\/wp-json\/wp\/v2\/users\/1"}],"replies":[{"embeddable":true,"href":"https:\/\/moir.com.co\/web\/wp-json\/wp\/v2\/comments?post=1369"}],"version-history":[{"count":0,"href":"https:\/\/moir.com.co\/web\/wp-json\/wp\/v2\/posts\/1369\/revisions"}],"wp:attachment":[{"href":"https:\/\/moir.com.co\/web\/wp-json\/wp\/v2\/media?parent=1369"}],"wp:term":[{"taxonomy":"category","embeddable":true,"href":"https:\/\/moir.com.co\/web\/wp-json\/wp\/v2\/categories?post=1369"},{"taxonomy":"post_tag","embeddable":true,"href":"https:\/\/moir.com.co\/web\/wp-json\/wp\/v2\/tags?post=1369"}],"curies":[{"name":"wp","href":"https:\/\/api.w.org\/{rel}","templated":true}]}}