{"id":13687,"date":"2017-10-30T19:40:52","date_gmt":"2017-10-30T19:40:52","guid":{"rendered":"https:\/\/moir.org.co\/web\/?p=13687"},"modified":"2017-10-30T19:40:52","modified_gmt":"2017-10-30T19:40:52","slug":"la-xx-asamblea-de-fecode-ratifica-la-lucha-unitaria-del-magisterio","status":"publish","type":"post","link":"https:\/\/moir.com.co\/web\/la-xx-asamblea-de-fecode-ratifica-la-lucha-unitaria-del-magisterio\/","title":{"rendered":"La XX asamblea de Fecode ratifica la lucha unitaria del magisterio"},"content":{"rendered":"<p><strong>Tribuna Magisterial, Bogot\u00e1, octubre 30 de 2017<\/strong><\/p>\n<p class=\"m_3538705403234883998gmail-Cuerpo\"><span lang=\"ES-TRAD\">Con la participaci\u00f3n de 278 delegados oficiales y m\u00e1s de 200 delegados fraternales e invitados especiales, entre los cuales destacamos a los miembros del Comit\u00e9 Ejecutivo Nacional de nuestra Central Unitaria de Trabajadores, encabezados por su presidente, el compa\u00f1ero Luis Alejandro Pedraza y a los miembros de la Internacional de la Educaci\u00f3n, sesion\u00f3 la m\u00e1xima instancia de direcci\u00f3n del magisterio colombiano ratificando su lucha contra la pol\u00edtica econ\u00f3mica y social del Gobierno Santos, su defensa de la educaci\u00f3n p\u00fablica, su apoyo a los acuerdos de paz y su oposici\u00f3n a la agresi\u00f3n militar, econ\u00f3mica y pol\u00edtica desatada en todo el orbe por parte del Gobierno de los Estados Unidos.<\/span><\/p>\n<p class=\"m_3538705403234883998gmail-Cuerpo\"><span lang=\"ES-TRAD\">\u00a0<\/span><\/p>\n<p class=\"m_3538705403234883998gmail-Cuerpo\"><span lang=\"ES-TRAD\">El senador Jorge Robledo, candidato del POLO a la presidencia de la Republica, en una aplaudida intervenci\u00f3n reiter\u00f3 el compromiso que durante toda su vida ha tenido con el magisterio y con FECODE, manifest\u00f3 que en su Gobierno se cumplir\u00e1n los acuerdos establecidos, rechaz\u00f3 la pol\u00edtica de Santos de perseguir a los maestros y se\u00f1al\u00f3 la necesidad de una educaci\u00f3n universal, gratuita y de calidad, la cual s\u00f3lo puede ofrecerla el Estado, es decir, una educaci\u00f3n p\u00fablica adecuadamente financiada. La convergencia para enfrentar y derrotar a los mismos con las mismas debe ser ni-ni, ni con Uribe ni con Santos ni con Vargas Lleras.<\/span><\/p>\n<p class=\"m_3538705403234883998gmail-Cuerpo\"><span lang=\"ES-TRAD\">\u00a0<\/span><\/p>\n<p class=\"m_3538705403234883998gmail-Cuerpo\"><span lang=\"ES-TRAD\">La Asamblea federal expres\u00f3 un contundente apoyo a la acertada direcci\u00f3n del Comit\u00e9 Ejecutivo en los 37 d\u00edas de paro, en los acuerdos alcanzados el 16 de junio, en la defensa de ellos ante las violaciones del MEN y en la gran tarea de conformar un frente de la mayor amplitud posible por la financiaci\u00f3n de la educaci\u00f3n p\u00fablica. En consecuencia, la lucha por una reforma constitucional para resolver la grav\u00edsima desfinanciaci\u00f3n en materia de cobertura, canasta, jornada \u00fanica, infraestructura y relaciones t\u00e9cnicas; el preescolar de tres grados; el nuevo estatuto de la profesi\u00f3n docente; la salud digna y el rechazo a las maniobras del Gobierno por medio de la Previsora que perjudican la salud y la vida; reforma para fortalecer las Normales Superiores y mejores condiciones laborales del magisterio fue impulsada\u00a0 con esp\u00edritu unitario.<\/span><\/p>\n<p class=\"m_3538705403234883998gmail-Cuerpo\"><span lang=\"ES-TRAD\">\u00a0<\/span><\/p>\n<p class=\"m_3538705403234883998gmail-Cuerpo\"><span lang=\"ES-TRAD\">Se acord\u00f3 por una ampl\u00edsima mayor\u00eda que la fecha del d\u00eda sindical, donde se elegir\u00e1 el Comit\u00e9 Ejecutivo de la federaci\u00f3n, ser\u00e1 el 21 de septiembre de 2018, dada la necesidad de enfrentar en las mejores condiciones organizativas y de movilizaci\u00f3n la arremetida del Gobierno. Se convoc\u00f3 a una gran movilizaci\u00f3n el 9 de noviembre a los departamentos de Santander, Norte de Santander, Cesar, Arauca, Boyac\u00e1, Meta y Casanare en defensa de los derechos a la salud y la vida; y se denunciaron las amenazas contra el magisterio de C\u00f3rdoba; as\u00ed como se exigi\u00f3 el cumplimiento de los acuerdos de paz.<\/span><\/p>\n<p class=\"m_3538705403234883998gmail-Cuerpo\"><span lang=\"ES-TRAD\">\u00a0<\/span><\/p>\n<p class=\"m_3538705403234883998gmail-Cuerpo\"><span lang=\"ES-TRAD\">La XX Asamblea federal llam\u00f3 a los colombianos a la conformaci\u00f3n de una convergencia que defienda la soberan\u00eda, la democracia, la producci\u00f3n nacional y la paz y derrote la corrupci\u00f3n.<\/span><\/p>\n<p class=\"m_3538705403234883998gmail-Cuerpo\"><span lang=\"ES-TRAD\">\u00a0<\/span><\/p>\n<p class=\"m_3538705403234883998gmail-Cuerpo\" align=\"center\"><b><span lang=\"ES-TRAD\">\u00a1Viva FECODE!<\/span><\/b><\/p>\n<p class=\"m_3538705403234883998gmail-Cuerpo\" align=\"center\"><span lang=\"ES-TRAD\">\u00a1Viva la educaci\u00f3n p\u00fablica!<\/span><\/p>\n<p class=\"m_3538705403234883998gmail-Cuerpo\" align=\"center\"><span lang=\"ES-TRAD\">\u00a1Abajo el gobierno santista!<\/span><\/p>\n","protected":false},"excerpt":{"rendered":"<p>Tribuna Magisterial, Bogot\u00e1, octubre 30 de 2017 Con la participaci\u00f3n de 278 delegados oficiales y m\u00e1s de 200 delegados fraternales e invitados especiales, entre los cuales destacamos a los miembros del Comit\u00e9 Ejecutivo Nacional de nuestra Central Unitaria de Trabajadores, encabezados por su presidente, el compa\u00f1ero Luis Alejandro Pedraza y a los miembros de la [&hellip;]<\/p>\n","protected":false},"author":1,"featured_media":0,"comment_status":"open","ping_status":"open","sticky":false,"template":"","format":"standard","meta":{"advanced_seo_description":"","jetpack_seo_html_title":"","jetpack_seo_noindex":false,"_jetpack_memberships_contains_paid_content":false,"footnotes":""},"categories":[102,103,97,98,11],"tags":[],"class_list":["post-13687","post","type-post","status-publish","format-standard","hentry","category-economia","category-educacion","category-imperialismo-y-neoliberalismo","category-politica","category-tribuna-magisterial"],"jetpack_featured_media_url":"","jetpack-related-posts":[{"id":12408,"url":"https:\/\/moir.com.co\/web\/en-el-paro-nacional-feliz-dia-del-maestro\/","url_meta":{"origin":13687,"position":0},"title":"En el Paro Nacional Feliz D\u00eda del Maestro","author":"admin","date":"mayo 15, 2017","format":false,"excerpt":"Tribuna Magisterial, Bogot\u00e1, mayo 15 de 2017 Tribuna Magisterial felicita a todo el magisterio colombiano en su d\u00eda, haciendo un llamado a fortalecer las acciones del Paro Nacional del magisterio en defensa de los pliegos de peticiones presentados al gobierno, que contienen las principales reivindicaciones en materia laboral y en\u2026","rel":"","context":"En \u00abEducaci\u00f3n\u00bb","block_context":{"text":"Educaci\u00f3n","link":"https:\/\/moir.com.co\/web\/category\/temas\/educacion\/"},"img":{"alt_text":"","src":"https:\/\/i0.wp.com\/moir.com.co\/web\/wp-content\/uploads\/2017\/05\/fecodeparo2017.jpg?fit=780%2C514&ssl=1&resize=350%2C200","width":350,"height":200,"srcset":"https:\/\/i0.wp.com\/moir.com.co\/web\/wp-content\/uploads\/2017\/05\/fecodeparo2017.jpg?fit=780%2C514&ssl=1&resize=350%2C200 1x, https:\/\/i0.wp.com\/moir.com.co\/web\/wp-content\/uploads\/2017\/05\/fecodeparo2017.jpg?fit=780%2C514&ssl=1&resize=525%2C300 1.5x, https:\/\/i0.wp.com\/moir.com.co\/web\/wp-content\/uploads\/2017\/05\/fecodeparo2017.jpg?fit=780%2C514&ssl=1&resize=700%2C400 2x"},"classes":[]},{"id":13606,"url":"https:\/\/moir.com.co\/web\/le-toca-al-magisterio-luchar\/","url_meta":{"origin":13687,"position":1},"title":"\u00a1Le toca al magisterio luchar!","author":"admin","date":"octubre 24, 2017","format":false,"excerpt":"John Granados, Tribuna Magisterial, Bogot\u00e1, octubre 23 de 2017 \u201cDime que pa\u00eds quieres y te dir\u00e9 que tipo de educaci\u00f3n necesitas\u201d Jorge Robledo audiencia p\u00fablica \u201cLe toca a la educaci\u00f3n\u201d \u00a0 La pol\u00edtica educativa impulsada por Juan Manuel Santos le ha quitado 83 billones de pesos a la educaci\u00f3n en\u2026","rel":"","context":"En \u00abBogot\u00e1\u00bb","block_context":{"text":"Bogot\u00e1","link":"https:\/\/moir.com.co\/web\/category\/temas\/bogota\/"},"img":{"alt_text":"","src":"https:\/\/i0.wp.com\/moir.com.co\/web\/wp-content\/uploads\/2017\/10\/audienciaeducacionrobledo.jpg?fit=1024%2C640&ssl=1&resize=350%2C200","width":350,"height":200,"srcset":"https:\/\/i0.wp.com\/moir.com.co\/web\/wp-content\/uploads\/2017\/10\/audienciaeducacionrobledo.jpg?fit=1024%2C640&ssl=1&resize=350%2C200 1x, https:\/\/i0.wp.com\/moir.com.co\/web\/wp-content\/uploads\/2017\/10\/audienciaeducacionrobledo.jpg?fit=1024%2C640&ssl=1&resize=525%2C300 1.5x, https:\/\/i0.wp.com\/moir.com.co\/web\/wp-content\/uploads\/2017\/10\/audienciaeducacionrobledo.jpg?fit=1024%2C640&ssl=1&resize=700%2C400 2x"},"classes":[]},{"id":10948,"url":"https:\/\/moir.com.co\/web\/quienes-somos\/","url_meta":{"origin":13687,"position":2},"title":"\u00bfQui\u00e9nes somos?","author":"admin","date":"noviembre 10, 2016","format":false,"excerpt":"Tribuna Magisterial, Bogot\u00e1, noviembre 9 de 2016 Colombia, no obstante sus inmensas riquezas naturales y la laboriosidad e inteligencia de sus habitantes, que deber\u00edan conducirla al progreso y el bienestar, sufre el atraso econ\u00f3mico y cient\u00edfico, la destrucci\u00f3n acelerada de su industria y agricultura y la pobreza generalizada de su\u2026","rel":"","context":"En \u00abEducaci\u00f3n\u00bb","block_context":{"text":"Educaci\u00f3n","link":"https:\/\/moir.com.co\/web\/category\/temas\/educacion\/"},"img":{"alt_text":"","src":"","width":0,"height":0},"classes":[]},{"id":13481,"url":"https:\/\/moir.com.co\/web\/programa-radial-de-tribuna-magisterial-octubre-8-de-2017\/","url_meta":{"origin":13687,"position":3},"title":"Programa Radial de Tribuna Magisterial, octubre 8 de 2017","author":"admin","date":"octubre 10, 2017","format":"audio","excerpt":"Bogot\u00e1, octubre 8 de 2017 En el programa del 8 de octubre de 2017 Pedro Jim\u00e9nez docente del Distrito y conductor del programa, entrevist\u00f3 a Francisco Torres del Comit\u00e9 Ejecutivo de FECODE, quien dio un informe sobre la justa lucha de los pilotos de AVIANCA que se encuentran en huelga,\u2026","rel":"","context":"En \u00abEconom\u00eda\u00bb","block_context":{"text":"Econom\u00eda","link":"https:\/\/moir.com.co\/web\/category\/temas\/economia\/"},"img":{"alt_text":"","src":"https:\/\/i0.wp.com\/moir.com.co\/web\/wp-content\/uploads\/2017\/10\/ADETon%CC%83a.jpg?fit=800%2C1200&ssl=1&resize=350%2C200","width":350,"height":200,"srcset":"https:\/\/i0.wp.com\/moir.com.co\/web\/wp-content\/uploads\/2017\/10\/ADETon%CC%83a.jpg?fit=800%2C1200&ssl=1&resize=350%2C200 1x, https:\/\/i0.wp.com\/moir.com.co\/web\/wp-content\/uploads\/2017\/10\/ADETon%CC%83a.jpg?fit=800%2C1200&ssl=1&resize=525%2C300 1.5x, https:\/\/i0.wp.com\/moir.com.co\/web\/wp-content\/uploads\/2017\/10\/ADETon%CC%83a.jpg?fit=800%2C1200&ssl=1&resize=700%2C400 2x"},"classes":[]},{"id":9214,"url":"https:\/\/moir.com.co\/web\/programa-radial-de-tribuna-magisterial-marzo-15-de-2015\/","url_meta":{"origin":13687,"position":4},"title":"Programa Radial de Tribuna Magisterial, marzo 15 de 2015","author":"admin","date":"marzo 16, 2015","format":false,"excerpt":"En el programa Tribuna Magisterial del d\u00eda 15 de marzo, la directiva de la Asociaci\u00f3n Distrital de Educadores Mar\u00eda Antonieta Cano en su editorial, dio el informe de lo decidido en la Asamblea de Delegados de la ADE el pasado Jueves. La decisi\u00f3n de la Asamblea fue convocar a paro\u2026","rel":"","context":"En \u00abTribuna Magisterial\u00bb","block_context":{"text":"Tribuna Magisterial","link":"https:\/\/moir.com.co\/web\/category\/tribuna-magisterial\/"},"img":{"alt_text":"","src":"","width":0,"height":0},"classes":[]},{"id":9293,"url":"https:\/\/moir.com.co\/web\/programa-radial-de-tribuna-magisterial-abril-12-de-2015\/","url_meta":{"origin":13687,"position":5},"title":"Programa Radial de Tribuna Magisterial, abril 12 de 2015","author":"admin","date":"abril 13, 2015","format":false,"excerpt":"En la emisi\u00f3n del 12 de Abril de 2015 de Tribuna Magisterial, la Directora del programa y directiva de Asociaci\u00f3n Distrital de Educadores Mar\u00eda Antonieta Cano, inicia con la entrevista a Francisco Torres del comit\u00e9 ejecutivo de FECODE, quien informa la decisi\u00f3n de la federaci\u00f3n de declarar como hora cero\u2026","rel":"","context":"En \u00abTribuna Magisterial\u00bb","block_context":{"text":"Tribuna Magisterial","link":"https:\/\/moir.com.co\/web\/category\/tribuna-magisterial\/"},"img":{"alt_text":"","src":"","width":0,"height":0},"classes":[]}],"jetpack_sharing_enabled":true,"_links":{"self":[{"href":"https:\/\/moir.com.co\/web\/wp-json\/wp\/v2\/posts\/13687","targetHints":{"allow":["GET"]}}],"collection":[{"href":"https:\/\/moir.com.co\/web\/wp-json\/wp\/v2\/posts"}],"about":[{"href":"https:\/\/moir.com.co\/web\/wp-json\/wp\/v2\/types\/post"}],"author":[{"embeddable":true,"href":"https:\/\/moir.com.co\/web\/wp-json\/wp\/v2\/users\/1"}],"replies":[{"embeddable":true,"href":"https:\/\/moir.com.co\/web\/wp-json\/wp\/v2\/comments?post=13687"}],"version-history":[{"count":1,"href":"https:\/\/moir.com.co\/web\/wp-json\/wp\/v2\/posts\/13687\/revisions"}],"predecessor-version":[{"id":13689,"href":"https:\/\/moir.com.co\/web\/wp-json\/wp\/v2\/posts\/13687\/revisions\/13689"}],"wp:attachment":[{"href":"https:\/\/moir.com.co\/web\/wp-json\/wp\/v2\/media?parent=13687"}],"wp:term":[{"taxonomy":"category","embeddable":true,"href":"https:\/\/moir.com.co\/web\/wp-json\/wp\/v2\/categories?post=13687"},{"taxonomy":"post_tag","embeddable":true,"href":"https:\/\/moir.com.co\/web\/wp-json\/wp\/v2\/tags?post=13687"}],"curies":[{"name":"wp","href":"https:\/\/api.w.org\/{rel}","templated":true}]}}