{"id":13681,"date":"2017-10-30T17:28:04","date_gmt":"2017-10-30T17:28:04","guid":{"rendered":"https:\/\/moir.org.co\/web\/?p=13681"},"modified":"2017-10-30T17:28:04","modified_gmt":"2017-10-30T17:28:04","slug":"programa-radial-de-tribuna-magisterial-octubre-29-de-2018","status":"publish","type":"post","link":"https:\/\/moir.com.co\/web\/programa-radial-de-tribuna-magisterial-octubre-29-de-2018\/","title":{"rendered":"Programa Radial de Tribuna Magisterial, octubre 29 de 2018"},"content":{"rendered":"<p><strong>Bogot\u00e1, octubre 29 de 2017<\/strong><\/p>\n<p>En el programa del 29 de octubre de 2017 Mar\u00eda Antonieta Cano de la junta directiva de la ADE y directora del programa invit\u00f3 a los oyentes al gran evento campa\u00f1a con los candidatos de Tribuna Magisterial para la ADE que se realizar\u00e1 el 15 de noviembre y en el que contaremos con la presencia del Senador Jorge Robledo, el Representante Germ\u00e1n Navas, el concejal Manuel Sarmiento y el analista Aurelio Su\u00e1rez quienes respaldan a Mar\u00eda Antonieta Cano a la junta directiva de la ADE con el #02<\/p>\n<p>&nbsp;<\/p>\n<p>A continuaci\u00f3n los profesores John Granados docente del Inem de Kennedy y Alejandro Socha docente del colegio Luis \u00c1ngel Arango que hacen parte de la lista #123 a la asamblea de delegados de la ADE Y el profesor Felipe Romero tambi\u00e9n candidato a la asamblea de delegados con el #307, manifestaron la importancia de las listas de Tribuna Magisterial, Plantearon sus propuestas y las razones del por qu\u00e9 elegir a Mar\u00eda Antonieta a la Junta Directiva de la ADE.<\/p>\n<p>El concejal Manuel Sarmiento les cont\u00f3 a los oyentes que el alcalde de Bogot\u00e1 Enrique Pe\u00f1alosa interpuso una tutela, reclamando respeto al buen nombre, por se\u00f1alar que el mandatario distrital es un vendedor de buses, el cabildante se ratifica en sus denuncias y aportar\u00e1 las pruebas que tiene en su poder.<\/p>\n<p>&nbsp;<\/p>\n<p>En el espacio sindical Francisco Torres dio informe sobre las resoluciones de la XX Asamblea Federal de FECODE, dijo que se ratific\u00f3 la posici\u00f3n de confrontaci\u00f3n a la pol\u00edtica educativa de Santos, la lucha por una reforma constitucional al SGP y para alcanzar un estatuto \u00fanico docente, destac\u00f3 que la asamblea se desarroll\u00f3 en el marco de la unidad del magisterio.<\/p>\n<p>Mar\u00eda Antonieta Cano Nombr\u00f3 uno a uno los candidatos a la asamblea de delegados de la Ade que respaldan su aspiraci\u00f3n a la junta directiva de la asociaci\u00f3n:<\/p>\n<p>&nbsp;<\/p>\n<p>Mar\u00eda Antonieta Cano #2 a la junta Directiva de la Ade.<\/p>\n<p>&nbsp;<\/p>\n<p>V\u00edctor Beltr\u00e1n #121,<\/p>\n<p>&nbsp;<\/p>\n<p>Mar\u00eda Antonieta Cano, Laura Moreno, Luisa Pinz\u00f3n y Doris Vargas \u00a0 #298,<\/p>\n<p>&nbsp;<\/p>\n<p>Edgar Casas y Mauricio P\u00e1ez # 210,<\/p>\n<p>&nbsp;<\/p>\n<p>Luz Marina Corredor #400,<\/p>\n<p>&nbsp;<\/p>\n<p>Gladys Gasca #141,<\/p>\n<p>&nbsp;<\/p>\n<p>John Granados 123,<\/p>\n<p>&nbsp;<\/p>\n<p>Pedro Jim\u00e9nez #290,<\/p>\n<p>&nbsp;<\/p>\n<p>Marisol Moncada #341,<\/p>\n<p>&nbsp;<\/p>\n<p>Gustavo Pe\u00f1uela #306,<\/p>\n<p>&nbsp;<\/p>\n<p>Alberto Pacheco #114,<\/p>\n<p>&nbsp;<\/p>\n<p>Iv\u00e1n Ram\u00edrez #455,<\/p>\n<p>&nbsp;<\/p>\n<p>Felipe Romero #307,<\/p>\n<p>&nbsp;<\/p>\n<p>Albert Serrano #395,<\/p>\n<p>&nbsp;<\/p>\n<p>Alejandro Silva #462.\u200b<\/p>\n","protected":false},"excerpt":{"rendered":"<p>Bogot\u00e1, octubre 29 de 2017 En el programa del 29 de octubre de 2017 Mar\u00eda Antonieta Cano de la junta directiva de la ADE y directora del programa invit\u00f3 a los oyentes al gran evento campa\u00f1a con los candidatos de Tribuna Magisterial para la ADE que se realizar\u00e1 el 15 de noviembre y en el [&hellip;]<\/p>\n","protected":false},"author":1,"featured_media":13436,"comment_status":"open","ping_status":"open","sticky":false,"template":"","format":"audio","meta":{"advanced_seo_description":"","jetpack_seo_html_title":"","jetpack_seo_noindex":false,"_jetpack_memberships_contains_paid_content":false,"footnotes":""},"categories":[101,102,103,97,98,109,11],"tags":[],"class_list":["post-13681","post","type-post","status-publish","format-audio","has-post-thumbnail","hentry","category-bogota","category-economia","category-educacion","category-imperialismo-y-neoliberalismo","category-politica","category-sindical","category-tribuna-magisterial","post_format-post-format-audio"],"jetpack_featured_media_url":"https:\/\/i0.wp.com\/moir.com.co\/web\/wp-content\/uploads\/2017\/10\/ADETon%CC%83a.jpg?fit=853%2C1280&ssl=1","jetpack-related-posts":[{"id":13635,"url":"https:\/\/moir.com.co\/web\/programa-radial-de-tribuna-magisterial-octubre-22-de-2017\/","url_meta":{"origin":13681,"position":0},"title":"Programa Radial de Tribuna Magisterial, octubre 22 de 2017","author":"admin","date":"octubre 26, 2017","format":"audio","excerpt":"Bogot\u00e1, octubre 22 de 2017 En el programa del 22 de octubre la profesora Marisol Moncada docente provisional del distrito present\u00f3 su candidatura a la asamblea de delegados de la ADE con el #341, tambi\u00e9n Pedro Jim\u00e9nez present\u00f3 su candidatura a la asamblea de delegados de la ADE con el\u2026","rel":"","context":"En \u00abBogot\u00e1\u00bb","block_context":{"text":"Bogot\u00e1","link":"https:\/\/moir.com.co\/web\/category\/temas\/bogota\/"},"img":{"alt_text":"","src":"https:\/\/i0.wp.com\/moir.com.co\/web\/wp-content\/uploads\/2017\/10\/ADETon%CC%83a.jpg?fit=800%2C1200&ssl=1&resize=350%2C200","width":350,"height":200,"srcset":"https:\/\/i0.wp.com\/moir.com.co\/web\/wp-content\/uploads\/2017\/10\/ADETon%CC%83a.jpg?fit=800%2C1200&ssl=1&resize=350%2C200 1x, https:\/\/i0.wp.com\/moir.com.co\/web\/wp-content\/uploads\/2017\/10\/ADETon%CC%83a.jpg?fit=800%2C1200&ssl=1&resize=525%2C300 1.5x, https:\/\/i0.wp.com\/moir.com.co\/web\/wp-content\/uploads\/2017\/10\/ADETon%CC%83a.jpg?fit=800%2C1200&ssl=1&resize=700%2C400 2x"},"classes":[]},{"id":13481,"url":"https:\/\/moir.com.co\/web\/programa-radial-de-tribuna-magisterial-octubre-8-de-2017\/","url_meta":{"origin":13681,"position":1},"title":"Programa Radial de Tribuna Magisterial, octubre 8 de 2017","author":"admin","date":"octubre 10, 2017","format":"audio","excerpt":"Bogot\u00e1, octubre 8 de 2017 En el programa del 8 de octubre de 2017 Pedro Jim\u00e9nez docente del Distrito y conductor del programa, entrevist\u00f3 a Francisco Torres del Comit\u00e9 Ejecutivo de FECODE, quien dio un informe sobre la justa lucha de los pilotos de AVIANCA que se encuentran en huelga,\u2026","rel":"","context":"En \u00abEconom\u00eda\u00bb","block_context":{"text":"Econom\u00eda","link":"https:\/\/moir.com.co\/web\/category\/temas\/economia\/"},"img":{"alt_text":"","src":"https:\/\/i0.wp.com\/moir.com.co\/web\/wp-content\/uploads\/2017\/10\/ADETon%CC%83a.jpg?fit=800%2C1200&ssl=1&resize=350%2C200","width":350,"height":200,"srcset":"https:\/\/i0.wp.com\/moir.com.co\/web\/wp-content\/uploads\/2017\/10\/ADETon%CC%83a.jpg?fit=800%2C1200&ssl=1&resize=350%2C200 1x, https:\/\/i0.wp.com\/moir.com.co\/web\/wp-content\/uploads\/2017\/10\/ADETon%CC%83a.jpg?fit=800%2C1200&ssl=1&resize=525%2C300 1.5x, https:\/\/i0.wp.com\/moir.com.co\/web\/wp-content\/uploads\/2017\/10\/ADETon%CC%83a.jpg?fit=800%2C1200&ssl=1&resize=700%2C400 2x"},"classes":[]},{"id":13435,"url":"https:\/\/moir.com.co\/web\/programa-radial-de-tribuna-magisterial-octubre-1-de-2017\/","url_meta":{"origin":13681,"position":2},"title":"Programa Radial de Tribuna Magisterial, octubre 1 de 2017","author":"admin","date":"octubre 3, 2017","format":"audio","excerpt":"Bogot\u00e1, octubre 1 de 2017 En el programa del 1 de octubre Mar\u00eda Antonieta Cano, de la junta directiva de la Ade y directora del programa y Pedro Jim\u00e9nez docente del distrito, explicaron los puntos program\u00e1ticos expresados por el Senador y \u00a0Candidato a la presidencia por el Polo Democr\u00e1tico Alternativo\u2026","rel":"","context":"En \u00abEducaci\u00f3n\u00bb","block_context":{"text":"Educaci\u00f3n","link":"https:\/\/moir.com.co\/web\/category\/temas\/educacion\/"},"img":{"alt_text":"","src":"https:\/\/i0.wp.com\/moir.com.co\/web\/wp-content\/uploads\/2017\/10\/ADETon%CC%83a.jpg?fit=800%2C1200&ssl=1&resize=350%2C200","width":350,"height":200,"srcset":"https:\/\/i0.wp.com\/moir.com.co\/web\/wp-content\/uploads\/2017\/10\/ADETon%CC%83a.jpg?fit=800%2C1200&ssl=1&resize=350%2C200 1x, https:\/\/i0.wp.com\/moir.com.co\/web\/wp-content\/uploads\/2017\/10\/ADETon%CC%83a.jpg?fit=800%2C1200&ssl=1&resize=525%2C300 1.5x, https:\/\/i0.wp.com\/moir.com.co\/web\/wp-content\/uploads\/2017\/10\/ADETon%CC%83a.jpg?fit=800%2C1200&ssl=1&resize=700%2C400 2x"},"classes":[]},{"id":6718,"url":"https:\/\/moir.com.co\/web\/programa-radial-tribuna-magisterial-julio-29-de-2012\/","url_meta":{"origin":13681,"position":3},"title":"Programa Radial Tribuna Magisterial, julio 29 de 2012","author":"admin","date":"julio 31, 2012","format":false,"excerpt":"El programa radial inicia con su nota editorial a cargo de la profesora Mar\u00eda Antonieta Cano, directora del programa y candidata a la ADE con el N\u00b0 24 en el Tarjet\u00f3n, denominada \u201cla educaci\u00f3n democr\u00e1tica y cient\u00edfica es nuestra tarea\u201d. Javier Mar\u00edn miembro de la secretaria operativa de RECLAME hace\u2026","rel":"","context":"En \u00abTribuna Magisterial\u00bb","block_context":{"text":"Tribuna Magisterial","link":"https:\/\/moir.com.co\/web\/category\/tribuna-magisterial\/"},"img":{"alt_text":"","src":"","width":0,"height":0},"classes":[]},{"id":13829,"url":"https:\/\/moir.com.co\/web\/programa-radial-de-tribuna-magisterial-noviembre-12-de-2017\/","url_meta":{"origin":13681,"position":4},"title":"Programa Radial de Tribuna Magisterial, noviembre 12 de 2017","author":"admin","date":"noviembre 15, 2017","format":"audio","excerpt":"Bogot\u00e1, noviembre 12 de 2017 En el programa del 12 de noviembre Mar\u00eda Antonieta Cano de la junta directiva de la ADE y directora del programa entrevist\u00f3 a los profesores candidatos a la asamblea de delegados, profesor Iv\u00e1n Ram\u00edrez con el #455 y al profesor Albert Serrano #395, quienes presentaron\u2026","rel":"","context":"En \u00abBogot\u00e1\u00bb","block_context":{"text":"Bogot\u00e1","link":"https:\/\/moir.com.co\/web\/category\/temas\/bogota\/"},"img":{"alt_text":"","src":"https:\/\/i0.wp.com\/moir.com.co\/web\/wp-content\/uploads\/2017\/10\/ADETon%CC%83a.jpg?fit=800%2C1200&ssl=1&resize=350%2C200","width":350,"height":200,"srcset":"https:\/\/i0.wp.com\/moir.com.co\/web\/wp-content\/uploads\/2017\/10\/ADETon%CC%83a.jpg?fit=800%2C1200&ssl=1&resize=350%2C200 1x, https:\/\/i0.wp.com\/moir.com.co\/web\/wp-content\/uploads\/2017\/10\/ADETon%CC%83a.jpg?fit=800%2C1200&ssl=1&resize=525%2C300 1.5x, https:\/\/i0.wp.com\/moir.com.co\/web\/wp-content\/uploads\/2017\/10\/ADETon%CC%83a.jpg?fit=800%2C1200&ssl=1&resize=700%2C400 2x"},"classes":[]},{"id":11619,"url":"https:\/\/moir.com.co\/web\/programa-radial-de-tribuna-magisterial-enero-29-de-2017\/","url_meta":{"origin":13681,"position":5},"title":"Programa Radial de Tribuna Magisterial, enero 29 de 2017","author":"admin","date":"enero 31, 2017","format":"audio","excerpt":"Bogot\u00e1, enero 29 de 2017 En el programa del 29 de enero de 2017 Mar\u00eda Antonieta Cano de la Junta directiva de la ADE y directora del programa, inform\u00f3 que el 30 de enero la Junta Directiva de la ADE se reunir\u00e1 con la Secretaria de Educaci\u00f3n Mar\u00eda Victoria Angulo\u2026","rel":"","context":"En \u00abTribuna Magisterial\u00bb","block_context":{"text":"Tribuna Magisterial","link":"https:\/\/moir.com.co\/web\/category\/tribuna-magisterial\/"},"img":{"alt_text":"","src":"https:\/\/i0.wp.com\/moir.com.co\/web\/wp-content\/uploads\/2016\/11\/tribmagton%CC%83a5-1.jpg?fit=900%2C1200&ssl=1&resize=350%2C200","width":350,"height":200,"srcset":"https:\/\/i0.wp.com\/moir.com.co\/web\/wp-content\/uploads\/2016\/11\/tribmagton%CC%83a5-1.jpg?fit=900%2C1200&ssl=1&resize=350%2C200 1x, https:\/\/i0.wp.com\/moir.com.co\/web\/wp-content\/uploads\/2016\/11\/tribmagton%CC%83a5-1.jpg?fit=900%2C1200&ssl=1&resize=525%2C300 1.5x, https:\/\/i0.wp.com\/moir.com.co\/web\/wp-content\/uploads\/2016\/11\/tribmagton%CC%83a5-1.jpg?fit=900%2C1200&ssl=1&resize=700%2C400 2x"},"classes":[]}],"jetpack_sharing_enabled":true,"_links":{"self":[{"href":"https:\/\/moir.com.co\/web\/wp-json\/wp\/v2\/posts\/13681","targetHints":{"allow":["GET"]}}],"collection":[{"href":"https:\/\/moir.com.co\/web\/wp-json\/wp\/v2\/posts"}],"about":[{"href":"https:\/\/moir.com.co\/web\/wp-json\/wp\/v2\/types\/post"}],"author":[{"embeddable":true,"href":"https:\/\/moir.com.co\/web\/wp-json\/wp\/v2\/users\/1"}],"replies":[{"embeddable":true,"href":"https:\/\/moir.com.co\/web\/wp-json\/wp\/v2\/comments?post=13681"}],"version-history":[{"count":1,"href":"https:\/\/moir.com.co\/web\/wp-json\/wp\/v2\/posts\/13681\/revisions"}],"predecessor-version":[{"id":13683,"href":"https:\/\/moir.com.co\/web\/wp-json\/wp\/v2\/posts\/13681\/revisions\/13683"}],"wp:featuredmedia":[{"embeddable":true,"href":"https:\/\/moir.com.co\/web\/wp-json\/wp\/v2\/media\/13436"}],"wp:attachment":[{"href":"https:\/\/moir.com.co\/web\/wp-json\/wp\/v2\/media?parent=13681"}],"wp:term":[{"taxonomy":"category","embeddable":true,"href":"https:\/\/moir.com.co\/web\/wp-json\/wp\/v2\/categories?post=13681"},{"taxonomy":"post_tag","embeddable":true,"href":"https:\/\/moir.com.co\/web\/wp-json\/wp\/v2\/tags?post=13681"}],"curies":[{"name":"wp","href":"https:\/\/api.w.org\/{rel}","templated":true}]}}