{"id":13676,"date":"2017-10-30T16:39:21","date_gmt":"2017-10-30T16:39:21","guid":{"rendered":"https:\/\/moir.org.co\/web\/?p=13676"},"modified":"2017-10-30T16:39:21","modified_gmt":"2017-10-30T16:39:21","slug":"en-economia-no-a-los-mismos-con-las-mismas","status":"publish","type":"post","link":"https:\/\/moir.com.co\/web\/en-economia-no-a-los-mismos-con-las-mismas\/","title":{"rendered":"En econom\u00eda, no a los mismos con las mismas"},"content":{"rendered":"<p><strong>Aurelio Su\u00e1rez Montoya, El Tiempo, Bogot\u00e1, octubre 30 de 2017<\/strong><\/p>\n<p class=\"contenido\">El 7 de agosto, hace casi tres meses, al cumplir siete a\u00f1os el mandato de Juan Manuel Santos, el ministro de Hacienda, Mauricio C\u00e1rdenas, public\u00f3 un documento denominado \u2018Colombia en cifras\u2019, en el que muestra la evoluci\u00f3n de algunas variables sociales y de la econom\u00eda entre 2011 y 2016, entre ellas, la tasa de inversi\u00f3n, los montos de inversi\u00f3n extranjera directa, el coeficiente de Gini y la tasa de desempleo e informalidad. Incluye en \u00e9l indicadores sobre el impacto de la inversi\u00f3n del Gobierno en infraestructura, seguridad, salud, vivienda, saneamiento b\u00e1sico, energ\u00eda, educaci\u00f3n y las TIC, entre otros.<\/p>\n<p class=\"contenido\">Pero el ministro no anot\u00f3 el valor de tales inversiones. Para saberlo, hubo que elevarles algunos derechos de petici\u00f3n a Planeaci\u00f3n Nacional y a otras dependencias. El resultado, en n\u00fameros redondos: los m\u00e1s de 7 millones de conexiones de saneamiento b\u00e1sico costaron $ 7,43 billones; las 159.741 acometidas de energ\u00eda el\u00e9ctrica implicaron un costo de $ 1,38 billones; las 117.000 soluciones de vivienda gratis sumaron $ 4,7 billones y otros $ 2 billones m\u00e1s vali\u00f3 el apoyo a las 124.000 viviendas rurales VIS. Los programas Ser Pilo Paga, el aumento de la cobertura en la educaci\u00f3n superior \u2013con recursos para Icetex y para las universidades p\u00fablicas\u2013 y la gratuidad en la educaci\u00f3n suman $ 522.000 millones, $ 23 billones y $ 3,6 billones, respectivamente, entre 2011 y 2016 y desde que rige Ser Pilo Paga.<\/p>\n<p>En salud, agregar 4,6 millones de personas al r\u00e9gimen subsidiado implic\u00f3 un gasto de $ 3,15 billones y acrecentar el pie de Fuerza P\u00fablica en 23.100 polic\u00edas m\u00e1s sum\u00f3 $ 1,4 billones, a raz\u00f3n de $ 60 millones cada uno. En cuanto a infraestructura, entre segundas calzadas construidas y las redes viales primaria, secundaria y terciaria se destinaron $ 12,2 billones, seg\u00fan Inv\u00edas. En conectividad, entre conexiones de banda ancha, de alta velocidad a municipios y tabletas y computadores a colegios, el Gobierno invirti\u00f3 $ 2,5 billones. Los c\u00e1lculos de la sumatoria total de esta inversi\u00f3n p\u00fablica hechos por la economista y mag\u00edster Natalia Moreno dan $ 61,8 billones para el periodo 2011-2016, a raz\u00f3n de $ 10 billones por a\u00f1o. Es decir, la estrechez fiscal de Colombia no da a duras penas sino para pagar gastos b\u00e1sicos, o cuando mucho para asegurar derechos m\u00ednimos que deber\u00edan estar resueltos hace a\u00f1os.<\/p>\n<p>No obstante, el an\u00e1lisis debe completarse examinando las fuentes de los recursos. Seg\u00fan el trabajo de Moreno, el recaudo de impuestos en dicho periodo fue de $ 655 billones, en pesos corrientes, y los gastos de funcionamiento, $ 595 billones. El excedente de $ 60 billones en esos a\u00f1os fue insuficiente para financiar presupuestalmente toda la inversi\u00f3n, m\u00e1xime cuando la restante, excluyendo la que destaca C\u00e1rdenas en su documento, tuvo montos anuales superiores a $ 20 billones.<\/p>\n<p>La contrapartida fuerte es el endeudamiento sin tasa ni medida del Gobierno central (GNC) y del sector p\u00fablico no financiero. Moreno afora la deuda del GNC contra\u00edda entre 2011 y 2016 en escandalosos $ 243 billones, y lo peor es que los intereses pagados suman $ 112 billones y las amortizaciones, con los c\u00e1lculos tomados de las fuentes fiscales del Ministerio de Hacienda, fueron de $ 120 billones. Es decir, \u201cColombia se endeuda para pagar y paga para endeudarse\u201d. Al final, el servicio anual menos el pago de intereses se va acumulando como deuda neta en un vertiginoso \u2018debt rollover\u2019 \u2012\u201crefinanciaci\u00f3n de los cr\u00e9ditos sobre s\u00ed mismos\u201d \u2012, lo que en plata blanca es una operaci\u00f3n cruda de exacci\u00f3n sobre el ahorro nacional p\u00fablico y privado. Todo al debe.<\/p>\n<p>El actual debate electoral debe pasar, as\u00ed no lo quieran el ministro C\u00e1rdenas o la ministra Guti\u00e9rrez o los centros de pensamiento oficial, por un cuestionamiento a fondo de la pol\u00edtica econ\u00f3mica, que nos ha llevado entre el octavo y el noveno de los \u2018anillos del infierno\u2019 en este, el primer asunto p\u00fablico del pa\u00eds. Si en el pantano de la corrupci\u00f3n se clama por \u201cno m\u00e1s los mismos con las mismas\u201d, aqu\u00ed, en la econom\u00eda, cabe el doble.<\/p>\n","protected":false},"excerpt":{"rendered":"<p>Aurelio Su\u00e1rez Montoya, El Tiempo, Bogot\u00e1, octubre 30 de 2017 El 7 de agosto, hace casi tres meses, al cumplir siete a\u00f1os el mandato de Juan Manuel Santos, el ministro de Hacienda, Mauricio C\u00e1rdenas, public\u00f3 un documento denominado \u2018Colombia en cifras\u2019, en el que muestra la evoluci\u00f3n de algunas variables sociales y de la econom\u00eda [&hellip;]<\/p>\n","protected":false},"author":1,"featured_media":13341,"comment_status":"open","ping_status":"open","sticky":false,"template":"","format":"standard","meta":{"advanced_seo_description":"","jetpack_seo_html_title":"","jetpack_seo_noindex":false,"_jetpack_memberships_contains_paid_content":false,"footnotes":""},"categories":[79,102,97,98],"tags":[],"class_list":["post-13676","post","type-post","status-publish","format-standard","has-post-thumbnail","hentry","category-aurelio-suarez-montoya","category-economia","category-imperialismo-y-neoliberalismo","category-politica"],"jetpack_featured_media_url":"https:\/\/i0.wp.com\/moir.com.co\/web\/wp-content\/uploads\/2017\/09\/aureliosuarezblu.jpg?fit=650%2C466&ssl=1","jetpack-related-posts":[{"id":4681,"url":"https:\/\/moir.com.co\/web\/el-jueves-19-de-agosto-en-el-marco-de-la-feria-del-libro-ediciones-aurora-lanzo-en-la-academia-colombiana-de-ciencias-economicas-el-libro-confianza-inversionista-la-economia-colombiana-de-la-prim\/","url_meta":{"origin":13676,"position":0},"title":"El jueves 19 de agosto, en el marco de la Feria del Libro,  Ediciones Aurora lanz\u00f3 en la Academia Colombiana de Ciencias Econ\u00f3micas el Libro &#8220;Confianza Inversionista. La Econom\u00eda Colombiana de la primera d\u00e9cada del siglo XXI&#8221; de Aurelio Su\u00e1rez  Montoya. El acto de lanzamiento estuvo presidido por, de izquierda a derecha, Senador Jorge Enrique Robledo; el autor, Aurelio Su\u00e1rez; el editor, An\u00edbal Su\u00e1rez; Ex Presidente Ernesto Samper, quien present\u00f3 el libro; Profesor R\u00e1ul Alameda, Secretario de la Academia, y el economista Eduardo Sarmiento","author":"admin","date":"agosto 20, 2010","format":false,"excerpt":"","rel":"","context":"En \u00abGaler\u00edas\u00bb","block_context":{"text":"Galer\u00edas","link":"https:\/\/moir.com.co\/web\/category\/multimedia\/galerias\/"},"img":{"alt_text":"","src":"","width":0,"height":0},"classes":[]},{"id":15797,"url":"https:\/\/moir.com.co\/web\/video-economia-al-dia-con-yina-ramos-una-vision-de-la-economia-colombiana-2018-con-aurelio-suarez-montoya\/","url_meta":{"origin":13676,"position":1},"title":"Video: Econom\u00eda al D\u00eda con Yina Ramos: Una visi\u00f3n de la econom\u00eda colombiana 2018, con Aurelio Su\u00e1rez Montoya","author":"admin","date":"agosto 30, 2018","format":"video","excerpt":"Bogot\u00e1, agosto 27 de 2018","rel":"","context":"En \u00abAgro\u00bb","block_context":{"text":"Agro","link":"https:\/\/moir.com.co\/web\/category\/temas\/agro\/"},"img":{"alt_text":"","src":"","width":0,"height":0},"classes":[]},{"id":12952,"url":"https:\/\/moir.com.co\/web\/sin-nacer-cada-colombiano-debe-10-millones\/","url_meta":{"origin":13676,"position":2},"title":"&#8220;Sin nacer, cada colombiano debe $10 millones&#8221;","author":"admin","date":"julio 23, 2017","format":false,"excerpt":"Entrevista de El Nuevo Siglo a Aurelio Su\u00e1rez Montoya, Bogot\u00e1, julio 23 de 2017 La situaci\u00f3n de la econom\u00eda colombiana es hoy de postraci\u00f3n, el momento es muy dif\u00edcil, la corrupci\u00f3n, los malos contratos y el robo campean, dejando a m\u00e1s colombianos en serias dificultades por la baja calidad del\u2026","rel":"","context":"En \u00abAgro\u00bb","block_context":{"text":"Agro","link":"https:\/\/moir.com.co\/web\/category\/temas\/agro\/"},"img":{"alt_text":"","src":"https:\/\/i0.wp.com\/moir.com.co\/web\/wp-content\/uploads\/2017\/07\/aurelio_sv3-1.jpg?fit=228%2C228&ssl=1&resize=350%2C200","width":350,"height":200},"classes":[]},{"id":15424,"url":"https:\/\/moir.com.co\/web\/la-enfermedad-holandesa-financiera\/","url_meta":{"origin":13676,"position":3},"title":"La enfermedad holandesa financiera","author":"admin","date":"julio 12, 2018","format":false,"excerpt":"Aurelio Su\u00e1rez Montoya, Bogot\u00e1, julio 12 de 2018 En entrevista reciente, el ministro C\u00e1rdenas registr\u00f3 como el mayor logro econ\u00f3mico de los ocho a\u00f1os del gobierno de Santos el aumento de la inversi\u00f3n extranjera, anotando que entre 2002 y 2010 los flujos netos anuales eran en promedio de 6.000 millones\u2026","rel":"","context":"En \u00abAurelio Su\u00e1rez Montoya\u00bb","block_context":{"text":"Aurelio Su\u00e1rez Montoya","link":"https:\/\/moir.com.co\/web\/category\/bitacoras\/aurelio-suarez-montoya\/"},"img":{"alt_text":"","src":"","width":0,"height":0},"classes":[]},{"id":5785,"url":"https:\/\/moir.com.co\/web\/aurelio-suarez-montoya-elegido-candidato-del-polo-a-la-alcaldia-de-bogota\/","url_meta":{"origin":13676,"position":4},"title":"Aurelio Su\u00e1rez Montoya, elegido candidato del Polo a la Alcald\u00eda de Bogot\u00e1","author":"admin","date":"julio 19, 2011","format":false,"excerpt":"Por una amplia mayor\u00eda y luego de una jornada de doce horas en la que los delegados a la Coordinadora Distrital participaron con su respectivo voto, fue escogido el experimentado dirigente pol\u00edtico y analista econ\u00f3mico de amplia trayectoria, Aurelio Su\u00e1rez Montoya, como candidato del Polo Democr\u00e1tico Alternativo (PDA) a la\u2026","rel":"","context":"En \u00abPolo Democr\u00e1tico Alternativo\u00bb","block_context":{"text":"Polo Democr\u00e1tico Alternativo","link":"https:\/\/moir.com.co\/web\/category\/polo-democratico-alternativo\/"},"img":{"alt_text":"","src":"","width":0,"height":0},"classes":[]},{"id":17714,"url":"https:\/\/moir.com.co\/web\/el-tolima-debe-revivir-esa-vocacion-agricola-y-la-industria-transformadora-aurelio-suarez\/","url_meta":{"origin":13676,"position":5},"title":"\u201cEl Tolima debe revivir esa vocaci\u00f3n agr\u00edcola y la industria transformadora\u201d: Aurelio Su\u00e1rez","author":"admin","date":"junio 28, 2019","format":false,"excerpt":"Entrevista de El Nuevo D\u00eda, Ibagu\u00e9, junio 27 de 2019 El columnista de medios nacionales, critic\u00f3 lo sucedido con el aeropuerto Perales y advirti\u00f3 que los cafeteros no pueden seguir sujetos a la tasa de cambio. El analista econ\u00f3mico y pol\u00edtico, Aurelio Su\u00e1rez Montoya, visit\u00f3 recientemente la capital del Tolima\u2026","rel":"","context":"En \u00abAgro\u00bb","block_context":{"text":"Agro","link":"https:\/\/moir.com.co\/web\/category\/temas\/agro\/"},"img":{"alt_text":"","src":"https:\/\/i0.wp.com\/moir.com.co\/web\/wp-content\/uploads\/2019\/06\/AurelioSuarezIbague.jpg?fit=600%2C360&ssl=1&resize=350%2C200","width":350,"height":200,"srcset":"https:\/\/i0.wp.com\/moir.com.co\/web\/wp-content\/uploads\/2019\/06\/AurelioSuarezIbague.jpg?fit=600%2C360&ssl=1&resize=350%2C200 1x, https:\/\/i0.wp.com\/moir.com.co\/web\/wp-content\/uploads\/2019\/06\/AurelioSuarezIbague.jpg?fit=600%2C360&ssl=1&resize=525%2C300 1.5x"},"classes":[]}],"jetpack_sharing_enabled":true,"_links":{"self":[{"href":"https:\/\/moir.com.co\/web\/wp-json\/wp\/v2\/posts\/13676","targetHints":{"allow":["GET"]}}],"collection":[{"href":"https:\/\/moir.com.co\/web\/wp-json\/wp\/v2\/posts"}],"about":[{"href":"https:\/\/moir.com.co\/web\/wp-json\/wp\/v2\/types\/post"}],"author":[{"embeddable":true,"href":"https:\/\/moir.com.co\/web\/wp-json\/wp\/v2\/users\/1"}],"replies":[{"embeddable":true,"href":"https:\/\/moir.com.co\/web\/wp-json\/wp\/v2\/comments?post=13676"}],"version-history":[{"count":1,"href":"https:\/\/moir.com.co\/web\/wp-json\/wp\/v2\/posts\/13676\/revisions"}],"predecessor-version":[{"id":13677,"href":"https:\/\/moir.com.co\/web\/wp-json\/wp\/v2\/posts\/13676\/revisions\/13677"}],"wp:featuredmedia":[{"embeddable":true,"href":"https:\/\/moir.com.co\/web\/wp-json\/wp\/v2\/media\/13341"}],"wp:attachment":[{"href":"https:\/\/moir.com.co\/web\/wp-json\/wp\/v2\/media?parent=13676"}],"wp:term":[{"taxonomy":"category","embeddable":true,"href":"https:\/\/moir.com.co\/web\/wp-json\/wp\/v2\/categories?post=13676"},{"taxonomy":"post_tag","embeddable":true,"href":"https:\/\/moir.com.co\/web\/wp-json\/wp\/v2\/tags?post=13676"}],"curies":[{"name":"wp","href":"https:\/\/api.w.org\/{rel}","templated":true}]}}