{"id":13673,"date":"2017-10-30T16:21:41","date_gmt":"2017-10-30T16:21:41","guid":{"rendered":"https:\/\/moir.org.co\/web\/?p=13673"},"modified":"2017-10-30T16:21:41","modified_gmt":"2017-10-30T16:21:41","slug":"la-rap-caribe-y-la-solucion-a-crisis-electrica-de-la-costa","status":"publish","type":"post","link":"https:\/\/moir.com.co\/web\/la-rap-caribe-y-la-solucion-a-crisis-electrica-de-la-costa\/","title":{"rendered":"La RAP Caribe y la soluci\u00f3n a crisis el\u00e9ctrica de la Costa"},"content":{"rendered":"<p><strong>Norman Alarc\u00f3n Rodas, Barranquilla, octubre 30 de 2017<\/strong><\/p>\n<p>El 19 de octubre pasado se constituy\u00f3 oficialmente en Barranquilla la Regi\u00f3n Administrativa y de Planificaci\u00f3n RAP Caribe, la tercera en el pa\u00eds despu\u00e9s de la RAP Centro y la Pac\u00edfico, siguiendo los lineamientos de la Constituci\u00f3n Pol\u00edtica de 1991. Es saludable para la opini\u00f3n p\u00fablica conocer, grosso modo, la importancia, los alcances y las limitaciones de la nueva figura de asociaci\u00f3n regional y c\u00f3mo podr\u00eda ser \u00fatil para buscar salidas a algunas necesidades sentidas de la poblaci\u00f3n.<\/p>\n<p>No es dable desconocer las peculiaridades que identifican a los grupos humanos en cada territorio de la Naci\u00f3n, por su idiosincrasia, historia, cultura y costumbres, conglomerados con rasgos comunes tan propios como los que se aprecian en la Regi\u00f3n Caribe. Los art\u00edculos 306 y 307 de la Constituci\u00f3n permiten crear Regiones Administrativas y de Planificaci\u00f3n, RAP, entre dos o m\u00e1s departamentos y establecen las condiciones para convertirlas en Regiones de Entidad Territorial, RET. La Ley 1454 de 2011 desarrolla los dos art\u00edculos constitucionales, se\u00f1alando que estas regiones \u201cse enmarcan en una visi\u00f3n del desarrollo hacia la complementariedad, con el fin de fortalecer la unidad nacional (\u2026) para la consecuci\u00f3n de objetivos de desarrollo econ\u00f3mico y territorial comunes\u201d (art\u00edculo 3\u00b0). \u201cPara organizar conjuntamente la prestaci\u00f3n de servicios p\u00fablicos, la ejecuci\u00f3n de obras de \u00e1mbito regional\u201d (art\u00edculo 12\u00b0). Tambi\u00e9n advierte el art\u00edculo 17\u00b0 que \u201cEn ning\u00fan caso las entidades territoriales que se asocien podr\u00e1n generar gastos de funcionamiento adicionales con cargo a su presupuesto o al presupuesto general de la Naci\u00f3n\u201d, refiri\u00e9ndose a las RAP. Es importante lo que define el art\u00edculo 30\u00b0 \u201cLa Naci\u00f3n podr\u00e1 cofinanciar proyectos estrat\u00e9gicos de las regiones administrativas y de planificaci\u00f3n, previo cumplimiento de los requisitos y condiciones previstos en la normativa vigente\u201d.<\/p>\n<p>En este sentido, la diferencia m\u00e1s crucial de las RAP y las RET es que las primeras se tienen que financiar con recursos propios aportados por los entes territoriales que la integran, mientras que la segunda, como ente territorial, ya tendr\u00eda partidas de las transferencias nacionales del llamado Sistema General de Participaciones. Es clave advertir que las graves problem\u00e1ticas de toda \u00edndole que padecen los m\u00e1s de diez millones de habitantes de la Regi\u00f3n Caribe no van a desaparecer por la simple constituci\u00f3n de este nuevo ordenamiento territorial, ya que su origen est\u00e1 en las pol\u00edticas oficiales que han lacerado el progreso social desde anta\u00f1o, pero principalmente desde las \u00faltimas tres d\u00e9cadas cuando se entroniz\u00f3 el libre comercio o neoliberalismo. Hay que echar atr\u00e1s este modelo si queremos enrutar las fuerzas productivas de la industria, el agro y el comercio hacia un desarrollo que genere empleo digno y calidad de vida.<\/p>\n<p><strong>Soluci\u00f3n integral a la crisis estructural del servicio el\u00e9ctrico<\/strong><\/p>\n<p>Urge que la RAP Caribe se apersone en la b\u00fasqueda de soluciones al p\u00e9simo servicio que presta Electricaribe. Hace 50 a\u00f1os se constituy\u00f3 la Corporaci\u00f3n El\u00e9ctrica de la Costa, Corelca, empresa estatal que interven\u00eda en toda la cadena y que sustent\u00f3 la construcci\u00f3n de la infraestructura el\u00e9ctrica de la regi\u00f3n, pero que fue liquidada y privatizada al igual que las siete electrificadoras de la Costa. Hoy, con Electricaribe, estamos viendo las consecuencias.<\/p>\n<p>La espa\u00f1ola Gas Natural Fenosa, accionista mayoritaria de Electricaribe desde el a\u00f1o 2000, fue un fracaso total. En vez de realizar las inversiones requeridas para mejorar la obsoleta infraestructura, hizo todo lo contrario, porque desmantel\u00f3 miles de kil\u00f3metros de redes de cobre para venderlos en Europa y las reemplaz\u00f3 por redes de aluminio de mala calidad que no resisten la poluci\u00f3n y salinidad de la Costa. Pero adem\u00e1s, seg\u00fan denuncias de la Contralor\u00eda General de la Rep\u00fablica, Gas Natural Fenosa desfalc\u00f3 los recursos p\u00fablicos de los programas de normalizaci\u00f3n de redes (Prone) y electrificaci\u00f3n rural (Faer), se apropi\u00f3 indebidamente de cuantiosos subsidios FOES y dej\u00f3 de reportar 350.000 horas de interrupciones del fluido el\u00e9ctrico, seg\u00fan lo denunci\u00f3 la Superservicios. Estos saqueos del erario pueden superar los 600.000 millones de pesos, por lo que es un exabrupto insinuar que esta empresa regrese a la Costa como si nada hubiera sucedido, seg\u00fan lo ha sugerido el interventor Javier Lastra en La Rep\u00fablica.<\/p>\n<p>Todas las fuerzas vivas de la regi\u00f3n, unidas con la RAP Caribe, debemos exigirle al Gobierno nacional una soluci\u00f3n real a la crisis estructural del servicio el\u00e9ctrico, de preferencia mediante grandes inversiones oficiales con aportes de la Naci\u00f3n, los Departamentos, los Distritos y las ciudades capitales. La Regi\u00f3n Caribe merece tener un servicio adecuado con precios razonables y que sustente la calidad de vida de la poblaci\u00f3n y \u00f3ptimas condiciones para el sector productivo.<\/p>\n","protected":false},"excerpt":{"rendered":"<p>Norman Alarc\u00f3n Rodas, Barranquilla, octubre 30 de 2017 El 19 de octubre pasado se constituy\u00f3 oficialmente en Barranquilla la Regi\u00f3n Administrativa y de Planificaci\u00f3n RAP Caribe, la tercera en el pa\u00eds despu\u00e9s de la RAP Centro y la Pac\u00edfico, siguiendo los lineamientos de la Constituci\u00f3n Pol\u00edtica de 1991. Es saludable para la opini\u00f3n p\u00fablica conocer, [&hellip;]<\/p>\n","protected":false},"author":1,"featured_media":13674,"comment_status":"open","ping_status":"open","sticky":false,"template":"","format":"standard","meta":{"advanced_seo_description":"","jetpack_seo_html_title":"","jetpack_seo_noindex":false,"_jetpack_memberships_contains_paid_content":false,"footnotes":""},"categories":[102,97,98],"tags":[],"class_list":["post-13673","post","type-post","status-publish","format-standard","has-post-thumbnail","hentry","category-economia","category-imperialismo-y-neoliberalismo","category-politica"],"jetpack_featured_media_url":"https:\/\/i0.wp.com\/moir.com.co\/web\/wp-content\/uploads\/2017\/10\/rapcaribe.jpeg?fit=279%2C181&ssl=1","jetpack-related-posts":[{"id":15150,"url":"https:\/\/moir.com.co\/web\/sergio-fajardo-la-sorpresa-en-la-region-caribe\/","url_meta":{"origin":13673,"position":0},"title":"Sergio Fajardo: la sorpresa en la Regi\u00f3n Caribe","author":"admin","date":"mayo 23, 2018","format":false,"excerpt":"Norman Alarc\u00f3n Rodas, Barranquilla, mayo 23 de 2018 Entramos al \u00faltimo kil\u00f3metro de la cuesta final de la campa\u00f1a que definir\u00e1 a los dos finalistas en la contienda por la Presidencia de la Rep\u00fablica el domingo 27 de mayo, los dos que pasar\u00e1n a la segunda vuelta el domingo 17\u2026","rel":"","context":"En \u00abImperialismo y Neoliberalismo\u00bb","block_context":{"text":"Imperialismo y Neoliberalismo","link":"https:\/\/moir.com.co\/web\/category\/temas\/imperialismo-y-neoliberalismo\/"},"img":{"alt_text":"","src":"https:\/\/i0.wp.com\/moir.com.co\/web\/wp-content\/uploads\/2018\/04\/fajardopresidente.png?fit=390%2C390&ssl=1&resize=350%2C200","width":350,"height":200},"classes":[]},{"id":16616,"url":"https:\/\/moir.com.co\/web\/alerta-por-inminente-alza-de-tarifas-electricas-en-la-costa-usuarios-a-pagar-mas-de-1-billon-por-prestamo-de-735-000-millones-via-tarifasalerta-por-inminente-alza-de-tarifas-electricas-en-la-costa\/","url_meta":{"origin":13673,"position":1},"title":"Alerta por inminente alza de tarifas el\u00e9ctricas en la Costa: usuarios a pagar m\u00e1s de $1 bill\u00f3n por  pr\u00e9stamo de $735.000 millones v\u00eda tarifas","author":"admin","date":"diciembre 15, 2018","format":false,"excerpt":"Barranquilla, diciembre 14 de 2018 Lo peor que se tem\u00eda en cuanto a que el Gobierno del Presidente Iv\u00e1n Duque le iba a descargar la crisis el\u00e9ctrica en la Regi\u00f3n Caribe a los usuarios de los siete departamentos es un hecho al conocerse el contenido del Conpes 3933 del 5\u2026","rel":"","context":"En \u00abEconom\u00eda\u00bb","block_context":{"text":"Econom\u00eda","link":"https:\/\/moir.com.co\/web\/category\/temas\/economia\/"},"img":{"alt_text":"","src":"https:\/\/i0.wp.com\/moir.com.co\/web\/wp-content\/uploads\/2017\/07\/electricaribe5.jpg?fit=599%2C353&ssl=1&resize=350%2C200","width":350,"height":200,"srcset":"https:\/\/i0.wp.com\/moir.com.co\/web\/wp-content\/uploads\/2017\/07\/electricaribe5.jpg?fit=599%2C353&ssl=1&resize=350%2C200 1x, https:\/\/i0.wp.com\/moir.com.co\/web\/wp-content\/uploads\/2017\/07\/electricaribe5.jpg?fit=599%2C353&ssl=1&resize=525%2C300 1.5x"},"classes":[]},{"id":8000,"url":"https:\/\/moir.com.co\/web\/empeora-la-subnormalidad-electrica-en-la-costa-atlantica-se-requiere-voluntad-del-gobierno-para-un-plan-de-mejoramiento\/","url_meta":{"origin":13673,"position":2},"title":"Empeora la subnormalidad el\u00e9ctrica en la costa atl\u00e1ntica. Se requiere voluntad del gobierno para un plan de mejoramiento","author":"admin","date":"octubre 20, 2013","format":false,"excerpt":"El tema de la deplorable situaci\u00f3n el\u00e9ctrica de la Costa Atl\u00e1ntica ha quedado insertada en la agenda de la pol\u00edtica p\u00fablica en las \u00faltimas semanas. El debate en la comisi\u00f3n quinta del Senado, las reuniones del gobierno con autoridades de la regi\u00f3n y Electricaribe, la visita del senador Jorge Robledo\u2026","rel":"","context":"En \u00abPronunciamientos de Organizaciones Sociales\u00bb","block_context":{"text":"Pronunciamientos de Organizaciones Sociales","link":"https:\/\/moir.com.co\/web\/category\/pronunciamientos-de-organizaciones-sociales\/"},"img":{"alt_text":"","src":"","width":0,"height":0},"classes":[]},{"id":9021,"url":"https:\/\/moir.com.co\/web\/senador-jorge-robledo-en-barranquilla-jueves-22-de-enero\/","url_meta":{"origin":13673,"position":3},"title":"Senador Jorge Robledo en Barranquilla jueves 22 de enero","author":"admin","date":"enero 20, 2015","format":false,"excerpt":"El senador Jorge Enrique Robledo Castillo estar\u00e1 presente en Barranquilla el pr\u00f3ximo jueves 22 de enero para cumplir una variada agenda de trabajo. En primer lugar el senador polista de oposici\u00f3n disertar\u00e1 en el 1\u00b0 Foro sobre Trabajo Decente y Di\u00e1logo Social en las Industrias de la Construcci\u00f3n, los Materiales\u2026","rel":"","context":"En \u00abTemas\u00bb","block_context":{"text":"Temas","link":"https:\/\/moir.com.co\/web\/category\/temas\/"},"img":{"alt_text":"","src":"","width":0,"height":0},"classes":[]},{"id":16550,"url":"https:\/\/moir.com.co\/web\/ecos-de-la-audiencia-publica-sobre-electricaribe-en-barranquilla-dos-posiciones-opuestas-operador-publico-o-privado\/","url_meta":{"origin":13673,"position":4},"title":"Ecos de la Audiencia P\u00fablica sobre Electricaribe en Barranquilla: Dos posiciones opuestas: Operador p\u00fablico o privado","author":"admin","date":"diciembre 5, 2018","format":false,"excerpt":"Norman Alarc\u00f3n Rodas, Barranquilla, diciembre 5 de 2018 No tiene antecedentes la importancia y envergadura de la Audiencia P\u00fablica sobre la crisis el\u00e9ctrica de la Costa Atl\u00e1ntica convocada por las bancadas alternativas del Congreso de la Rep\u00fablica y realizada en Barranquilla el pasado s\u00e1bado primero de diciembre. Este es el\u2026","rel":"","context":"En \u00abEconom\u00eda\u00bb","block_context":{"text":"Econom\u00eda","link":"https:\/\/moir.com.co\/web\/category\/temas\/economia\/"},"img":{"alt_text":"","src":"https:\/\/i0.wp.com\/moir.com.co\/web\/wp-content\/uploads\/2018\/08\/electricariberobledodebate2018.png?fit=768%2C459&ssl=1&resize=350%2C200","width":350,"height":200,"srcset":"https:\/\/i0.wp.com\/moir.com.co\/web\/wp-content\/uploads\/2018\/08\/electricariberobledodebate2018.png?fit=768%2C459&ssl=1&resize=350%2C200 1x, https:\/\/i0.wp.com\/moir.com.co\/web\/wp-content\/uploads\/2018\/08\/electricariberobledodebate2018.png?fit=768%2C459&ssl=1&resize=525%2C300 1.5x, https:\/\/i0.wp.com\/moir.com.co\/web\/wp-content\/uploads\/2018\/08\/electricariberobledodebate2018.png?fit=768%2C459&ssl=1&resize=700%2C400 2x"},"classes":[]},{"id":15895,"url":"https:\/\/moir.com.co\/web\/comite-de-unidad-contra-alzas-en-energia-de-la-costa-atlantica\/","url_meta":{"origin":13673,"position":5},"title":"Comit\u00e9 de Unidad contra alzas en energ\u00eda de la Costa Atl\u00e1ntica","author":"admin","date":"septiembre 11, 2018","format":false,"excerpt":"Barranquilla, septiembre 10 de 2018 Como pocas veces en la historia de la Regi\u00f3n Caribe ha venido tomando fuerza la unificaci\u00f3n de los m\u00e1s diversos sectores sociales, comunales, sindicales, gremiales y pol\u00edticos en rechazo a la determinaci\u00f3n del Gobierno Nacional (saliente y entrante) de elevar las tarifas de la energ\u00eda\u2026","rel":"","context":"En \u00abEconom\u00eda\u00bb","block_context":{"text":"Econom\u00eda","link":"https:\/\/moir.com.co\/web\/category\/temas\/economia\/"},"img":{"alt_text":"","src":"","width":0,"height":0},"classes":[]}],"jetpack_sharing_enabled":true,"_links":{"self":[{"href":"https:\/\/moir.com.co\/web\/wp-json\/wp\/v2\/posts\/13673","targetHints":{"allow":["GET"]}}],"collection":[{"href":"https:\/\/moir.com.co\/web\/wp-json\/wp\/v2\/posts"}],"about":[{"href":"https:\/\/moir.com.co\/web\/wp-json\/wp\/v2\/types\/post"}],"author":[{"embeddable":true,"href":"https:\/\/moir.com.co\/web\/wp-json\/wp\/v2\/users\/1"}],"replies":[{"embeddable":true,"href":"https:\/\/moir.com.co\/web\/wp-json\/wp\/v2\/comments?post=13673"}],"version-history":[{"count":1,"href":"https:\/\/moir.com.co\/web\/wp-json\/wp\/v2\/posts\/13673\/revisions"}],"predecessor-version":[{"id":13675,"href":"https:\/\/moir.com.co\/web\/wp-json\/wp\/v2\/posts\/13673\/revisions\/13675"}],"wp:featuredmedia":[{"embeddable":true,"href":"https:\/\/moir.com.co\/web\/wp-json\/wp\/v2\/media\/13674"}],"wp:attachment":[{"href":"https:\/\/moir.com.co\/web\/wp-json\/wp\/v2\/media?parent=13673"}],"wp:term":[{"taxonomy":"category","embeddable":true,"href":"https:\/\/moir.com.co\/web\/wp-json\/wp\/v2\/categories?post=13673"},{"taxonomy":"post_tag","embeddable":true,"href":"https:\/\/moir.com.co\/web\/wp-json\/wp\/v2\/tags?post=13673"}],"curies":[{"name":"wp","href":"https:\/\/api.w.org\/{rel}","templated":true}]}}