{"id":13666,"date":"2017-10-30T15:38:17","date_gmt":"2017-10-30T15:38:17","guid":{"rendered":"https:\/\/moir.org.co\/web\/?p=13666"},"modified":"2017-10-30T15:38:17","modified_gmt":"2017-10-30T15:38:17","slug":"ni-pagando-tenemos-salud","status":"publish","type":"post","link":"https:\/\/moir.com.co\/web\/ni-pagando-tenemos-salud\/","title":{"rendered":"Ni pagando tenemos salud"},"content":{"rendered":"<p><strong>Libardo G\u00f3mez S\u00e1nchez, Neiva, octubre 30 de 2017<\/strong><\/p>\n<p>El desastroso modelo de salud que se impuso en Colombia, a trav\u00e9s de la ley 100 de 1993, cuyo ponente en ese momento \u00a0fue el senador \u00c1lvaro Uribe V\u00e9lez y que permanece gracias a la oposici\u00f3n del actual gobierno a derogarla, como han propuesto sectores de la comunidad m\u00e9dica, los congresistas del Polo Democr\u00e1tico y asociaciones de usuarios de salud, se ha convertido en una pesadilla, en la que a pesar de que los usuarios mensualmente cumplimos con el pago del Plan Obligatorio de Salud, ya no recibimos el servicio, o nos lo suministran a medias o nos lo birlan mediante estrategias de desgaste, envi\u00e1ndonos a un lugar u otro y aplazando consultas, procedimientos y entrega de medicamentos, una y otra vez, hasta agotar la paciencia y optando por dejar la cosa as\u00ed exhaustos de los gastos y el tiempo perdidos.<\/p>\n<p>El sistema actual a los \u00fanicos que beneficia, es a los due\u00f1os de las EPS y a uno que otro contratista como el ex fiscal general Eduardo Montealegre, la esposa del actual ministro de Salud, el hermano de Germ\u00e1n Vargas Lleras y otros miembros cercanos a las familias que siempre han gobernado, que han gozado de contratos millonarios con las EPS para pagar los favores de las normas en su provecho.<\/p>\n<p>Los profesionales de la salud, los empresarios independientes que han montado cl\u00ednicas, centros de atenci\u00f3n en salud, todos han terminado perjudicados porque las condiciones laborales que les imponen a los primeros son ignominiosas y a los segundos han terminado quebr\u00e1ndolos con el impago de sus servicios y en muchos casos recogi\u00e9ndoles por centavos sus inversiones.<\/p>\n<p>Ahora el resultado para quienes requerimos la atenci\u00f3n en salud no puede ser m\u00e1s desastroso, la prevenci\u00f3n es m\u00ednima por no decir que inexistente, al punto que comienzan nuevamente a parecer endemias que se supon\u00edan controladas como la tuberculosis y el polio; la soluci\u00f3n a temas de salud rutinarios son un viacrucis y el cuidado a los problemas de enfermedades catastr\u00f3ficas, pr\u00e1cticamente \u00a0se convirti\u00f3 en un asunto legal de tutelas y reclamaciones que se resuelven cuando el paciente ya no es de este mundo.<\/p>\n<p>El senador Jorge Enrique Robledo ha convocado una Audiencia P\u00fablica sobre este tema, en el recinto del Congreso con la consigna:\u201dNo mas EPS\u201d aludiendo a la importancia de cambiar la pol\u00edtica ofreciendo un servicio p\u00fablico consistente en salud sin descartar la oferta privada, pero con el manejo de los recursos por parte del Estado y no de los linces de las finanzas.<\/p>\n","protected":false},"excerpt":{"rendered":"<p>Libardo G\u00f3mez S\u00e1nchez, Neiva, octubre 30 de 2017 El desastroso modelo de salud que se impuso en Colombia, a trav\u00e9s de la ley 100 de 1993, cuyo ponente en ese momento \u00a0fue el senador \u00c1lvaro Uribe V\u00e9lez y que permanece gracias a la oposici\u00f3n del actual gobierno a derogarla, como han propuesto sectores de la [&hellip;]<\/p>\n","protected":false},"author":1,"featured_media":13667,"comment_status":"open","ping_status":"open","sticky":false,"template":"","format":"standard","meta":{"advanced_seo_description":"","jetpack_seo_html_title":"","jetpack_seo_noindex":false,"_jetpack_memberships_contains_paid_content":false,"footnotes":""},"categories":[80,102,97,98,96],"tags":[],"class_list":["post-13666","post","type-post","status-publish","format-standard","has-post-thumbnail","hentry","category-debate-salud","category-economia","category-imperialismo-y-neoliberalismo","category-politica","category-salud-y-pensiones"],"jetpack_featured_media_url":"https:\/\/i0.wp.com\/moir.com.co\/web\/wp-content\/uploads\/2017\/10\/EPS2.jpg?fit=320%2C157&ssl=1","jetpack-related-posts":[{"id":8050,"url":"https:\/\/moir.com.co\/web\/el-reclamo-de-las-batas-blancas\/","url_meta":{"origin":13666,"position":0},"title":"El reclamo de las Batas Blancas","author":"admin","date":"noviembre 10, 2013","format":false,"excerpt":"n medio de miles de batas blancas y sombrillas que proteg\u00edan a los manifestantes de la lluvia, desde la tribuna montada en la plaza de Bol\u00edvar y acompa\u00f1ada por su peque\u00f1o hijo afectado por un c\u00e1ncer una madre que representaba a los enfermos que no son atendidos por causa de\u2026","rel":"","context":"En \u00abTemas\u00bb","block_context":{"text":"Temas","link":"https:\/\/moir.com.co\/web\/category\/temas\/"},"img":{"alt_text":"","src":"","width":0,"height":0},"classes":[]},{"id":5642,"url":"https:\/\/moir.com.co\/web\/por-la-eliminacion-de-las-eps-contra-la-corrupcion-y-por-la-salud-como-derecho-fundamental-a-la-calle\/","url_meta":{"origin":13666,"position":1},"title":"Por la eliminaci\u00f3n de las EPS, contra la Corrupci\u00f3n  y por la Salud como Derecho Fundamental \u00a1A la Calle!","author":"admin","date":"mayo 22, 2011","format":false,"excerpt":"La situaci\u00f3n de la salud en Caldas no puede ser peor. El Hospital Infantil atraviesa una profunda crisis y sus propietarios lo sacan a venta lo que no quiere decir que salga de la crisis. Assbasalud y la Cl\u00ednica Manizales-Caprecom le deben dos meses de salarios a sus trabajadores, al\u2026","rel":"","context":"En \u00abPronunciamientos de Organizaciones Sociales\u00bb","block_context":{"text":"Pronunciamientos de Organizaciones Sociales","link":"https:\/\/moir.com.co\/web\/category\/pronunciamientos-de-organizaciones-sociales\/"},"img":{"alt_text":"","src":"","width":0,"height":0},"classes":[]},{"id":5103,"url":"https:\/\/moir.com.co\/web\/uribo-santismo-revive-decretos-de-la-emergencia-social\/","url_meta":{"origin":13666,"position":2},"title":"Uribo-Santismo revive decretos de la emergencia social","author":"admin","date":"diciembre 7, 2010","format":false,"excerpt":"La reforma aprobada por la Plenaria del Senado empeora la salud de los colombianos para enriquecer a los negociantes. La bancada del Polo Democr\u00e1tico Alternativo vot\u00f3 negativamente la ley ordinaria que reforma el sistema de salud. Los parlamentarios polistas se\u00f1alaron que el proyecto ahonda la mercantilizaci\u00f3n de un derecho esencial\u2026","rel":"","context":"En \u00abJorge Enrique Robledo\u00bb","block_context":{"text":"Jorge Enrique Robledo","link":"https:\/\/moir.com.co\/web\/category\/jorge-enrique-robledo\/"},"img":{"alt_text":"","src":"","width":0,"height":0},"classes":[]},{"id":4805,"url":"https:\/\/moir.com.co\/web\/convocatoria-a-una-movilizacion-nacional-por-la-defensa-de-la-salud-como-derecho-fundamental\/","url_meta":{"origin":13666,"position":3},"title":"Convocatoria a una Movilizaci\u00f3n Nacional: Por la defensa de la salud como derecho fundamental","author":"admin","date":"septiembre 19, 2010","format":false,"excerpt":"MOVILIZACION NACIONAL (6 DE 0CTUBRE DE 2010) POR LA DEFENSA DE LA SALUD COMO DERECHO FUNDAMENTAL CONVOCATORIA LA SALUD COMO DERECHO FUNDAMENTAL EST\u00c1 A PUNTO DE DESAPARECER; LOS HOSPITALES AGONIZAN; LA GRAVEDAD DE LA CRISIS ES INSOSTENIBLE; LA VORACIDAD DE LOS INTERMEDIARIOS NO TIENE LIMITES; CRECEN LAS BARRERAS DE ACCESO\u2026","rel":"","context":"En \u00abPronunciamientos de Organizaciones Sociales\u00bb","block_context":{"text":"Pronunciamientos de Organizaciones Sociales","link":"https:\/\/moir.com.co\/web\/category\/pronunciamientos-de-organizaciones-sociales\/"},"img":{"alt_text":"","src":"","width":0,"height":0},"classes":[]},{"id":9515,"url":"https:\/\/moir.com.co\/web\/la-salud-de-mal-en-peor\/","url_meta":{"origin":13666,"position":4},"title":"La salud: de mal en peor","author":"admin","date":"julio 16, 2015","format":false,"excerpt":"El sistema de salud colombiano, est\u00e1 haciendo agua por todos sus poros, que son infinitos. La ley 100 y sus modificaciones posteriores, han afianzado el sistema de aseguramiento de las EPS, un mecanismo de intermediaci\u00f3n perverso e ineficiente para los usuarios, a la vez que, una fuente de enriquecimiento para\u2026","rel":"","context":"En \u00abTemas\u00bb","block_context":{"text":"Temas","link":"https:\/\/moir.com.co\/web\/category\/temas\/"},"img":{"alt_text":"","src":"","width":0,"height":0},"classes":[]},{"id":8684,"url":"https:\/\/moir.com.co\/web\/dependiendo-de-las-explicaciones-en-el-debate-de-la-salud-pedire-renuncias-robledo\/","url_meta":{"origin":13666,"position":5},"title":"\u201cDependiendo de las explicaciones en el debate de la salud, pedir\u00e9 renuncias\u201d: Robledo","author":"admin","date":"agosto 31, 2014","format":false,"excerpt":"Durante la intervenci\u00f3n del gobierno, Saludcoop se ha gastado $238 mil millones en inversiones que no tienen que ver con la salud. La suma puede ser mayor El senador Jorge Enrique Robledo anunci\u00f3 que en el debate del martes demostrar\u00e1 que, durante la intervenci\u00f3n del gobierno a Salucoop, la EPS\u2026","rel":"","context":"En \u00abJorge Enrique Robledo\u00bb","block_context":{"text":"Jorge Enrique Robledo","link":"https:\/\/moir.com.co\/web\/category\/jorge-enrique-robledo\/"},"img":{"alt_text":"","src":"","width":0,"height":0},"classes":[]}],"jetpack_sharing_enabled":true,"_links":{"self":[{"href":"https:\/\/moir.com.co\/web\/wp-json\/wp\/v2\/posts\/13666","targetHints":{"allow":["GET"]}}],"collection":[{"href":"https:\/\/moir.com.co\/web\/wp-json\/wp\/v2\/posts"}],"about":[{"href":"https:\/\/moir.com.co\/web\/wp-json\/wp\/v2\/types\/post"}],"author":[{"embeddable":true,"href":"https:\/\/moir.com.co\/web\/wp-json\/wp\/v2\/users\/1"}],"replies":[{"embeddable":true,"href":"https:\/\/moir.com.co\/web\/wp-json\/wp\/v2\/comments?post=13666"}],"version-history":[{"count":1,"href":"https:\/\/moir.com.co\/web\/wp-json\/wp\/v2\/posts\/13666\/revisions"}],"predecessor-version":[{"id":13668,"href":"https:\/\/moir.com.co\/web\/wp-json\/wp\/v2\/posts\/13666\/revisions\/13668"}],"wp:featuredmedia":[{"embeddable":true,"href":"https:\/\/moir.com.co\/web\/wp-json\/wp\/v2\/media\/13667"}],"wp:attachment":[{"href":"https:\/\/moir.com.co\/web\/wp-json\/wp\/v2\/media?parent=13666"}],"wp:term":[{"taxonomy":"category","embeddable":true,"href":"https:\/\/moir.com.co\/web\/wp-json\/wp\/v2\/categories?post=13666"},{"taxonomy":"post_tag","embeddable":true,"href":"https:\/\/moir.com.co\/web\/wp-json\/wp\/v2\/tags?post=13666"}],"curies":[{"name":"wp","href":"https:\/\/api.w.org\/{rel}","templated":true}]}}