{"id":13663,"date":"2017-10-30T15:22:17","date_gmt":"2017-10-30T15:22:17","guid":{"rendered":"https:\/\/moir.org.co\/web\/?p=13663"},"modified":"2017-10-30T15:22:17","modified_gmt":"2017-10-30T15:22:17","slug":"derrotar-la-corrupcion-y-la-impunidad","status":"publish","type":"post","link":"https:\/\/moir.com.co\/web\/derrotar-la-corrupcion-y-la-impunidad\/","title":{"rendered":"Derrotar la corrupci\u00f3n y la impunidad"},"content":{"rendered":"<p><strong>Jos\u00e9 Arlex Arias, Cartagena, octubre 30 de 2017<\/strong><\/p>\n<p>Los colombianos deber\u00edamos ser agradecidos con los personajes que han luchado por derrotar flagelos tan criminales como la corrupci\u00f3n y la impunidad. Fueron muchas las maniobras que se fraguaron en el Senado para impedir el debate que el 17 de este mes realizaron los congresistas Jorge Robledo y Claudia L\u00f3pez, que tuvo al menos tres aplazamientos. Unidad Nacional, Cambio Radical y el Centro Democr\u00e1tico quisieron impedir ese debate porque lo que finalmente se\u00f1alaron Robledo y L\u00f3pez los puso en la &#8220;picota p\u00fablica&#8221;, al demostrar la ilegalidad de las campa\u00f1as presidenciales de Santos de 2010 y 2014, que fueron financiadas con dineros de la multinacional Odebrecht, lo cual est\u00e1n dejando prescribir en medio de la impunidad; igual se hizo con la campa\u00f1a de 2014 de Oscar Iv\u00e1n Zuluaga, del Centro Democr\u00e1tico, que el Consejo Nacional Electoral, con el objetivo de absolverlo, no recogi\u00f3 las pruebas. El peri\u00f3dico El Tiempo public\u00f3: &#8220;la declaraci\u00f3n del publicista brasile\u00f1o Eduardo Duda Mendon\u00e7a, en el sentido de haber recibido U$1,6 millones de Odebrecht para asesorar la campa\u00f1a uribista de 2014, no ha sido homologada. Mendon\u00e7a dio su declaraci\u00f3n ante la Polic\u00eda Federal de Brasil y no\u00a0ante el Ministerio P\u00fablico, que es el \u00f3rgano competente&#8221;. El Tiempo dijo que\u00a0&#8220;nunca se concretaron las citas entre las autoridades colombianas y el publicista brasile\u00f1o.\u00a0En mayo pasado\u00a0la defensa de Mendon\u00e7a le pidi\u00f3 a la fiscal\u00eda colombiana un cuestionario, pero este nunca fue enviado&#8221;.<\/p>\n<p>&nbsp;<\/p>\n<p>El debate ubic\u00f3 responsabilidades en los casos de Odebrecht y del Cartel de las Togas. Robledo pidi\u00f3 &#8220;investigar los sobornos del Consorcio Ruta del Sol II en la licitaci\u00f3n de la v\u00eda Oca\u00f1a-Gamarra (Odebrecht y Episol \u2013filial de Corficolombiana\u2013) en los gobiernos de Uribe y Santos por 40 millones de d\u00f3lares; el contrato Navelena-Odebrecht, donde actuaron los mismos sindicados y la plata se us\u00f3 para la campa\u00f1a Santos de 2014; y el pr\u00e9stamo de $120 mil millones del Banco Agrario que viol\u00f3 las normas y favoreci\u00f3 al Grupo Aval (Banco de Occidente y Corficolombiana), en el cual la Fiscal\u00eda y la Superfinanciera no investigan a la Junta del Banco Agrario ni a Aval. El fiscal N\u00e9stor Humberto Mart\u00ednez fue contratista de Navelena-Odebrecht y del Consorcio de la Ruta del Sol II y emiti\u00f3 el concepto que le dio apariencia de legalidad a Oca\u00f1a-Gamarra. Adem\u00e1s, tramit\u00f3 un contrato ilegal de estabilidad jur\u00eddica que le mejor\u00f3 las condiciones al Consorcio Ruta del Sol II. En esa operaci\u00f3n hubo un soborno de $4 mil millones que fue a dar a la campa\u00f1a de Santos 2014, en donde Germ\u00e1n Vargas comand\u00f3 la segunda vuelta en el Caribe y acord\u00f3 su financiaci\u00f3n. El senador \u201c\u00d1o\u00f1o\u201d El\u00edas confes\u00f3 que la plata de Odebrecht se us\u00f3 para financiar la campa\u00f1a de Santos del 2014, en la que Mart\u00ednez Neira recaud\u00f3 grandes fondos&#8221;.<\/p>\n<p>&nbsp;<\/p>\n<p>Por lo anterior y por su participaci\u00f3n en el Cartel de las Togas \u2013pues, al parecer de Robledo, Mart\u00ednez trabaj\u00f3 con el procesado exmagistrado Leonidas Bustos\u2013, Robledo pidi\u00f3 la renuncia y una investigaci\u00f3n al fiscal general, N\u00e9stor Humberto Mart\u00ednez; as\u00ed mismo, Robledo concluy\u00f3 que existe un pacto de impunidad y anunci\u00f3 que por falta de garant\u00edas &#8220;llevaremos el caso a la Comisi\u00f3n Interamericana de Derechos Humanos&#8221;. La corrupci\u00f3n y la impunidad es un pacto criminal que nos somete a la miseria y acaba con la democracia. \u00a1Contra el pacto de impunidad: movilizaci\u00f3n nacional!<\/p>\n","protected":false},"excerpt":{"rendered":"<p>Jos\u00e9 Arlex Arias, Cartagena, octubre 30 de 2017 Los colombianos deber\u00edamos ser agradecidos con los personajes que han luchado por derrotar flagelos tan criminales como la corrupci\u00f3n y la impunidad. Fueron muchas las maniobras que se fraguaron en el Senado para impedir el debate que el 17 de este mes realizaron los congresistas Jorge Robledo [&hellip;]<\/p>\n","protected":false},"author":1,"featured_media":13430,"comment_status":"open","ping_status":"open","sticky":false,"template":"","format":"standard","meta":{"advanced_seo_description":"","jetpack_seo_html_title":"","jetpack_seo_noindex":false,"_jetpack_memberships_contains_paid_content":false,"footnotes":""},"categories":[102,97,98],"tags":[],"class_list":["post-13663","post","type-post","status-publish","format-standard","has-post-thumbnail","hentry","category-economia","category-imperialismo-y-neoliberalismo","category-politica"],"jetpack_featured_media_url":"https:\/\/i0.wp.com\/moir.com.co\/web\/wp-content\/uploads\/2017\/10\/Odebrechtrobledo.jpg?fit=360%2C240&ssl=1","jetpack-related-posts":[{"id":13584,"url":"https:\/\/moir.com.co\/web\/debate-contra-la-corrupcion-y-la-impunidad\/","url_meta":{"origin":13663,"position":0},"title":"Debate contra la corrupci\u00f3n y la impunidad","author":"admin","date":"octubre 23, 2017","format":false,"excerpt":"Antonio Jos\u00e9 Guti\u00e9rrez Blanco, Armenia, octubre 22 de 2017 \"Luego de las exposiciones de los dos citantes, se produjo la manguala entre los partidos de la unidad nacional, el centro democr\u00e1tico y cambio radical\"... El martes 17 de octubre por fin, despu\u00e9s de haberse aplazado tres veces por quienes manejan\u2026","rel":"","context":"En \u00abEconom\u00eda\u00bb","block_context":{"text":"Econom\u00eda","link":"https:\/\/moir.com.co\/web\/category\/temas\/economia\/"},"img":{"alt_text":"","src":"https:\/\/i0.wp.com\/moir.com.co\/web\/wp-content\/uploads\/2017\/10\/corrupciontogacartel.jpg?fit=1200%2C1060&ssl=1&resize=350%2C200","width":350,"height":200,"srcset":"https:\/\/i0.wp.com\/moir.com.co\/web\/wp-content\/uploads\/2017\/10\/corrupciontogacartel.jpg?fit=1200%2C1060&ssl=1&resize=350%2C200 1x, https:\/\/i0.wp.com\/moir.com.co\/web\/wp-content\/uploads\/2017\/10\/corrupciontogacartel.jpg?fit=1200%2C1060&ssl=1&resize=525%2C300 1.5x, https:\/\/i0.wp.com\/moir.com.co\/web\/wp-content\/uploads\/2017\/10\/corrupciontogacartel.jpg?fit=1200%2C1060&ssl=1&resize=700%2C400 2x, https:\/\/i0.wp.com\/moir.com.co\/web\/wp-content\/uploads\/2017\/10\/corrupciontogacartel.jpg?fit=1200%2C1060&ssl=1&resize=1050%2C600 3x"},"classes":[]},{"id":13549,"url":"https:\/\/moir.com.co\/web\/colombianos-en-nuestras-manos-esta-derrotar-el-pacto-de-impunidad-y-corrupcion-en-el-poder-robledo\/","url_meta":{"origin":13663,"position":1},"title":"\u201cColombianos, en nuestras manos est\u00e1 derrotar el pacto de impunidad y corrupci\u00f3n en el poder\u201d: Robledo","author":"admin","date":"octubre 18, 2017","format":false,"excerpt":"Oficina de prensa del senador Jorge Enrique Robledo, Bogot\u00e1, octubre 17 de 2017 Bolet\u00edn de prensa Se acudir\u00e1 a la justicia internacional para garantizar que casos Odebrecht y Cartel de la Toga no queden en la impunidad. Procesos en los que influy\u00f3 Le\u00f3nidas Bustos se deben reabrir, incluido el de\u2026","rel":"","context":"En \u00abEconom\u00eda\u00bb","block_context":{"text":"Econom\u00eda","link":"https:\/\/moir.com.co\/web\/category\/temas\/economia\/"},"img":{"alt_text":"","src":"https:\/\/i0.wp.com\/moir.com.co\/web\/wp-content\/uploads\/2017\/10\/robledocorrupcion2017.png?fit=672%2C520&ssl=1&resize=350%2C200","width":350,"height":200,"srcset":"https:\/\/i0.wp.com\/moir.com.co\/web\/wp-content\/uploads\/2017\/10\/robledocorrupcion2017.png?fit=672%2C520&ssl=1&resize=350%2C200 1x, https:\/\/i0.wp.com\/moir.com.co\/web\/wp-content\/uploads\/2017\/10\/robledocorrupcion2017.png?fit=672%2C520&ssl=1&resize=525%2C300 1.5x"},"classes":[]},{"id":13547,"url":"https:\/\/moir.com.co\/web\/video-exposicion-principal-robledo-colombianos-derrotemos-el-pacto-de-corrupcion-e-impunidad\/","url_meta":{"origin":13663,"position":2},"title":"Video: Exposici\u00f3n principal. Robledo: \u00a1Colombianos, derrotemos el pacto de corrupci\u00f3n e impunidad!","author":"admin","date":"octubre 18, 2017","format":"video","excerpt":"Intervenci\u00f3n principal senador Jorge Enrique Robledo, plenaria del Senado, 17 de octubre de 2017","rel":"","context":"En \u00abEconom\u00eda\u00bb","block_context":{"text":"Econom\u00eda","link":"https:\/\/moir.com.co\/web\/category\/temas\/economia\/"},"img":{"alt_text":"","src":"","width":0,"height":0},"classes":[]},{"id":13427,"url":"https:\/\/moir.com.co\/web\/gran-debate-la-corrupcion-en-el-poder-martes-3-de-octubre-5-pm-por-tv\/","url_meta":{"origin":13663,"position":3},"title":"Gran debate La corrupci\u00f3n en el poder \u2013 MARTES 3 DE OCTUBRE, 5 PM POR TV","author":"admin","date":"octubre 3, 2017","format":false,"excerpt":"Oficina de prensa del senador Jorge Enrique Robledo, Bogot\u00e1, octubre 2 de 2017 Los casos de Odebrecht, fiscal anticorrupci\u00f3n corrupto y los sobornos desde la Corte Suprema de Justicia en debate citado por el senador Jorge Enrique Robledo y la senadora Claudia L\u00f3pez el martes 3 de octubre desde las\u2026","rel":"","context":"En \u00abImperialismo y Neoliberalismo\u00bb","block_context":{"text":"Imperialismo y Neoliberalismo","link":"https:\/\/moir.com.co\/web\/category\/temas\/imperialismo-y-neoliberalismo\/"},"img":{"alt_text":"","src":"https:\/\/i0.wp.com\/moir.com.co\/web\/wp-content\/uploads\/2017\/08\/robledoaftosa.jpg?fit=768%2C403&ssl=1&resize=350%2C200","width":350,"height":200,"srcset":"https:\/\/i0.wp.com\/moir.com.co\/web\/wp-content\/uploads\/2017\/08\/robledoaftosa.jpg?fit=768%2C403&ssl=1&resize=350%2C200 1x, https:\/\/i0.wp.com\/moir.com.co\/web\/wp-content\/uploads\/2017\/08\/robledoaftosa.jpg?fit=768%2C403&ssl=1&resize=525%2C300 1.5x, https:\/\/i0.wp.com\/moir.com.co\/web\/wp-content\/uploads\/2017\/08\/robledoaftosa.jpg?fit=768%2C403&ssl=1&resize=700%2C400 2x"},"classes":[]},{"id":14131,"url":"https:\/\/moir.com.co\/web\/robledo-denuncia-al-presidente-santos-y-al-fiscal-martinez-por-presuntos-delitos-cometidos-en-la-campana-santos-vargas-2014\/","url_meta":{"origin":13663,"position":4},"title":"Robledo denuncia al Presidente Santos y al Fiscal Mart\u00ednez por presuntos delitos cometidos en la campa\u00f1a Santos-Vargas 2014","author":"admin","date":"diciembre 19, 2017","format":false,"excerpt":"Oficina de prensa del senador Jorge Enrique Robledo, Bogot\u00e1, diciembre 19 de 2017 Que se investigue a Santos y a Mart\u00ednez en la Comisi\u00f3n de Acusaciones de la C\u00e1mara de Representantes por lavados de activos, cohecho, fraude procesal, entre otros presuntos delitos pide Robledo. Entre 4.000 y 8.000 millones de\u2026","rel":"","context":"En \u00abEconom\u00eda\u00bb","block_context":{"text":"Econom\u00eda","link":"https:\/\/moir.com.co\/web\/category\/temas\/economia\/"},"img":{"alt_text":"","src":"https:\/\/i0.wp.com\/moir.com.co\/web\/wp-content\/uploads\/2017\/12\/robledocacusaciones.jpeg?fit=768%2C432&ssl=1&resize=350%2C200","width":350,"height":200,"srcset":"https:\/\/i0.wp.com\/moir.com.co\/web\/wp-content\/uploads\/2017\/12\/robledocacusaciones.jpeg?fit=768%2C432&ssl=1&resize=350%2C200 1x, https:\/\/i0.wp.com\/moir.com.co\/web\/wp-content\/uploads\/2017\/12\/robledocacusaciones.jpeg?fit=768%2C432&ssl=1&resize=525%2C300 1.5x, https:\/\/i0.wp.com\/moir.com.co\/web\/wp-content\/uploads\/2017\/12\/robledocacusaciones.jpeg?fit=768%2C432&ssl=1&resize=700%2C400 2x"},"classes":[]},{"id":13846,"url":"https:\/\/moir.com.co\/web\/fajardo-lopez-y-robledo-llegan-a-la-capital-de-casanare-a-trabajar-juntos-para-derrotar-la-politiqueria\/","url_meta":{"origin":13663,"position":5},"title":"Fajardo, L\u00f3pez y Robledo llegan a la capital de Casanare a trabajar juntos para derrotar la politiquer\u00eda","author":"admin","date":"noviembre 17, 2017","format":false,"excerpt":"Oficina de prensa del senador y candidato presidencial del Polo Jorge Enrique Robledo, Bogot\u00e1, noviembre 17 de 2017 Los candidatos respaldan la candidatura de Leonardo Puentes a la alcald\u00eda de Yopal\u00a0 El Partido Alianza Verde, en cabeza de Claudia L\u00f3pez; el Polo Democr\u00e1tico Alternativo, representado por Jorge Robledo, y el\u2026","rel":"","context":"En \u00abEconom\u00eda\u00bb","block_context":{"text":"Econom\u00eda","link":"https:\/\/moir.com.co\/web\/category\/temas\/economia\/"},"img":{"alt_text":"","src":"https:\/\/i0.wp.com\/moir.com.co\/web\/wp-content\/uploads\/2017\/11\/yopalatipicas.jpeg?fit=768%2C646&ssl=1&resize=350%2C200","width":350,"height":200,"srcset":"https:\/\/i0.wp.com\/moir.com.co\/web\/wp-content\/uploads\/2017\/11\/yopalatipicas.jpeg?fit=768%2C646&ssl=1&resize=350%2C200 1x, https:\/\/i0.wp.com\/moir.com.co\/web\/wp-content\/uploads\/2017\/11\/yopalatipicas.jpeg?fit=768%2C646&ssl=1&resize=525%2C300 1.5x, https:\/\/i0.wp.com\/moir.com.co\/web\/wp-content\/uploads\/2017\/11\/yopalatipicas.jpeg?fit=768%2C646&ssl=1&resize=700%2C400 2x"},"classes":[]}],"jetpack_sharing_enabled":true,"_links":{"self":[{"href":"https:\/\/moir.com.co\/web\/wp-json\/wp\/v2\/posts\/13663","targetHints":{"allow":["GET"]}}],"collection":[{"href":"https:\/\/moir.com.co\/web\/wp-json\/wp\/v2\/posts"}],"about":[{"href":"https:\/\/moir.com.co\/web\/wp-json\/wp\/v2\/types\/post"}],"author":[{"embeddable":true,"href":"https:\/\/moir.com.co\/web\/wp-json\/wp\/v2\/users\/1"}],"replies":[{"embeddable":true,"href":"https:\/\/moir.com.co\/web\/wp-json\/wp\/v2\/comments?post=13663"}],"version-history":[{"count":1,"href":"https:\/\/moir.com.co\/web\/wp-json\/wp\/v2\/posts\/13663\/revisions"}],"predecessor-version":[{"id":13665,"href":"https:\/\/moir.com.co\/web\/wp-json\/wp\/v2\/posts\/13663\/revisions\/13665"}],"wp:featuredmedia":[{"embeddable":true,"href":"https:\/\/moir.com.co\/web\/wp-json\/wp\/v2\/media\/13430"}],"wp:attachment":[{"href":"https:\/\/moir.com.co\/web\/wp-json\/wp\/v2\/media?parent=13663"}],"wp:term":[{"taxonomy":"category","embeddable":true,"href":"https:\/\/moir.com.co\/web\/wp-json\/wp\/v2\/categories?post=13663"},{"taxonomy":"post_tag","embeddable":true,"href":"https:\/\/moir.com.co\/web\/wp-json\/wp\/v2\/tags?post=13663"}],"curies":[{"name":"wp","href":"https:\/\/api.w.org\/{rel}","templated":true}]}}