{"id":13641,"date":"2017-10-26T20:45:07","date_gmt":"2017-10-26T20:45:07","guid":{"rendered":"https:\/\/moir.org.co\/web\/?p=13641"},"modified":"2017-10-26T20:45:07","modified_gmt":"2017-10-26T20:45:07","slug":"queremos-que-exista-industria-en-colombia-robledo","status":"publish","type":"post","link":"https:\/\/moir.com.co\/web\/queremos-que-exista-industria-en-colombia-robledo\/","title":{"rendered":"\u00bfQueremos que exista industria en Colombia?: Robledo"},"content":{"rendered":"<p><strong>Oficina de prensa del senador Jorge Enrique Robledo, Bogot\u00e1, octubre 26 de 2017<\/strong><\/p>\n<h4>Textileros en v\u00eda de extinci\u00f3n<\/h4>\n<p>\u201c\u00bfQueremos que haya industria en Colombia?\u201d, se pregunt\u00f3 el senador Jorge Enrique Robledo al se\u00f1alar que si nuestras industrias se est\u00e1n quebrando, el deber m\u00ednimo de cualquier gobierno es revertir la situaci\u00f3n. Robledo tambi\u00e9n expres\u00f3 su respaldo a las movilizaciones de los empresarios de los textiles y las confecciones.<\/p>\n<p>Los textileros y los confeccionistas colombianos van rumbo a la extinci\u00f3n. \u00bfQu\u00e9 hacer para evitarlo?, esa es la cuesti\u00f3n. Robledo considera que hay dos opciones: o se sigue por la v\u00eda de m\u00e1s libre comercio, en el cual el contrabando juega un papel determinante, o se cambia la pol\u00edtica econ\u00f3mica. El gobierno Santos les dice a los industriales: esto es con TLC y ustedes tendr\u00e1n que someterse. Una salida hostil a la existencia de producci\u00f3n industrial en el pa\u00eds.<\/p>\n<h4><strong>TLC, la causa\u00a0<\/strong><\/h4>\n<p>A los textileros y confeccionistas hay que protegerlos. La competencia global no es justa. Los pa\u00edses asi\u00e1ticos tienen salarios diez veces inferiores a los colombianos y jornadas labores que duplican a la nacional. Deprimir los salarios no es la v\u00eda para superar los problemas y debe desistirse del disparate de tener un TLC con Panam\u00e1, pa\u00eds que es un portaaviones del comercio chino y el contrabando global.<\/p>\n<p>Robledo tambi\u00e9n explic\u00f3 que un gobierno preocupado por la suerte de nuestros productores deber\u00eda renegociar los TLC, elevar los aranceles a un nivel de conveniencia para todas las cadenas industriales, sancionar incluso penalmente el contrabando t\u00e9cnico, revisar y reducir las tarifas de la energ\u00eda el\u00e9ctrica, establecer tarifas de impuestos diferenciales e incentivar el mercado interno, todas medidas en beneficio del consumo nacional. El pa\u00eds debe propender por tener buenos negocios, de beneficio rec\u00edproco, con todos los pa\u00edses del mundo.<\/p>\n<div class=\"jetpack-video-wrapper\"><span class=\"embed-youtube\"><iframe class=\"youtube-player\" src=\"https:\/\/www.youtube.com\/embed\/MROTANROdoc?version=3&amp;rel=1&amp;fs=1&amp;autohide=2&amp;showsearch=0&amp;showinfo=1&amp;iv_load_policy=1&amp;wmode=transparent\" width=\"300\" height=\"150\" allowfullscreen=\"allowfullscreen\" data-ratio=\"0.609375\" data-width=\"640\" data-height=\"390\" data-mce-fragment=\"1\"><\/iframe><\/span><\/div>\n","protected":false},"excerpt":{"rendered":"<p>Oficina de prensa del senador Jorge Enrique Robledo, Bogot\u00e1, octubre 26 de 2017 Textileros en v\u00eda de extinci\u00f3n \u201c\u00bfQueremos que haya industria en Colombia?\u201d, se pregunt\u00f3 el senador Jorge Enrique Robledo al se\u00f1alar que si nuestras industrias se est\u00e1n quebrando, el deber m\u00ednimo de cualquier gobierno es revertir la situaci\u00f3n. Robledo tambi\u00e9n expres\u00f3 su respaldo [&hellip;]<\/p>\n","protected":false},"author":1,"featured_media":13642,"comment_status":"open","ping_status":"open","sticky":false,"template":"","format":"standard","meta":{"advanced_seo_description":"","jetpack_seo_html_title":"","jetpack_seo_noindex":false,"_jetpack_memberships_contains_paid_content":false,"footnotes":""},"categories":[102,97,4,98],"tags":[],"class_list":["post-13641","post","type-post","status-publish","format-standard","has-post-thumbnail","hentry","category-economia","category-imperialismo-y-neoliberalismo","category-jorge-enrique-robledo","category-politica"],"jetpack_featured_media_url":"https:\/\/i0.wp.com\/moir.com.co\/web\/wp-content\/uploads\/2017\/10\/industrialesprotesta2017.png?fit=424%2C564&ssl=1","jetpack-related-posts":[{"id":2362,"url":"https:\/\/moir.com.co\/web\/total-apoyo-al-foro-en-defensa-de-la-industria-textil-y-del-calzado-expresa-el-senador-robledo\/","url_meta":{"origin":13641,"position":0},"title":"TOTAL APOYO AL FORO EN DEFENSA DE LA INDUSTRIA TEXTIL Y DEL CALZADO EXPRESA EL SENADOR ROBLEDO","author":"admin","date":"mayo 28, 2008","format":false,"excerpt":"Oficina de Prensa Senador Jorge Enrique Robledo, Bogot\u00e1, 28 de mayo de 2008 A crear un comit\u00e9 que impulse acciones para defender el trabajo y la producci\u00f3n nacionales en la industria textil y del calzado llam\u00f3 el senador Jorge Enrique Robledo, al sumarse al Foro Nacional que vienen promoviendo la\u2026","rel":"","context":"En \u00abJorge Enrique Robledo\u00bb","block_context":{"text":"Jorge Enrique Robledo","link":"https:\/\/moir.com.co\/web\/category\/jorge-enrique-robledo\/"},"img":{"alt_text":"","src":"","width":0,"height":0},"classes":[]},{"id":17333,"url":"https:\/\/moir.com.co\/web\/hagamos-un-pacto-en-defensa-de-la-industria-textil-y-de-confecciones-robledo\/","url_meta":{"origin":13641,"position":1},"title":"Hagamos un pacto en defensa de la industria textil y de confecciones: Robledo","author":"admin","date":"abril 24, 2019","format":false,"excerpt":"Oficina de prensa del senador Jorge Enrique Robledo, Bogot\u00e1, abril 23 de 2019 Industriales, trabajadores y diversos sectores pol\u00edticos se unieron para pedir un salvamento para el empleo y la producci\u00f3n a la industria de las confecciones y afines en Colombia. La Audiencia P\u00fablica \u201cDefendamos la industria textil y de\u2026","rel":"","context":"En \u00abEconom\u00eda\u00bb","block_context":{"text":"Econom\u00eda","link":"https:\/\/moir.com.co\/web\/category\/temas\/economia\/"},"img":{"alt_text":"","src":"https:\/\/i0.wp.com\/moir.com.co\/web\/wp-content\/uploads\/2019\/04\/audienciatextilconfecciones.jpg?fit=1200%2C624&ssl=1&resize=350%2C200","width":350,"height":200,"srcset":"https:\/\/i0.wp.com\/moir.com.co\/web\/wp-content\/uploads\/2019\/04\/audienciatextilconfecciones.jpg?fit=1200%2C624&ssl=1&resize=350%2C200 1x, https:\/\/i0.wp.com\/moir.com.co\/web\/wp-content\/uploads\/2019\/04\/audienciatextilconfecciones.jpg?fit=1200%2C624&ssl=1&resize=525%2C300 1.5x, https:\/\/i0.wp.com\/moir.com.co\/web\/wp-content\/uploads\/2019\/04\/audienciatextilconfecciones.jpg?fit=1200%2C624&ssl=1&resize=700%2C400 2x, https:\/\/i0.wp.com\/moir.com.co\/web\/wp-content\/uploads\/2019\/04\/audienciatextilconfecciones.jpg?fit=1200%2C624&ssl=1&resize=1050%2C600 3x"},"classes":[]},{"id":17327,"url":"https:\/\/moir.com.co\/web\/video-intervencion-del-senador-jorge-enrique-robledo-en-la-audiencia-publica-s-o-s-por-la-industria-textil-confecciones\/","url_meta":{"origin":13641,"position":2},"title":"Video: Intervenci\u00f3n del senador Jorge Enrique Robledo en la Audiencia P\u00fablica &#8220;S.O.S por la industria textil confecciones&#8221;","author":"admin","date":"abril 22, 2019","format":"video","excerpt":"Bogot\u00e1, abril 22 de 2019","rel":"","context":"En \u00abEconom\u00eda\u00bb","block_context":{"text":"Econom\u00eda","link":"https:\/\/moir.com.co\/web\/category\/temas\/economia\/"},"img":{"alt_text":"","src":"","width":0,"height":0},"classes":[]},{"id":17350,"url":"https:\/\/moir.com.co\/web\/video-conclusiones-del-senador-robledo-en-la-audiencia-s-o-s-por-la-industria-textil-confecciones\/","url_meta":{"origin":13641,"position":3},"title":"Video: Conclusiones del senador Robledo en la audiencia &#8220;S.O.S. por la industria textil confecciones&#8221;","author":"admin","date":"abril 24, 2019","format":"video","excerpt":"Bogot\u00e1, abril 22 de 2019","rel":"","context":"En \u00abEconom\u00eda\u00bb","block_context":{"text":"Econom\u00eda","link":"https:\/\/moir.com.co\/web\/category\/temas\/economia\/"},"img":{"alt_text":"","src":"","width":0,"height":0},"classes":[]},{"id":3330,"url":"https:\/\/moir.com.co\/web\/senador-robledo-defiende-la-produccion-arrocera-y-demas-produccion-agropecuaria-y-la-industrial\/","url_meta":{"origin":13641,"position":4},"title":"SENADOR ROBLEDO DEFIENDE LA PRODUCCI\u00d3N ARROCERA Y DEM\u00c1S PRODUCCI\u00d3N AGROPECUARIA Y LA INDUSTRIAL","author":"admin","date":"julio 29, 2009","format":false,"excerpt":"Ayer, en la plenaria del Senado, el senador Jorge Enrique Robledo explic\u00f3 c\u00f3mo el \u201clibre comercio\u201d sigue haci\u00e9ndole un grave da\u00f1o a la producci\u00f3n nacional. Mostr\u00f3 como ejemplo del desastre agropecuaria a la producci\u00f3n arrocera, y calific\u00f3 de \u201cgrav\u00edsima\u201d la crisis de este importante rengl\u00f3n agr\u00edcola. El congresista del Polo\u2026","rel":"","context":"En \u00abJorge Enrique Robledo\u00bb","block_context":{"text":"Jorge Enrique Robledo","link":"https:\/\/moir.com.co\/web\/category\/jorge-enrique-robledo\/"},"img":{"alt_text":"","src":"","width":0,"height":0},"classes":[]},{"id":5928,"url":"https:\/\/moir.com.co\/web\/que-santos-se-dedique-en-corea-a-cualquier-cosa-menos-a-profundizar-en-el-tlc\/","url_meta":{"origin":13641,"position":5},"title":"Que Santos se dedique en Corea a cualquier cosa, menos a profundizar en el TLC","author":"admin","date":"septiembre 13, 2011","format":false,"excerpt":"Como un golpe feroz al aparato productivo nacional calific\u00f3 el senador Jorge Enrique Robledo el TLC que pretende el gobierno suscribir con Corea, tras pedirle al presidente Santos que en la visita que est\u00e1 haciendo a Se\u00fal se dedique a cualquier cosa, menos a profundizar en esa idea disparatada. Cit\u00f3\u2026","rel":"","context":"En \u00abJorge Enrique Robledo\u00bb","block_context":{"text":"Jorge Enrique Robledo","link":"https:\/\/moir.com.co\/web\/category\/jorge-enrique-robledo\/"},"img":{"alt_text":"","src":"","width":0,"height":0},"classes":[]}],"jetpack_sharing_enabled":true,"_links":{"self":[{"href":"https:\/\/moir.com.co\/web\/wp-json\/wp\/v2\/posts\/13641","targetHints":{"allow":["GET"]}}],"collection":[{"href":"https:\/\/moir.com.co\/web\/wp-json\/wp\/v2\/posts"}],"about":[{"href":"https:\/\/moir.com.co\/web\/wp-json\/wp\/v2\/types\/post"}],"author":[{"embeddable":true,"href":"https:\/\/moir.com.co\/web\/wp-json\/wp\/v2\/users\/1"}],"replies":[{"embeddable":true,"href":"https:\/\/moir.com.co\/web\/wp-json\/wp\/v2\/comments?post=13641"}],"version-history":[{"count":1,"href":"https:\/\/moir.com.co\/web\/wp-json\/wp\/v2\/posts\/13641\/revisions"}],"predecessor-version":[{"id":13643,"href":"https:\/\/moir.com.co\/web\/wp-json\/wp\/v2\/posts\/13641\/revisions\/13643"}],"wp:featuredmedia":[{"embeddable":true,"href":"https:\/\/moir.com.co\/web\/wp-json\/wp\/v2\/media\/13642"}],"wp:attachment":[{"href":"https:\/\/moir.com.co\/web\/wp-json\/wp\/v2\/media?parent=13641"}],"wp:term":[{"taxonomy":"category","embeddable":true,"href":"https:\/\/moir.com.co\/web\/wp-json\/wp\/v2\/categories?post=13641"},{"taxonomy":"post_tag","embeddable":true,"href":"https:\/\/moir.com.co\/web\/wp-json\/wp\/v2\/tags?post=13641"}],"curies":[{"name":"wp","href":"https:\/\/api.w.org\/{rel}","templated":true}]}}