{"id":13635,"date":"2017-10-26T16:49:18","date_gmt":"2017-10-26T16:49:18","guid":{"rendered":"https:\/\/moir.org.co\/web\/?p=13635"},"modified":"2017-10-26T16:55:38","modified_gmt":"2017-10-26T16:55:38","slug":"programa-radial-de-tribuna-magisterial-octubre-22-de-2017","status":"publish","type":"post","link":"https:\/\/moir.com.co\/web\/programa-radial-de-tribuna-magisterial-octubre-22-de-2017\/","title":{"rendered":"Programa Radial de Tribuna Magisterial, octubre 22 de 2017"},"content":{"rendered":"<p><strong>Bogot\u00e1, octubre 22 de 2017<\/strong><\/p>\n<p>En el programa del 22 de octubre la profesora Marisol Moncada docente provisional del distrito present\u00f3 su candidatura a la asamblea de delegados de la ADE con el #341, tambi\u00e9n Pedro Jim\u00e9nez present\u00f3 su candidatura a la asamblea de delegados de la ADE con el #290, ambos invitan a votar Mar\u00eda Antonieta Cano a la junta directiva de la ADE con el #2 en el tarjet\u00f3n<\/p>\n<p>En el espacio con el senador del Polo Democr\u00e1tico Alternativo Jorge Robledo se le cont\u00f3 a la audiencia del programa los puntos que se abordaron en el debate de control pol\u00edtico realizado el pasado 17 de octubre, en el cual se aportaron importantes pruebas sobre los casos de corrupci\u00f3n de Odebretch y el cartel de las togas, se\u00f1al\u00f3 que todos los partidos de la Unidad Nacional, Centro Democr\u00e1tico y Cambio Radical coincidieron en respaldar al fiscal General de la naci\u00f3n N\u00e9stor Humberto Mart\u00ednez.<\/p>\n<p>&nbsp;<\/p>\n<p>Mar\u00eda Antonieta Cano Nombr\u00f3 uno a uno los candidatos a la asamblea de delegados de la Ade que respaldan su aspiraci\u00f3n a la junta directiva de la asociaci\u00f3n:<\/p>\n<p>Mar\u00eda Antonieta Cano #2 a la junta Directiva de la Ade.<\/p>\n<p>V\u00edctor Beltr\u00e1n #121,<\/p>\n<p>Mar\u00eda Antonieta Cano #298,<\/p>\n<p>Edgar Casas # 210,<\/p>\n<p>Luz Marina Corredor #400,<\/p>\n<p>Gladys Gasca #141,<\/p>\n<p>John Granados 123,<\/p>\n<p>Pedro Jim\u00e9nez #290,<\/p>\n<p>Marisol Moncada #341,<\/p>\n<p>Gustavo Pe\u00f1uela #306,<\/p>\n<p>Alberto Pacheco #114,<\/p>\n<p>Iv\u00e1n Ram\u00edrez #455,<\/p>\n<p>Felipe Romero #307,<\/p>\n<p>Albert Serrano #395,<\/p>\n<p>Alejandro Silva #462.\u200b<\/p>\n<p>Al finalizar el programa Sergio Fern\u00e1ndez cont\u00f3 c\u00f3mo estuvo la movilizaci\u00f3n que realizaron los vecinos de la carrera s\u00e9ptima contra el prop\u00f3sito de Pe\u00f1alosa de montar otro transmilenio por esa importante v\u00eda de la capital.<\/p>\n","protected":false},"excerpt":{"rendered":"<p>Bogot\u00e1, octubre 22 de 2017 En el programa del 22 de octubre la profesora Marisol Moncada docente provisional del distrito present\u00f3 su candidatura a la asamblea de delegados de la ADE con el #341, tambi\u00e9n Pedro Jim\u00e9nez present\u00f3 su candidatura a la asamblea de delegados de la ADE con el #290, ambos invitan a votar [&hellip;]<\/p>\n","protected":false},"author":1,"featured_media":13436,"comment_status":"open","ping_status":"open","sticky":false,"template":"","format":"audio","meta":{"advanced_seo_description":"","jetpack_seo_html_title":"","jetpack_seo_noindex":false,"_jetpack_memberships_contains_paid_content":false,"footnotes":""},"categories":[101,102,103,97,98,109],"tags":[],"class_list":["post-13635","post","type-post","status-publish","format-audio","has-post-thumbnail","hentry","category-bogota","category-economia","category-educacion","category-imperialismo-y-neoliberalismo","category-politica","category-sindical","post_format-post-format-audio"],"jetpack_featured_media_url":"https:\/\/i0.wp.com\/moir.com.co\/web\/wp-content\/uploads\/2017\/10\/ADETon%CC%83a.jpg?fit=853%2C1280&ssl=1","jetpack-related-posts":[{"id":13435,"url":"https:\/\/moir.com.co\/web\/programa-radial-de-tribuna-magisterial-octubre-1-de-2017\/","url_meta":{"origin":13635,"position":0},"title":"Programa Radial de Tribuna Magisterial, octubre 1 de 2017","author":"admin","date":"octubre 3, 2017","format":"audio","excerpt":"Bogot\u00e1, octubre 1 de 2017 En el programa del 1 de octubre Mar\u00eda Antonieta Cano, de la junta directiva de la Ade y directora del programa y Pedro Jim\u00e9nez docente del distrito, explicaron los puntos program\u00e1ticos expresados por el Senador y \u00a0Candidato a la presidencia por el Polo Democr\u00e1tico Alternativo\u2026","rel":"","context":"En \u00abEducaci\u00f3n\u00bb","block_context":{"text":"Educaci\u00f3n","link":"https:\/\/moir.com.co\/web\/category\/temas\/educacion\/"},"img":{"alt_text":"","src":"https:\/\/i0.wp.com\/moir.com.co\/web\/wp-content\/uploads\/2017\/10\/ADETon%CC%83a.jpg?fit=800%2C1200&ssl=1&resize=350%2C200","width":350,"height":200,"srcset":"https:\/\/i0.wp.com\/moir.com.co\/web\/wp-content\/uploads\/2017\/10\/ADETon%CC%83a.jpg?fit=800%2C1200&ssl=1&resize=350%2C200 1x, https:\/\/i0.wp.com\/moir.com.co\/web\/wp-content\/uploads\/2017\/10\/ADETon%CC%83a.jpg?fit=800%2C1200&ssl=1&resize=525%2C300 1.5x, https:\/\/i0.wp.com\/moir.com.co\/web\/wp-content\/uploads\/2017\/10\/ADETon%CC%83a.jpg?fit=800%2C1200&ssl=1&resize=700%2C400 2x"},"classes":[]},{"id":13481,"url":"https:\/\/moir.com.co\/web\/programa-radial-de-tribuna-magisterial-octubre-8-de-2017\/","url_meta":{"origin":13635,"position":1},"title":"Programa Radial de Tribuna Magisterial, octubre 8 de 2017","author":"admin","date":"octubre 10, 2017","format":"audio","excerpt":"Bogot\u00e1, octubre 8 de 2017 En el programa del 8 de octubre de 2017 Pedro Jim\u00e9nez docente del Distrito y conductor del programa, entrevist\u00f3 a Francisco Torres del Comit\u00e9 Ejecutivo de FECODE, quien dio un informe sobre la justa lucha de los pilotos de AVIANCA que se encuentran en huelga,\u2026","rel":"","context":"En \u00abEconom\u00eda\u00bb","block_context":{"text":"Econom\u00eda","link":"https:\/\/moir.com.co\/web\/category\/temas\/economia\/"},"img":{"alt_text":"","src":"https:\/\/i0.wp.com\/moir.com.co\/web\/wp-content\/uploads\/2017\/10\/ADETon%CC%83a.jpg?fit=800%2C1200&ssl=1&resize=350%2C200","width":350,"height":200,"srcset":"https:\/\/i0.wp.com\/moir.com.co\/web\/wp-content\/uploads\/2017\/10\/ADETon%CC%83a.jpg?fit=800%2C1200&ssl=1&resize=350%2C200 1x, https:\/\/i0.wp.com\/moir.com.co\/web\/wp-content\/uploads\/2017\/10\/ADETon%CC%83a.jpg?fit=800%2C1200&ssl=1&resize=525%2C300 1.5x, https:\/\/i0.wp.com\/moir.com.co\/web\/wp-content\/uploads\/2017\/10\/ADETon%CC%83a.jpg?fit=800%2C1200&ssl=1&resize=700%2C400 2x"},"classes":[]},{"id":13681,"url":"https:\/\/moir.com.co\/web\/programa-radial-de-tribuna-magisterial-octubre-29-de-2018\/","url_meta":{"origin":13635,"position":2},"title":"Programa Radial de Tribuna Magisterial, octubre 29 de 2018","author":"admin","date":"octubre 30, 2017","format":"audio","excerpt":"Bogot\u00e1, octubre 29 de 2017 En el programa del 29 de octubre de 2017 Mar\u00eda Antonieta Cano de la junta directiva de la ADE y directora del programa invit\u00f3 a los oyentes al gran evento campa\u00f1a con los candidatos de Tribuna Magisterial para la ADE que se realizar\u00e1 el 15\u2026","rel":"","context":"En \u00abBogot\u00e1\u00bb","block_context":{"text":"Bogot\u00e1","link":"https:\/\/moir.com.co\/web\/category\/temas\/bogota\/"},"img":{"alt_text":"","src":"https:\/\/i0.wp.com\/moir.com.co\/web\/wp-content\/uploads\/2017\/10\/ADETon%CC%83a.jpg?fit=800%2C1200&ssl=1&resize=350%2C200","width":350,"height":200,"srcset":"https:\/\/i0.wp.com\/moir.com.co\/web\/wp-content\/uploads\/2017\/10\/ADETon%CC%83a.jpg?fit=800%2C1200&ssl=1&resize=350%2C200 1x, https:\/\/i0.wp.com\/moir.com.co\/web\/wp-content\/uploads\/2017\/10\/ADETon%CC%83a.jpg?fit=800%2C1200&ssl=1&resize=525%2C300 1.5x, https:\/\/i0.wp.com\/moir.com.co\/web\/wp-content\/uploads\/2017\/10\/ADETon%CC%83a.jpg?fit=800%2C1200&ssl=1&resize=700%2C400 2x"},"classes":[]},{"id":13243,"url":"https:\/\/moir.com.co\/web\/13243-2\/","url_meta":{"origin":13635,"position":3},"title":"Programa Radial de Tribuna Magisterial, septiembre 3 de 2017","author":"admin","date":"septiembre 4, 2017","format":"audio","excerpt":"Bogot\u00e1, septiembre 3 de 2017 En el programa del 3 de septiembre de 2017, Mar\u00eda Antonieta Cano de la Junta Directiva de la ADE y directora del programa, opin\u00f3 sobre el excelente Facebook Live en que el senador \u00a0y candidato a la presidencia Jorge Robledo habl\u00f3 sobre educaci\u00f3n, a continuaci\u00f3n\u2026","rel":"","context":"En \u00abAgro\u00bb","block_context":{"text":"Agro","link":"https:\/\/moir.com.co\/web\/category\/temas\/agro\/"},"img":{"alt_text":"","src":"https:\/\/i0.wp.com\/moir.com.co\/web\/wp-content\/uploads\/2017\/07\/tribmagton%CC%83a7.jpg?fit=1200%2C900&ssl=1&resize=350%2C200","width":350,"height":200,"srcset":"https:\/\/i0.wp.com\/moir.com.co\/web\/wp-content\/uploads\/2017\/07\/tribmagton%CC%83a7.jpg?fit=1200%2C900&ssl=1&resize=350%2C200 1x, https:\/\/i0.wp.com\/moir.com.co\/web\/wp-content\/uploads\/2017\/07\/tribmagton%CC%83a7.jpg?fit=1200%2C900&ssl=1&resize=525%2C300 1.5x, https:\/\/i0.wp.com\/moir.com.co\/web\/wp-content\/uploads\/2017\/07\/tribmagton%CC%83a7.jpg?fit=1200%2C900&ssl=1&resize=700%2C400 2x, https:\/\/i0.wp.com\/moir.com.co\/web\/wp-content\/uploads\/2017\/07\/tribmagton%CC%83a7.jpg?fit=1200%2C900&ssl=1&resize=1050%2C600 3x"},"classes":[]},{"id":13541,"url":"https:\/\/moir.com.co\/web\/programa-radial-de-tribuna-magisterial-octubre-15-de-2017\/","url_meta":{"origin":13635,"position":4},"title":"Programa Radial de Tribuna Magisterial, octubre 15 de 2017","author":"admin","date":"octubre 17, 2017","format":"audio","excerpt":"Bogot\u00e1, octubre 15 de 2017 En el programa del 15 de octubre Pedro Jim\u00e9nez, docente del distrito y conductor del programa, entrevist\u00f3 a Mar\u00eda Antonieta Cano de la Junta Directiva de la ADE quien hizo un an\u00e1lisis de la situaci\u00f3n pol\u00edtica y social del distrito, explic\u00f3 las razones por las\u2026","rel":"","context":"En \u00abAgro\u00bb","block_context":{"text":"Agro","link":"https:\/\/moir.com.co\/web\/category\/temas\/agro\/"},"img":{"alt_text":"","src":"https:\/\/i0.wp.com\/moir.com.co\/web\/wp-content\/uploads\/2017\/10\/ADETon%CC%83a.jpg?fit=800%2C1200&ssl=1&resize=350%2C200","width":350,"height":200,"srcset":"https:\/\/i0.wp.com\/moir.com.co\/web\/wp-content\/uploads\/2017\/10\/ADETon%CC%83a.jpg?fit=800%2C1200&ssl=1&resize=350%2C200 1x, https:\/\/i0.wp.com\/moir.com.co\/web\/wp-content\/uploads\/2017\/10\/ADETon%CC%83a.jpg?fit=800%2C1200&ssl=1&resize=525%2C300 1.5x, https:\/\/i0.wp.com\/moir.com.co\/web\/wp-content\/uploads\/2017\/10\/ADETon%CC%83a.jpg?fit=800%2C1200&ssl=1&resize=700%2C400 2x"},"classes":[]},{"id":13780,"url":"https:\/\/moir.com.co\/web\/programa-radia-de-tribuna-magisterial-noviembre-5-de-2017\/","url_meta":{"origin":13635,"position":5},"title":"Programa Radial de Tribuna Magisterial, noviembre 5 de 2017","author":"admin","date":"noviembre 13, 2017","format":"audio","excerpt":"Bogot\u00e1, noviembre 5 de 2017 En el programa del 5 de noviembre, Mar\u00eda Antonieta Cano de la Junta Directiva de la ADE y directora del programa y Pedro Jim\u00e9nez conductor del programa, presentaron a los candidatos a la asamblea de delegados \u00c9dgar Casas y Mauricio P\u00e1ez con el #210 y\u2026","rel":"","context":"En \u00abBogot\u00e1\u00bb","block_context":{"text":"Bogot\u00e1","link":"https:\/\/moir.com.co\/web\/category\/temas\/bogota\/"},"img":{"alt_text":"","src":"https:\/\/i0.wp.com\/moir.com.co\/web\/wp-content\/uploads\/2017\/10\/ADETon%CC%83a.jpg?fit=800%2C1200&ssl=1&resize=350%2C200","width":350,"height":200,"srcset":"https:\/\/i0.wp.com\/moir.com.co\/web\/wp-content\/uploads\/2017\/10\/ADETon%CC%83a.jpg?fit=800%2C1200&ssl=1&resize=350%2C200 1x, https:\/\/i0.wp.com\/moir.com.co\/web\/wp-content\/uploads\/2017\/10\/ADETon%CC%83a.jpg?fit=800%2C1200&ssl=1&resize=525%2C300 1.5x, https:\/\/i0.wp.com\/moir.com.co\/web\/wp-content\/uploads\/2017\/10\/ADETon%CC%83a.jpg?fit=800%2C1200&ssl=1&resize=700%2C400 2x"},"classes":[]}],"jetpack_sharing_enabled":true,"_links":{"self":[{"href":"https:\/\/moir.com.co\/web\/wp-json\/wp\/v2\/posts\/13635","targetHints":{"allow":["GET"]}}],"collection":[{"href":"https:\/\/moir.com.co\/web\/wp-json\/wp\/v2\/posts"}],"about":[{"href":"https:\/\/moir.com.co\/web\/wp-json\/wp\/v2\/types\/post"}],"author":[{"embeddable":true,"href":"https:\/\/moir.com.co\/web\/wp-json\/wp\/v2\/users\/1"}],"replies":[{"embeddable":true,"href":"https:\/\/moir.com.co\/web\/wp-json\/wp\/v2\/comments?post=13635"}],"version-history":[{"count":1,"href":"https:\/\/moir.com.co\/web\/wp-json\/wp\/v2\/posts\/13635\/revisions"}],"predecessor-version":[{"id":13636,"href":"https:\/\/moir.com.co\/web\/wp-json\/wp\/v2\/posts\/13635\/revisions\/13636"}],"wp:featuredmedia":[{"embeddable":true,"href":"https:\/\/moir.com.co\/web\/wp-json\/wp\/v2\/media\/13436"}],"wp:attachment":[{"href":"https:\/\/moir.com.co\/web\/wp-json\/wp\/v2\/media?parent=13635"}],"wp:term":[{"taxonomy":"category","embeddable":true,"href":"https:\/\/moir.com.co\/web\/wp-json\/wp\/v2\/categories?post=13635"},{"taxonomy":"post_tag","embeddable":true,"href":"https:\/\/moir.com.co\/web\/wp-json\/wp\/v2\/tags?post=13635"}],"curies":[{"name":"wp","href":"https:\/\/api.w.org\/{rel}","templated":true}]}}