{"id":13631,"date":"2017-10-26T16:40:23","date_gmt":"2017-10-26T16:40:23","guid":{"rendered":"https:\/\/moir.org.co\/web\/?p=13631"},"modified":"2017-10-26T16:41:14","modified_gmt":"2017-10-26T16:41:14","slug":"articulo-de-aurelio-suarez-montoya-pasto-narino-entre-la-trampa-de-pobreza-y-la-economia-encubierta","status":"publish","type":"post","link":"https:\/\/moir.com.co\/web\/articulo-de-aurelio-suarez-montoya-pasto-narino-entre-la-trampa-de-pobreza-y-la-economia-encubierta\/","title":{"rendered":"La corrupci\u00f3n en el poder"},"content":{"rendered":"<p><strong>Dar\u00edo Arenas Villegas, Manizales, octubre 26 de 2017<\/strong><\/p>\n<p>El debate de los senadores Jorge Robledo y Claudia L\u00f3pez ratific\u00f3 que la corrupci\u00f3n, lejos de ser un asunto aislado, es un fen\u00f3meno sistem\u00e1tico que se carcome con voracidad la econom\u00eda, las instituciones y la moral de la naci\u00f3n. Los argumentos de los citantes y las respuestas de los congresistas de la Unidad Nacional, el Centro Democr\u00e1tico y Cambio Radical, demostraron que en Colombia siguen existiendo dos pa\u00edses radicalmente opuestos: el pa\u00eds nacional y el pa\u00eds pol\u00edtico.<\/p>\n<p>En el sentido dado por Jorge Eli\u00e9cer Gait\u00e1n, el pa\u00eds nacional, preocupado por el trabajo, la salud, la educaci\u00f3n y, en \u00faltimas, por el futuro y la viabilidad de Colombia, est\u00e1 cansado del clientelismo, los favoritismos y la corrupci\u00f3n rampante que se impuso como forma \u00fanica de hacer pol\u00edtica desde hace d\u00e9cadas. Ese pa\u00eds nacional, compuesto por usuarios de la salud, agricultores, empresarios, profesores, artistas, transportadores y millones de colombianos que trabajan honradamente, se mam\u00f3 del soborno, de la vacuna, de la tajada y del \u201cc\u00f3mo voy yo\u201d tan caracter\u00edstico de la contrataci\u00f3n p\u00fablica, que entorpece obras y las encarece, y todo a cargo de la ciudadan\u00eda que asume los costos de los actos corruptos de una \u00ednfima minor\u00eda.<\/p>\n<p>El pa\u00eds pol\u00edtico, por el contrario, y eso qued\u00f3 claro en el debate del 17 de octubre, busca encubrir sus actos, garantizar sus posiciones y ensanchar su poder. Por eso no extra\u00f1a que ante acusaciones serias y pruebas manifiestas de actos ilegales y maniobras inmorales, como el reclutamiento nacional de Vargas Lleras de gamonales con pasados y presentes altamente cuestionables, cuando no criminales, la respuesta de las mayor\u00edas parlamentarias haya sido intentar demostrar, sin \u00e9xito, que todos los pol\u00edticos son igual de corruptos y que por esta raz\u00f3n los votantes deben aplicar el viejo adagio popular de que \u201ces mejor malo conocido que bueno por conocer\u201d.<\/p>\n<p>El relato evasivo no termin\u00f3 all\u00ed. Senadores como Mauricio Lizcano del Partido de la U o Daira Galvis de Cambio Radical dieron a entender que todas las pruebas y datos aportados por Robledo y L\u00f3pez en el\u00a0debate eran simples refritos, como si no se hubieran hecho nuevas denuncias, como si los casos de Odebrecht, Reficar, el Cartel de la Toga, Saludcoop, el volteo de tierras y decenas m\u00e1s no estuvieran generando un remez\u00f3n pol\u00edtico gigantesco, o como si en ellos no estuvieran involucrados pol\u00edticos y altos funcionarios judiciales de todos los departamentos y or\u00edgenes, pertenecientes en su inmensa mayor\u00eda a los partidos que han gobernado hist\u00f3ricamente el pa\u00eds y las regiones.<\/p>\n<p>No hay debate m\u00e1s necesario que conocer las causas y los causantes de un flagelo que como la corrupci\u00f3n le arrebata al pa\u00eds m\u00e1s de 50 billones de pesos al a\u00f1o. Caer en el argumento f\u00e1cil de que el tono del debate fue inapropiado, es ocultar que este es un fen\u00f3meno que toca atacar de ra\u00edz, sin miramientos y caiga quien caiga.<\/p>\n<p>Nos corresponde a los colombianos elegir representantes pol\u00edticos que tengan los mismos intereses de la naci\u00f3n\u00a0porque hoy como hace 70 a\u00f1os, como lo planteara Gait\u00e1n en el m\u00edtico discurso del Teatro Municipal en 1946: \u201cEl pa\u00eds pol\u00edtico tiene metas diferentes a las del pa\u00eds nacional. \u00a1Tremendo drama en la historia de un pueblo!\u201d.<\/p>\n","protected":false},"excerpt":{"rendered":"<p>Dar\u00edo Arenas Villegas, Manizales, octubre 26 de 2017 El debate de los senadores Jorge Robledo y Claudia L\u00f3pez ratific\u00f3 que la corrupci\u00f3n, lejos de ser un asunto aislado, es un fen\u00f3meno sistem\u00e1tico que se carcome con voracidad la econom\u00eda, las instituciones y la moral de la naci\u00f3n. Los argumentos de los citantes y las respuestas [&hellip;]<\/p>\n","protected":false},"author":1,"featured_media":13462,"comment_status":"open","ping_status":"open","sticky":false,"template":"","format":"standard","meta":{"advanced_seo_description":"","jetpack_seo_html_title":"","jetpack_seo_noindex":false,"_jetpack_memberships_contains_paid_content":false,"footnotes":""},"categories":[102,97,98],"tags":[],"class_list":["post-13631","post","type-post","status-publish","format-standard","has-post-thumbnail","hentry","category-economia","category-imperialismo-y-neoliberalismo","category-politica"],"jetpack_featured_media_url":"https:\/\/i0.wp.com\/moir.com.co\/web\/wp-content\/uploads\/2017\/10\/coalicioncolombia.jpeg?fit=275%2C183&ssl=1","jetpack-related-posts":[{"id":13660,"url":"https:\/\/moir.com.co\/web\/la-gente-esta-mamada-de-santistas-y-de-uribistas-jorge-robledo\/","url_meta":{"origin":13631,"position":0},"title":"&#8220;La gente est\u00e1 mamada de santistas y de uribistas&#8221;: Jorge Robledo","author":"admin","date":"octubre 29, 2017","format":false,"excerpt":"Entrevista de Judith G\u00f3mez y Luis G. Restrepo, El Pa\u00eds, Cali, octubre 29 de 2017 El precandidato presidencial Jorge Robledo asegura que en el pa\u00eds, debido a la corrupci\u00f3n, est\u00e1n dadas las condiciones para que en las elecciones se abra paso una tercer\u00eda y llegue a la Casa de Nari\u00f1o.\u2026","rel":"","context":"En \u00abAgro\u00bb","block_context":{"text":"Agro","link":"https:\/\/moir.com.co\/web\/category\/temas\/agro\/"},"img":{"alt_text":"","src":"https:\/\/i0.wp.com\/moir.com.co\/web\/wp-content\/uploads\/2017\/10\/robledoelpais2017.jpeg?fit=565%2C440&ssl=1&resize=350%2C200","width":350,"height":200,"srcset":"https:\/\/i0.wp.com\/moir.com.co\/web\/wp-content\/uploads\/2017\/10\/robledoelpais2017.jpeg?fit=565%2C440&ssl=1&resize=350%2C200 1x, https:\/\/i0.wp.com\/moir.com.co\/web\/wp-content\/uploads\/2017\/10\/robledoelpais2017.jpeg?fit=565%2C440&ssl=1&resize=525%2C300 1.5x"},"classes":[]},{"id":13584,"url":"https:\/\/moir.com.co\/web\/debate-contra-la-corrupcion-y-la-impunidad\/","url_meta":{"origin":13631,"position":1},"title":"Debate contra la corrupci\u00f3n y la impunidad","author":"admin","date":"octubre 23, 2017","format":false,"excerpt":"Antonio Jos\u00e9 Guti\u00e9rrez Blanco, Armenia, octubre 22 de 2017 \"Luego de las exposiciones de los dos citantes, se produjo la manguala entre los partidos de la unidad nacional, el centro democr\u00e1tico y cambio radical\"... El martes 17 de octubre por fin, despu\u00e9s de haberse aplazado tres veces por quienes manejan\u2026","rel":"","context":"En \u00abEconom\u00eda\u00bb","block_context":{"text":"Econom\u00eda","link":"https:\/\/moir.com.co\/web\/category\/temas\/economia\/"},"img":{"alt_text":"","src":"https:\/\/i0.wp.com\/moir.com.co\/web\/wp-content\/uploads\/2017\/10\/corrupciontogacartel.jpg?fit=1200%2C1060&ssl=1&resize=350%2C200","width":350,"height":200,"srcset":"https:\/\/i0.wp.com\/moir.com.co\/web\/wp-content\/uploads\/2017\/10\/corrupciontogacartel.jpg?fit=1200%2C1060&ssl=1&resize=350%2C200 1x, https:\/\/i0.wp.com\/moir.com.co\/web\/wp-content\/uploads\/2017\/10\/corrupciontogacartel.jpg?fit=1200%2C1060&ssl=1&resize=525%2C300 1.5x, https:\/\/i0.wp.com\/moir.com.co\/web\/wp-content\/uploads\/2017\/10\/corrupciontogacartel.jpg?fit=1200%2C1060&ssl=1&resize=700%2C400 2x, https:\/\/i0.wp.com\/moir.com.co\/web\/wp-content\/uploads\/2017\/10\/corrupciontogacartel.jpg?fit=1200%2C1060&ssl=1&resize=1050%2C600 3x"},"classes":[]},{"id":13860,"url":"https:\/\/moir.com.co\/web\/quien-corrompio-a-colombia\/","url_meta":{"origin":13631,"position":2},"title":"\u00bfQui\u00e9n corrompi\u00f3 a Colombia?","author":"admin","date":"noviembre 18, 2017","format":false,"excerpt":"Art\u00edculo quincenal de Jorge Enrique Robledo, Bogot\u00e1, noviembre 17 de 2017 El Fiscal Mart\u00ednez tuvo que aceptar que en Colombia la corrupci\u00f3n \u201ces sist\u00e9mica\u201d, calificativo que significa del sistema, general, integral, no de manzanas podridas u ovejas descarriadas sino algo bastante m\u00e1s grave. Pero como Mart\u00ednez siempre act\u00faa con ma\u00f1a,\u2026","rel":"","context":"En \u00abEconom\u00eda\u00bb","block_context":{"text":"Econom\u00eda","link":"https:\/\/moir.com.co\/web\/category\/temas\/economia\/"},"img":{"alt_text":"","src":"https:\/\/i0.wp.com\/moir.com.co\/web\/wp-content\/uploads\/2017\/10\/robledocolprensa2017.jpeg?fit=565%2C405&ssl=1&resize=350%2C200","width":350,"height":200,"srcset":"https:\/\/i0.wp.com\/moir.com.co\/web\/wp-content\/uploads\/2017\/10\/robledocolprensa2017.jpeg?fit=565%2C405&ssl=1&resize=350%2C200 1x, https:\/\/i0.wp.com\/moir.com.co\/web\/wp-content\/uploads\/2017\/10\/robledocolprensa2017.jpeg?fit=565%2C405&ssl=1&resize=525%2C300 1.5x"},"classes":[]},{"id":12830,"url":"https:\/\/moir.com.co\/web\/colombia-no-puede-tolerar-un-irresponsable-como-fiscal-jorge-robledo\/","url_meta":{"origin":13631,"position":3},"title":"Colombia no puede tolerar un irresponsable como Fiscal: Jorge Robledo","author":"admin","date":"julio 8, 2017","format":false,"excerpt":"Entrevista de\u00a0Jhon Freddy Figueroa, Diario del Huila, Neiva, julio 8 de 2017 De gira por el departamento del Huila, el senador y candidato presidencial por el Polo Democr\u00e1tico, reiter\u00f3 sus cr\u00edticas a la gesti\u00f3n que viene adelantando el actual Fiscal General de la Naci\u00f3n, N\u00e9stor Humberto Mart\u00ednez. Con la seriedad\u2026","rel":"","context":"En \u00abAgro\u00bb","block_context":{"text":"Agro","link":"https:\/\/moir.com.co\/web\/category\/temas\/agro\/"},"img":{"alt_text":"","src":"https:\/\/i0.wp.com\/moir.com.co\/web\/wp-content\/uploads\/2017\/07\/robledodiariodelhuila2017_2.jpg?fit=600%2C361&ssl=1&resize=350%2C200","width":350,"height":200,"srcset":"https:\/\/i0.wp.com\/moir.com.co\/web\/wp-content\/uploads\/2017\/07\/robledodiariodelhuila2017_2.jpg?fit=600%2C361&ssl=1&resize=350%2C200 1x, https:\/\/i0.wp.com\/moir.com.co\/web\/wp-content\/uploads\/2017\/07\/robledodiariodelhuila2017_2.jpg?fit=600%2C361&ssl=1&resize=525%2C300 1.5x"},"classes":[]},{"id":11224,"url":"https:\/\/moir.com.co\/web\/la-corrupcion-en-el-poder-el-nuevo-libro-de-jorge-enrique-robledo\/","url_meta":{"origin":13631,"position":4},"title":"La corrupci\u00f3n en el poder: El nuevo libro de Jorge Enrique Robledo","author":"admin","date":"noviembre 30, 2016","format":false,"excerpt":"Oficina de prensa del senador Jorge Enrique Robledo, Bogot\u00e1, noviembre 30 de 2016 * El texto denuncia y llama la atenci\u00f3n sobre las causas y la gravedad de este flagelo que azota al pa\u00eds. * \u201cSe pas\u00f3 de hacerle trampa a la ley a incluir la trampa en la ley,\u2026","rel":"","context":"En \u00abEconom\u00eda\u00bb","block_context":{"text":"Econom\u00eda","link":"https:\/\/moir.com.co\/web\/category\/temas\/economia\/"},"img":{"alt_text":"","src":"https:\/\/i0.wp.com\/moir.com.co\/web\/wp-content\/uploads\/2016\/11\/robledonuevolibrocorrupcion.png?fit=284%2C453&ssl=1&resize=350%2C200","width":350,"height":200},"classes":[]},{"id":15727,"url":"https:\/\/moir.com.co\/web\/la-corrupcion-en-colombia-es-sistemica-jorge-enrique-robledo\/","url_meta":{"origin":13631,"position":5},"title":"\u201cLa corrupci\u00f3n en Colombia es sist\u00e9mica\u201d: Jorge Enrique Robledo","author":"admin","date":"agosto 24, 2018","format":false,"excerpt":"http:\/\/m.eldiario.com.co\/, Pereira, agosto 24 de 2018 \u201cEs mentira que nos vayan a dar reposici\u00f3n de votos, no la hay, esto es a palo seco, como se dice\u201d. As\u00ed comenz\u00f3 la rueda de prensa en la que el senador del Polo Democr\u00e1tico, Jorge Enrique Robledo habl\u00f3 del flagelo de la corrupci\u00f3n,\u2026","rel":"","context":"En \u00abJorge Enrique Robledo\u00bb","block_context":{"text":"Jorge Enrique Robledo","link":"https:\/\/moir.com.co\/web\/category\/jorge-enrique-robledo\/"},"img":{"alt_text":"","src":"https:\/\/i0.wp.com\/moir.com.co\/web\/wp-content\/uploads\/2018\/08\/anticoruupcionrisaralda2018.jpg?fit=680%2C245&ssl=1&resize=350%2C200","width":350,"height":200,"srcset":"https:\/\/i0.wp.com\/moir.com.co\/web\/wp-content\/uploads\/2018\/08\/anticoruupcionrisaralda2018.jpg?fit=680%2C245&ssl=1&resize=350%2C200 1x, https:\/\/i0.wp.com\/moir.com.co\/web\/wp-content\/uploads\/2018\/08\/anticoruupcionrisaralda2018.jpg?fit=680%2C245&ssl=1&resize=525%2C300 1.5x"},"classes":[]}],"jetpack_sharing_enabled":true,"_links":{"self":[{"href":"https:\/\/moir.com.co\/web\/wp-json\/wp\/v2\/posts\/13631","targetHints":{"allow":["GET"]}}],"collection":[{"href":"https:\/\/moir.com.co\/web\/wp-json\/wp\/v2\/posts"}],"about":[{"href":"https:\/\/moir.com.co\/web\/wp-json\/wp\/v2\/types\/post"}],"author":[{"embeddable":true,"href":"https:\/\/moir.com.co\/web\/wp-json\/wp\/v2\/users\/1"}],"replies":[{"embeddable":true,"href":"https:\/\/moir.com.co\/web\/wp-json\/wp\/v2\/comments?post=13631"}],"version-history":[{"count":2,"href":"https:\/\/moir.com.co\/web\/wp-json\/wp\/v2\/posts\/13631\/revisions"}],"predecessor-version":[{"id":13634,"href":"https:\/\/moir.com.co\/web\/wp-json\/wp\/v2\/posts\/13631\/revisions\/13634"}],"wp:featuredmedia":[{"embeddable":true,"href":"https:\/\/moir.com.co\/web\/wp-json\/wp\/v2\/media\/13462"}],"wp:attachment":[{"href":"https:\/\/moir.com.co\/web\/wp-json\/wp\/v2\/media?parent=13631"}],"wp:term":[{"taxonomy":"category","embeddable":true,"href":"https:\/\/moir.com.co\/web\/wp-json\/wp\/v2\/categories?post=13631"},{"taxonomy":"post_tag","embeddable":true,"href":"https:\/\/moir.com.co\/web\/wp-json\/wp\/v2\/tags?post=13631"}],"curies":[{"name":"wp","href":"https:\/\/api.w.org\/{rel}","templated":true}]}}