{"id":1363,"date":"2006-03-08T07:00:00","date_gmt":"2006-03-08T07:00:00","guid":{"rendered":"https:\/\/moir.org.co\/web\/contra-el-tlc-y-la-reeleccion-carlos-gaviria-diaz-presidente-2006-2010\/"},"modified":"2006-03-08T07:00:00","modified_gmt":"2006-03-08T07:00:00","slug":"contra-el-tlc-y-la-reeleccion-carlos-gaviria-diaz-presidente-2006-2010","status":"publish","type":"post","link":"https:\/\/moir.com.co\/web\/contra-el-tlc-y-la-reeleccion-carlos-gaviria-diaz-presidente-2006-2010\/","title":{"rendered":"CONTRA EL TLC Y LA REELECCI\u00d3N: CARLOS GAVIRIA D\u00cdAZ, PRESIDENTE 2006-2010"},"content":{"rendered":"<p>La consulta interna del Polo Democr\u00e1tico Alternativo, realizada el pasado 12 de marzo, escogi\u00f3 al senador Carlos Gaviria D\u00edaz como candidato a la Presidencia de la Rep\u00fablica para el periodo 2006-2010. Nuestra corriente estuvo comprometida a fondo con este trascendental logro democr\u00e1tico y estamos convencidos de que tan refrescante suceso pol\u00edtico alienta a nuestros activistas a reiniciar con mayor entusiasmo las m\u00faltiples tareas de la campa\u00f1a electoral por la Presidencia.<\/p>\n<p>Esta importante definici\u00f3n se toma en el preciso momento en que Estados Unidos le impone a Colombia el TLC, somete a la naci\u00f3n colombiana a sufrir graves p\u00e9rdidas en el manejo soberano de su econom\u00eda y pone en situaci\u00f3n de quiebra total a la producci\u00f3n industrial y agraria; y con ello el empleo y el bienestar de los colombianos, al atentar gravemente contra la educaci\u00f3n, la cultura y la salud de nuestro pa\u00eds. El autoritario gobierno de Uribe niega la consulta popular sobre el nefasto Tratado y pretende hacerlo valer por sobre cualquier consideraci\u00f3n que no sea la obsecuencia total con el gobierno gringo.<\/p>\n<p>Refrendamos con esta declaraci\u00f3n el compromiso hecho en noviembre de 2005 en la carta de adhesi\u00f3n que firmamos m\u00e1s de dos mil dirigentes sindicales: &#8220;Conscientes del deber proletario de unirnos con el resto de los sectores dem\u00f3cratas y progresistas, para adelantar actividades de resistencia contra el gobierno de Uribe V\u00e9lez y las pol\u00edticas del gobierno norteamericano, los dirigentes del movimiento sindical recibimos con entusiasmo la postulaci\u00f3n del senador Carlos Gaviria D\u00edaz como candidato presidencial y lo animamos a continuar en el loable prop\u00f3sito de unificar en un gran frente a todos los damnificados por las medidas econ\u00f3micas y sociales, y por el autoritarismo del Estado comunitario y la seguridad democr\u00e1tica&#8221;.<\/p>\n<p>Saludamos con alborozo el triunfo de Carlos Gaviria D\u00edaz y los excelentes resultados cosechados por el Polo Democr\u00e1tico Alternativo en las elecciones de C\u00e1mara y Senado, al tiempo que llamamos a nuestros compa\u00f1eros de las centrales CTC, CGT, CPC y del sindicalismo no confederado a constituir un Comit\u00e9 Nacional de Campa\u00f1a por la presidencia de Carlos Gaviria, como la propuesta con mayor perspectiva para frustrar las intenciones reeleccionistas de Uribe V\u00e9lez y derrotar el TLC con Estados Unidos.<\/p>\n<p>Agradecemos, por \u00faltimo, el generoso apoyo que brindaron los trabajadores a las distintas listas del PDA, que, esperamos, se redoble en la campa\u00f1a a la Presidencia por el doctor Carlos Gaviria D\u00edaz.<\/p>\n<p>Miguel Antonio Caro Pineda, Gloria In\u00e9s Ram\u00edrez, Lu\u00eds Alfonso Vel\u00e1squez, Gustavo Rub\u00e9n Triana, \u00c1lvaro Francisco Morales, Di\u00f3genes Orjuela, Tarsicio Rivera Mu\u00f1oz, Domingo Tovar Arrieta, Orlando Ospina  (Miembros del Comit\u00e9 Ejecutivo Nacional de la CUT).<\/p>\n","protected":false},"excerpt":{"rendered":"<p>La consulta interna del Polo Democr\u00e1tico Alternativo, realizada el pasado 12 de marzo, escogi\u00f3 al senador Carlos Gaviria D\u00edaz como candidato a la Presidencia de la Rep\u00fablica para el periodo 2006-2010. Nuestra corriente estuvo comprometida a fondo con este trascendental logro democr\u00e1tico y estamos convencidos de que tan refrescante suceso pol\u00edtico alienta a nuestros activistas [&hellip;]<\/p>\n","protected":false},"author":1,"featured_media":0,"comment_status":"open","ping_status":"open","sticky":false,"template":"","format":"standard","meta":{"advanced_seo_description":"","jetpack_seo_html_title":"","jetpack_seo_noindex":false,"_jetpack_memberships_contains_paid_content":false,"footnotes":""},"categories":[7],"tags":[],"class_list":["post-1363","post","type-post","status-publish","format-standard","hentry","category-pronunciamientos-de-organizaciones-sociales"],"jetpack_featured_media_url":"","jetpack-related-posts":[{"id":3254,"url":"https:\/\/moir.com.co\/web\/comunicado-de-prensa-del-precandidato-carlos-gaviria-diaz-sobre-el-golpe-de-estado-en-honduras\/","url_meta":{"origin":1363,"position":0},"title":"Comunicado de prensa del Precandidato Carlos Gaviria D\u00edaz sobre el golpe de Estado en Honduras","author":"admin","date":"junio 30, 2009","format":false,"excerpt":"Seg\u00fan informaci\u00f3n de prensa, un grupo de militares hondure\u00f1os ha dado un golpe de Estado al Presidente de Honduras Manuel Zelaya, quien esposado fue conducido a una base militar y luego sacado del pa\u00eds rumbo a la Rep\u00fablica de Costa Rica, desde donde el propio Presidente Zelaya ha confirmado su\u2026","rel":"","context":"En \u00abPolo Democr\u00e1tico Alternativo\u00bb","block_context":{"text":"Polo Democr\u00e1tico Alternativo","link":"https:\/\/moir.com.co\/web\/category\/polo-democratico-alternativo\/"},"img":{"alt_text":"","src":"","width":0,"height":0},"classes":[]},{"id":20738,"url":"https:\/\/moir.com.co\/web\/mi-adhesion-a-la-candidatura-presidencial-de-carlos-gaviria-diaz\/","url_meta":{"origin":1363,"position":1},"title":"MI ADHESI\u00d3N A LA CANDIDATURA PRESIDENCIAL DE CARLOS GAVIRIA D\u00cdAZ","author":"admin","date":"marzo 2, 2005","format":false,"excerpt":"\u00bfHasta cu\u00e1ndo Catilina abusar\u00e1s de nuestra paciencia? Con esta famosa frase de Cicer\u00f3n se puede caracterizar el talante actual de la sociedad colombiana. \u00bfHasta cu\u00e1ndo seguir\u00e1 la destrucci\u00f3n del Estado democr\u00e1tico, la agudizaci\u00f3n de los conflictos sociales, el derrumbamiento de la soberan\u00eda nacional, bajo el manto de la seguridad militar\u2026","rel":"","context":"En \u00abTribuna Roja N\u00ba 99, marzo 10 de 2005\u00bb","block_context":{"text":"Tribuna Roja N\u00ba 99, marzo 10 de 2005","link":"https:\/\/moir.com.co\/web\/category\/tribuna-roja\/ediciones-2005-2009\/tribuna-roja-no-99-marzo-10-de-2005\/"},"img":{"alt_text":"","src":"","width":0,"height":0},"classes":[]},{"id":20446,"url":"https:\/\/moir.com.co\/web\/alternativa-democratica-con-carlos-gaviria-diaz\/","url_meta":{"origin":1363,"position":2},"title":"ALTERNATIVA DEMOCR\u00c1TICA CON CARLOS GAVIRIA D\u00cdAZ","author":"admin","date":"noviembre 20, 2004","format":false,"excerpt":"Desde el 4 de noviembre hasta el 10 de diciembre, el doctor Carlos Gaviria D\u00edaz, precandidato de Alternativa Democr\u00e1tica a la Presidencia para el per\u00edodo 2006-2010, inici\u00f3 una exitosa gira que ha congregado a miles de sus seguidores y activistas del Frente Social y Pol\u00edtico, el MOIR, el Partido Unidad\u2026","rel":"","context":"En \u00abTribuna Roja N\u00ba 98, diciembre 4 de 2004\u00bb","block_context":{"text":"Tribuna Roja N\u00ba 98, diciembre 4 de 2004","link":"https:\/\/moir.com.co\/web\/category\/tribuna-roja\/ediciones-2000-2004\/tribuna-roja-no-98-diciembre-4-de-2004\/"},"img":{"alt_text":"","src":"","width":0,"height":0},"classes":[]},{"id":1051,"url":"https:\/\/moir.com.co\/web\/lanzada-anoche-en-cali-precandidatura-de-carlos-gaviria-a-la-presidencia-de-la-rep__blica\/","url_meta":{"origin":1363,"position":3},"title":"LANZADA ANOCHE EN CALI PRECANDIDATURA DE CARLOS GAVIRIA A LA PRESIDENCIA DE LA REP__BLICA","author":"admin","date":"octubre 25, 2004","format":false,"excerpt":"El senador y ex magistrado Carlos Gaviria D\u00edaz postul\u00f3 anoche en Cali su precandidatura a la Presidencia de la Rep\u00fablica en nutrida concentraci\u00f3n que cont\u00f3 con la presencia de varios congresistas de Alternativa Democr\u00e1tica y m\u00e1s de mil quinientos de sus seguidores. El lanzamiento tuvo lugar en el Auditorio Pedro\u2026","rel":"","context":"En \u00abRevista de Prensa\u00bb","block_context":{"text":"Revista de Prensa","link":"https:\/\/moir.com.co\/web\/category\/prensa\/revista-de-prensa\/"},"img":{"alt_text":"","src":"","width":0,"height":0},"classes":[]},{"id":3244,"url":"https:\/\/moir.com.co\/web\/constituido-comite-pro-candidatura-de-carlos-gaviria-diaz-a-la-presidencia-de-la-republica-en-la-consulta-popular-del-polo-democratico-alternativo\/","url_meta":{"origin":1363,"position":4},"title":"Constituido comit\u00e9 pro candidatura de Carlos Gaviria D\u00edaz a la Presidencia de la Rep\u00fablica en la consulta popular del Polo Democr\u00e1tico Alternativo","author":"admin","date":"junio 23, 2009","format":false,"excerpt":"Como es de conocimiento p\u00fablico, el pr\u00f3ximo 27 de septiembre, se realizar\u00e1 la consulta popular del Polo Democr\u00e1tico Alternativo para seleccionar su candidato a la presidencia de la rep\u00fablica. Con la asistencia de m\u00e1s de cien personas en representaci\u00f3n de muy diversos sectores sociales, c\u00edvicos, sindicales, estudiantiles, profesionales, ambientalistas, ind\u00edgenas,\u2026","rel":"","context":"En \u00abPolo Democr\u00e1tico Alternativo\u00bb","block_context":{"text":"Polo Democr\u00e1tico Alternativo","link":"https:\/\/moir.com.co\/web\/category\/polo-democratico-alternativo\/"},"img":{"alt_text":"","src":"","width":0,"height":0},"classes":[]},{"id":2393,"url":"https:\/\/moir.com.co\/web\/los-partidos-y-sus-programas-no-pueden-dejar-de-existir-carlos-gaviria\/","url_meta":{"origin":1363,"position":5},"title":"&#8220;Los partidos y sus programas no pueden dejar de existir&#8221;: Carlos Gaviria","author":"admin","date":"junio 18, 2008","format":false,"excerpt":"Polo Democr\u00e1tico Alternativo, Bogot\u00e1, junio 18 de 2008 El Presidente del Polo, Carlos Gaviria, rechaz\u00f3 hoy la posibilidad que en Colombia desaparezcan los partidos y los proyectos pol\u00edticos. El anuncio lo hizo a ra\u00edz de las declaraciones del ex alcalde de Bogot\u00e1, Luis Eduardo Garz\u00f3n, quien al t\u00e9rmino de una\u2026","rel":"","context":"En \u00abPolo Democr\u00e1tico Alternativo\u00bb","block_context":{"text":"Polo Democr\u00e1tico Alternativo","link":"https:\/\/moir.com.co\/web\/category\/polo-democratico-alternativo\/"},"img":{"alt_text":"","src":"","width":0,"height":0},"classes":[]}],"jetpack_sharing_enabled":true,"_links":{"self":[{"href":"https:\/\/moir.com.co\/web\/wp-json\/wp\/v2\/posts\/1363","targetHints":{"allow":["GET"]}}],"collection":[{"href":"https:\/\/moir.com.co\/web\/wp-json\/wp\/v2\/posts"}],"about":[{"href":"https:\/\/moir.com.co\/web\/wp-json\/wp\/v2\/types\/post"}],"author":[{"embeddable":true,"href":"https:\/\/moir.com.co\/web\/wp-json\/wp\/v2\/users\/1"}],"replies":[{"embeddable":true,"href":"https:\/\/moir.com.co\/web\/wp-json\/wp\/v2\/comments?post=1363"}],"version-history":[{"count":0,"href":"https:\/\/moir.com.co\/web\/wp-json\/wp\/v2\/posts\/1363\/revisions"}],"wp:attachment":[{"href":"https:\/\/moir.com.co\/web\/wp-json\/wp\/v2\/media?parent=1363"}],"wp:term":[{"taxonomy":"category","embeddable":true,"href":"https:\/\/moir.com.co\/web\/wp-json\/wp\/v2\/categories?post=1363"},{"taxonomy":"post_tag","embeddable":true,"href":"https:\/\/moir.com.co\/web\/wp-json\/wp\/v2\/tags?post=1363"}],"curies":[{"name":"wp","href":"https:\/\/api.w.org\/{rel}","templated":true}]}}