{"id":13626,"date":"2017-10-26T16:24:30","date_gmt":"2017-10-26T16:24:30","guid":{"rendered":"https:\/\/moir.org.co\/web\/?p=13626"},"modified":"2017-10-26T16:26:07","modified_gmt":"2017-10-26T16:26:07","slug":"narino-entre-la-trampa-de-pobreza-y-la-economia-encubierta","status":"publish","type":"post","link":"https:\/\/moir.com.co\/web\/narino-entre-la-trampa-de-pobreza-y-la-economia-encubierta\/","title":{"rendered":"Nari\u00f1o: entre la trampa de pobreza y la econom\u00eda encubierta"},"content":{"rendered":"<p><strong>Aurelio Su\u00e1rez Montoya, Pasto, octubre 25 de 2017<\/strong><\/p>\n<p>El ingreso anual por habitante de Nari\u00f1o es de 2.500 d\u00f3lares, similar al de Laos y Yemen, a pesar de que<strong>\u00a0ocupa el primer puesto con el mayor n\u00famero de productores de varios tub\u00e9rculos, de banano, durazno, fresa y lulo<\/strong>\u00a0y tambi\u00e9n de especies animales menores. Cuenta con 45 mil predios de ganado bovino, est\u00e1 entre las cinco cuencas lecheras m\u00e1s importantes del pa\u00eds y ocupa el segundo puesto como productor de papa, yuca, cacao, papaya y cereales como avena y quinua. No obstante, el 85,7% de las Unidades Productivas son menores de 5 hect\u00e1reas, ocupan apenas el 7% del \u00e1rea de la superficie total rural y tienen un tama\u00f1o promedio menor a una hect\u00e1rea.\u00a0<strong>Muchas de ellas, 37.429 de las m\u00e1s de 218.000, son caficultoras<\/strong>. Vale a\u00f1adir que este departamento es el n\u00famero uno en mujeres productoras rurales.<\/p>\n<p>&nbsp;<\/p>\n<p>A pesar de lo anterior, de la gran proporci\u00f3n de la poblaci\u00f3n econ\u00f3mica activa dedicada a la agricultura, la construcci\u00f3n es el sector con mayor participaci\u00f3n en el PIB, con casi el 13%. En efecto, en t\u00e9rminos de vivienda, es el 3% de la construcci\u00f3n en Colombia y en unifamiliares, el segundo m\u00e1s constructor despu\u00e9s de Manizales. Entre 2014 y 2015, el \u00e1rea de licencia creci\u00f3 casi el doble para las viviendas VIS y un 50% para las No VIS. Sin embargo,\u00a0<strong>en Pasto el cr\u00e9dito para ese \u00faltimo tipo de edificaci\u00f3n solo subi\u00f3 1,5%, con lo cual el 70% de este tipo<\/strong>\u00a0se construye sin cr\u00e9dito, sin ninguna clase de pr\u00e9stamo oficial. Contra lo que se podr\u00eda suponer, por encontrarse en zona de frontera, all\u00ed se origina apenas el 0,2% de las exportaciones de Colombia como\u00a0<strong>consecuencia del peso tan exiguo de los dem\u00e1s sectores econ\u00f3micos en la producci\u00f3n,<\/strong>fuera de los ya mencionados. Y en la relaci\u00f3n comercial externa, tuvo incluso una balanza negativa de 72,6 millones de d\u00f3lares en 2015.<\/p>\n<p>&nbsp;<\/p>\n<p>A contramano, cubre el 6,7% de la producci\u00f3n nacional de oro, principalmente\u00a0<strong>en la Regi\u00f3n Pac\u00edfico, la misma donde est\u00e1n ubicadas las mayores extensiones del cultivo de hoja de coca, de las 43 mil existentes en Nari\u00f1o<\/strong>, con m\u00e1s de 510 millones de matas sembradas, lo que lo hace el primer productor de este g\u00e9nero en el pa\u00eds. Todo lo anterior, en el marco de un desempleo que nunca ha bajado a un d\u00edgito y de una informalidad laboral superior al 50%.<\/p>\n<p>&nbsp;<\/p>\n<p>Toda la zona fronteriza, la del Pac\u00edfico y la de la ex provincia de Obando, tiene 460 mil personas. En la primera,\u00a0<strong>el 85% son afrodescendientes y en la segunda hay algunos municipios donde los ind\u00edgenas pastos alcanzan una proporci\u00f3n similar<\/strong>. Persisten en ambas altos \u00edndices de mortalidad infantil y mortalidad materna, aun cuando en la primera la principal causa de muerte son los homicidios y la enfermedad infantil evitable; en la segunda, las cardiovasculares y cerebrovasculares. En todos estos municipios, incluyendo Ipiales y Tumaco, el agua de los acueductos es de alto riesgo para el consumo humano y sus<strong>\u00a0comunidades \u00e9tnicas registran indicadores superiores de desnutrici\u00f3n global, como tambi\u00e9n falta de acceso a los servicios de salud,<\/strong>por razones geogr\u00e1ficas y econ\u00f3micas. Todo lo anterior, combinado con violencia, desplazamiento y minas antipersonales.<\/p>\n<p>&nbsp;<\/p>\n<p>Para rematar, a pesar de su potencial agr\u00edcola, Nari\u00f1o fue de los departamentos que m\u00e1s sufrieron por el\u00a0<strong>alto precio de los alimentos en la reciente ola alcista; estos, m\u00e1s la vivienda<\/strong>, el transporte y los combustibles suman el 90% del IPC en la regi\u00f3n.<\/p>\n<p>&nbsp;<\/p>\n<p>Del recuento anterior puede inferirse que la combinaci\u00f3n entre trampa de pobreza y econom\u00eda encubierta parece explicar, no dos sendas de crecimiento diferente, sino complementarias. En un departamento con un porvenir tan incierto, el gobierno del presidente Santos, como la panacea, decide reforzar en m\u00e1s de nueve mil unidades la fuerza p\u00fablica.\u00a0<strong>Se pensar\u00eda que el primer mandatario se esfuerza m\u00e1s por obedecer \u00f3rdenes for\u00e1neas que por dar soluci\u00f3n a las deplorables<\/strong>\u00a0realidades estructurales de Nari\u00f1o.<\/p>\n","protected":false},"excerpt":{"rendered":"<p>Aurelio Su\u00e1rez Montoya, Pasto, octubre 25 de 2017 El ingreso anual por habitante de Nari\u00f1o es de 2.500 d\u00f3lares, similar al de Laos y Yemen, a pesar de que\u00a0ocupa el primer puesto con el mayor n\u00famero de productores de varios tub\u00e9rculos, de banano, durazno, fresa y lulo\u00a0y tambi\u00e9n de especies animales menores. Cuenta con 45 [&hellip;]<\/p>\n","protected":false},"author":1,"featured_media":13627,"comment_status":"open","ping_status":"open","sticky":false,"template":"","format":"standard","meta":{"advanced_seo_description":"","jetpack_seo_html_title":"","jetpack_seo_noindex":false,"_jetpack_memberships_contains_paid_content":false,"footnotes":""},"categories":[114,79,102,97,98],"tags":[],"class_list":["post-13626","post","type-post","status-publish","format-standard","has-post-thumbnail","hentry","category-agro","category-aurelio-suarez-montoya","category-economia","category-imperialismo-y-neoliberalismo","category-politica"],"jetpack_featured_media_url":"https:\/\/i0.wp.com\/moir.com.co\/web\/wp-content\/uploads\/2017\/10\/narin%CC%83oganaderia.jpeg?fit=281%2C180&ssl=1","jetpack-related-posts":[{"id":5687,"url":"https:\/\/moir.com.co\/web\/carta-abierta-a-ban-ki-moon\/","url_meta":{"origin":13626,"position":0},"title":"Carta abierta a Ban Ki-moon","author":"admin","date":"junio 7, 2011","format":false,"excerpt":"Se\u00f1or Ban Ki-moon Secretario general de la ONU Se\u00f1or secretario: Se anunci\u00f3 que viene a Colombia el 11 de junio. Como es por vez primera, quiero presentarle un panorama del pa\u00eds, apoyado en cifras del \u00cdndice de Desarrollo Humano (IDH), elaborado para 2010 por la agencia PNUD. Colombia tiene un\u2026","rel":"","context":"En \u00abAurelio Su\u00e1rez Montoya\u00bb","block_context":{"text":"Aurelio Su\u00e1rez Montoya","link":"https:\/\/moir.com.co\/web\/category\/bitacoras\/aurelio-suarez-montoya\/"},"img":{"alt_text":"","src":"","width":0,"height":0},"classes":[]},{"id":13753,"url":"https:\/\/moir.com.co\/web\/rueda-de-prensa-de-aurelio-suarez-montoya-en-pereira\/","url_meta":{"origin":13626,"position":1},"title":"Rueda de prensa de Aurelio Su\u00e1rez Montoya en Pereira","author":"admin","date":"noviembre 7, 2017","format":"video","excerpt":"Rueda de prensa con uno de los economistas m\u00e1s importantes del pa\u00eds, Aurelio Su\u00e1rez, hablar\u00e1 sobre temas de relevancia para el departamento de Risaralda. Pereira, noviembre 5 de 2017","rel":"","context":"En \u00abAgro\u00bb","block_context":{"text":"Agro","link":"https:\/\/moir.com.co\/web\/category\/temas\/agro\/"},"img":{"alt_text":"","src":"","width":0,"height":0},"classes":[]},{"id":13887,"url":"https:\/\/moir.com.co\/web\/colombia-es-perdedor-en-el-comercio-agricola-aurelio-suarez\/","url_meta":{"origin":13626,"position":2},"title":"Colombia es perdedor en el comercio agr\u00edcola: Aurelio Su\u00e1rez","author":"admin","date":"noviembre 20, 2017","format":false,"excerpt":"Redacci\u00f3n Diario del Huila, Neiva, noviembre 20 de 2017 Desde hace un mes Aurelio Suarez Montoya, viene recorriendo el pa\u00eds con el objetivo de conocer de primera mano la realidad que se vive en las regiones en diferentes aspectos; en Colombia, su nombre es conocido porque es una de las\u2026","rel":"","context":"En \u00abAgro\u00bb","block_context":{"text":"Agro","link":"https:\/\/moir.com.co\/web\/category\/temas\/agro\/"},"img":{"alt_text":"","src":"https:\/\/i0.wp.com\/moir.com.co\/web\/wp-content\/uploads\/2017\/11\/aureliosuarezdiariodelhuila.jpg?fit=600%2C375&ssl=1&resize=350%2C200","width":350,"height":200,"srcset":"https:\/\/i0.wp.com\/moir.com.co\/web\/wp-content\/uploads\/2017\/11\/aureliosuarezdiariodelhuila.jpg?fit=600%2C375&ssl=1&resize=350%2C200 1x, https:\/\/i0.wp.com\/moir.com.co\/web\/wp-content\/uploads\/2017\/11\/aureliosuarezdiariodelhuila.jpg?fit=600%2C375&ssl=1&resize=525%2C300 1.5x"},"classes":[]},{"id":15797,"url":"https:\/\/moir.com.co\/web\/video-economia-al-dia-con-yina-ramos-una-vision-de-la-economia-colombiana-2018-con-aurelio-suarez-montoya\/","url_meta":{"origin":13626,"position":3},"title":"Video: Econom\u00eda al D\u00eda con Yina Ramos: Una visi\u00f3n de la econom\u00eda colombiana 2018, con Aurelio Su\u00e1rez Montoya","author":"admin","date":"agosto 30, 2018","format":"video","excerpt":"Bogot\u00e1, agosto 27 de 2018","rel":"","context":"En \u00abAgro\u00bb","block_context":{"text":"Agro","link":"https:\/\/moir.com.co\/web\/category\/temas\/agro\/"},"img":{"alt_text":"","src":"","width":0,"height":0},"classes":[]},{"id":14351,"url":"https:\/\/moir.com.co\/web\/video-alarmante-incremento-de-la-desigualdad-economica-en-el-mundo-aurelio-suarez-montoya\/","url_meta":{"origin":13626,"position":4},"title":"Video: Alarmante incremento de la desigualdad econ\u00f3mica en el mundo, Aurelio Su\u00e1rez Montoya","author":"admin","date":"enero 29, 2018","format":"video","excerpt":"Bogot\u00e1, enero 29 de 2018","rel":"","context":"En \u00abAurelio Su\u00e1rez Montoya\u00bb","block_context":{"text":"Aurelio Su\u00e1rez Montoya","link":"https:\/\/moir.com.co\/web\/category\/bitacoras\/aurelio-suarez-montoya\/"},"img":{"alt_text":"","src":"","width":0,"height":0},"classes":[]},{"id":17295,"url":"https:\/\/moir.com.co\/web\/video-intervencion-de-aurelio-suarez-montoya-en-la-audiencia-el-agro-en-crisis\/","url_meta":{"origin":13626,"position":5},"title":"Video: Intervenci\u00f3n de Aurelio Su\u00e1rez Montoya en la audiencia &#8220;El agro en crisis&#8221;","author":"admin","date":"abril 14, 2019","format":"video","excerpt":"Bogot\u00e1, abril 13 de 2019","rel":"","context":"En \u00abAgro\u00bb","block_context":{"text":"Agro","link":"https:\/\/moir.com.co\/web\/category\/temas\/agro\/"},"img":{"alt_text":"","src":"","width":0,"height":0},"classes":[]}],"jetpack_sharing_enabled":true,"_links":{"self":[{"href":"https:\/\/moir.com.co\/web\/wp-json\/wp\/v2\/posts\/13626","targetHints":{"allow":["GET"]}}],"collection":[{"href":"https:\/\/moir.com.co\/web\/wp-json\/wp\/v2\/posts"}],"about":[{"href":"https:\/\/moir.com.co\/web\/wp-json\/wp\/v2\/types\/post"}],"author":[{"embeddable":true,"href":"https:\/\/moir.com.co\/web\/wp-json\/wp\/v2\/users\/1"}],"replies":[{"embeddable":true,"href":"https:\/\/moir.com.co\/web\/wp-json\/wp\/v2\/comments?post=13626"}],"version-history":[{"count":2,"href":"https:\/\/moir.com.co\/web\/wp-json\/wp\/v2\/posts\/13626\/revisions"}],"predecessor-version":[{"id":13630,"href":"https:\/\/moir.com.co\/web\/wp-json\/wp\/v2\/posts\/13626\/revisions\/13630"}],"wp:featuredmedia":[{"embeddable":true,"href":"https:\/\/moir.com.co\/web\/wp-json\/wp\/v2\/media\/13627"}],"wp:attachment":[{"href":"https:\/\/moir.com.co\/web\/wp-json\/wp\/v2\/media?parent=13626"}],"wp:term":[{"taxonomy":"category","embeddable":true,"href":"https:\/\/moir.com.co\/web\/wp-json\/wp\/v2\/categories?post=13626"},{"taxonomy":"post_tag","embeddable":true,"href":"https:\/\/moir.com.co\/web\/wp-json\/wp\/v2\/tags?post=13626"}],"curies":[{"name":"wp","href":"https:\/\/api.w.org\/{rel}","templated":true}]}}