{"id":13618,"date":"2017-10-25T15:24:27","date_gmt":"2017-10-25T15:24:27","guid":{"rendered":"https:\/\/moir.org.co\/web\/?p=13618"},"modified":"2017-10-25T15:24:27","modified_gmt":"2017-10-25T15:24:27","slug":"concejal-manuel-sarmiento-se-pronuncia-sobre-el-paro-de-taxistas-en-bogota","status":"publish","type":"post","link":"https:\/\/moir.com.co\/web\/concejal-manuel-sarmiento-se-pronuncia-sobre-el-paro-de-taxistas-en-bogota\/","title":{"rendered":"Concejal Manuel Sarmiento se pronuncia sobre el paro de taxistas en Bogot\u00e1"},"content":{"rendered":"<p><strong>Oficina de prensa del concejal Manuel Sarmiento, Bogot\u00e1, octubre 24 de 2017<\/strong><\/p>\n<p>El concejal Manuel Sarmiento, vocero del Polo Democr\u00e1tico Alternativo en el Concejo de Bogot\u00e1, se pronunci\u00f3 a traves de Twitter sobre el paro de taxistas. Enfatiz\u00f3 en la alcahueter\u00eda del alcade Pe\u00f1alosa alrededor de la ilegalidad de Uber, adem\u00e1s de la preocupante improvisaci\u00f3n con la que adelant\u00f3 el decreto que elimina los taximestros. A continuaci\u00f3n, los 7 puntos que destac\u00f3 el cabildante.<\/p>\n<p class=\"TweetTextSize TweetTextSize--normal js-tweet-text tweet-text\" lang=\"es\" data-aria-label-part=\"0\">1. Pe\u00f1alosa alcahuetea a Uber con aumento de tarifas de taxi. Es obvio, desincentiva la legalidad y promueve la ilegalidad.<\/p>\n<p class=\"TweetTextSize TweetTextSize--normal js-tweet-text tweet-text\" lang=\"es\" data-aria-label-part=\"0\">2. Los taxistas reconocen que deben mejorar la calidad del servicio. Pe\u00f1alosa lo que debe hacer es enfrentar de verdad la ilegalidad de Uber.<\/p>\n<p class=\"TweetTextSize TweetTextSize--normal js-tweet-text tweet-text\" lang=\"es\" data-aria-label-part=\"0\">3. Pe\u00f1alosa, como en todo, pretende eliminar tax\u00edmetros de forma improvisada. Como consecuencia tendremos aumento de tarifas, afectando a los usuarios.<\/p>\n<p class=\"TweetTextSize TweetTextSize--normal js-tweet-text tweet-text\" lang=\"es\" data-aria-label-part=\"0\">4. Pe\u00f1alosa no tiene en cuenta que el 45% de los taxistas carecen de APP. Detalle clave que pasan por alto. \u00a1Improvisaci\u00f3n!<\/p>\n<p class=\"TweetTextSize TweetTextSize--normal js-tweet-text tweet-text\" lang=\"es\" data-aria-label-part=\"0\">5. De lo peor del decreto que elimina taximetros: \u00a1Que no sea concertado! Muy del estilo del alcalde Pe\u00f1alosa.<\/p>\n<p class=\"TweetTextSize TweetTextSize--normal js-tweet-text tweet-text\" lang=\"es\" data-aria-label-part=\"0\">6. Pe\u00f1alosa afecta al gremio amarillo, mientras que por acci\u00f3n o por omisi\u00f3n sigue respaldando el servicio ILEGAL de Uber.<\/p>\n<p class=\"TweetTextSize TweetTextSize--normal js-tweet-text tweet-text\" lang=\"es\" data-aria-label-part=\"0\">7. El\u00a0<a class=\"twitter-hashtag pretty-link js-nav\" dir=\"ltr\" href=\"https:\/\/twitter.com\/hashtag\/ParoDeTaxistas?src=hash\" data-query-source=\"hashtag_click\"><s>#<\/s><b>ParoDeTaxistas<\/b><\/a>\u00a0es justo y Pe\u00f1alosa debe atender sus reclamos, no puede pasar por encima de la gente con sus improvisaciones.<\/p>\n","protected":false},"excerpt":{"rendered":"<p>Oficina de prensa del concejal Manuel Sarmiento, Bogot\u00e1, octubre 24 de 2017 El concejal Manuel Sarmiento, vocero del Polo Democr\u00e1tico Alternativo en el Concejo de Bogot\u00e1, se pronunci\u00f3 a traves de Twitter sobre el paro de taxistas. Enfatiz\u00f3 en la alcahueter\u00eda del alcade Pe\u00f1alosa alrededor de la ilegalidad de Uber, adem\u00e1s de la preocupante improvisaci\u00f3n [&hellip;]<\/p>\n","protected":false},"author":1,"featured_media":0,"comment_status":"open","ping_status":"open","sticky":false,"template":"","format":"standard","meta":{"advanced_seo_description":"","jetpack_seo_html_title":"","jetpack_seo_noindex":false,"_jetpack_memberships_contains_paid_content":false,"footnotes":""},"categories":[101,102,97,100,108,109,110],"tags":[],"class_list":["post-13618","post","type-post","status-publish","format-standard","hentry","category-bogota","category-economia","category-imperialismo-y-neoliberalismo","category-manuel-sarmiento","category-servicios-publicos-articulos-de-actualidad","category-sindical","category-vias-y-transporte"],"jetpack_featured_media_url":"","jetpack-related-posts":[{"id":15071,"url":"https:\/\/moir.com.co\/web\/lucha-del-gremio-taxista-obliga-a-bocarejo-a-denunciar-penalmente-a-uber-concejal-manuel-sarmiento\/","url_meta":{"origin":13618,"position":0},"title":"\u201cLucha del gremio taxista obliga a Bocarejo a denunciar penalmente a Uber\u201d: concejal Manuel Sarmiento","author":"admin","date":"mayo 9, 2018","format":false,"excerpt":"Oficina de prensa del concejal Manuel Sarmiento, Bogot\u00e1, mayo 9 de 2018 El concejal Manuel Sarmiento calific\u00f3 como un triunfo del gremio amarillo que Bocarejo haya tenido que interponer una denuncia penal contra Uber por usurpaci\u00f3n de funciones p\u00fablicas (ver denuncia). \u201cEs bien conocido que el Secretario de Movilidad, Juan\u2026","rel":"","context":"En \u00abBogot\u00e1\u00bb","block_context":{"text":"Bogot\u00e1","link":"https:\/\/moir.com.co\/web\/category\/temas\/bogota\/"},"img":{"alt_text":"","src":"https:\/\/i0.wp.com\/moir.com.co\/web\/wp-content\/uploads\/2018\/05\/taxistascontrauber.jpg?fit=1000%2C541&ssl=1&resize=350%2C200","width":350,"height":200,"srcset":"https:\/\/i0.wp.com\/moir.com.co\/web\/wp-content\/uploads\/2018\/05\/taxistascontrauber.jpg?fit=1000%2C541&ssl=1&resize=350%2C200 1x, https:\/\/i0.wp.com\/moir.com.co\/web\/wp-content\/uploads\/2018\/05\/taxistascontrauber.jpg?fit=1000%2C541&ssl=1&resize=525%2C300 1.5x, https:\/\/i0.wp.com\/moir.com.co\/web\/wp-content\/uploads\/2018\/05\/taxistascontrauber.jpg?fit=1000%2C541&ssl=1&resize=700%2C400 2x"},"classes":[]},{"id":17745,"url":"https:\/\/moir.com.co\/web\/los-taxistas-tienen-la-razon-en-su-protesta-en-contra-de-la-ilegalidad-senador-robledo-y-concejal-manuel-sarmiento\/","url_meta":{"origin":13618,"position":1},"title":"Los taxistas tienen la raz\u00f3n en su protesta en contra de la ilegalidad: Senador Robledo y concejal Manuel Sarmiento","author":"admin","date":"julio 10, 2019","format":false,"excerpt":"Oficina de prensa del senador Jorge Enrique Robledo y del concejal Manuel Sarmiento, Bogot\u00e1, julio 10 de 2019 El paro adelantado por los taxistas es en contra de la ilegalidad de Uber, Beat, Picap y Didi. Para el senador Jorge Enrique Robledo y el concejal de Bogot\u00e1 Manuel Sarmiento estas\u2026","rel":"","context":"En \u00abEconom\u00eda\u00bb","block_context":{"text":"Econom\u00eda","link":"https:\/\/moir.com.co\/web\/category\/temas\/economia\/"},"img":{"alt_text":"","src":"https:\/\/i0.wp.com\/moir.com.co\/web\/wp-content\/uploads\/2019\/07\/robledotaxisuber.png?fit=768%2C434&ssl=1&resize=350%2C200","width":350,"height":200,"srcset":"https:\/\/i0.wp.com\/moir.com.co\/web\/wp-content\/uploads\/2019\/07\/robledotaxisuber.png?fit=768%2C434&ssl=1&resize=350%2C200 1x, https:\/\/i0.wp.com\/moir.com.co\/web\/wp-content\/uploads\/2019\/07\/robledotaxisuber.png?fit=768%2C434&ssl=1&resize=525%2C300 1.5x, https:\/\/i0.wp.com\/moir.com.co\/web\/wp-content\/uploads\/2019\/07\/robledotaxisuber.png?fit=768%2C434&ssl=1&resize=700%2C400 2x"},"classes":[]},{"id":15927,"url":"https:\/\/moir.com.co\/web\/video-penalosa-y-bocarejo-deben-revocar-la-medida-ilegal-que-afecta-a-miles-de-taxistas-concejal-manuel-sarmiento\/","url_meta":{"origin":13618,"position":2},"title":"Video: Pe\u00f1alosa y Bocarejo deben revocar la medida ilegal que afecta a miles de taxistas, concejal Manuel Sarmiento","author":"admin","date":"septiembre 14, 2018","format":"video","excerpt":"Bogot\u00e1, septiembre 13 de 2018","rel":"","context":"En \u00abBogot\u00e1\u00bb","block_context":{"text":"Bogot\u00e1","link":"https:\/\/moir.com.co\/web\/category\/temas\/bogota\/"},"img":{"alt_text":"","src":"","width":0,"height":0},"classes":[]},{"id":15185,"url":"https:\/\/moir.com.co\/web\/video-taxistas-derrotan-a-bocarejo-penalosa-y-uber-manuel-sarmiento\/","url_meta":{"origin":13618,"position":3},"title":"Video: Taxistas derrotan a Bocarejo, Pe\u00f1alosa y Uber, Manuel Sarmiento","author":"admin","date":"mayo 29, 2018","format":"video","excerpt":"Bogot\u00e1, mayo 29 de 2018","rel":"","context":"En \u00abBogot\u00e1\u00bb","block_context":{"text":"Bogot\u00e1","link":"https:\/\/moir.com.co\/web\/category\/temas\/bogota\/"},"img":{"alt_text":"","src":"","width":0,"height":0},"classes":[]},{"id":16454,"url":"https:\/\/moir.com.co\/web\/video-concejal-manuel-sarmiento-el-recorrido-que-hicimos-con-un-taxista-para-probar-las-tabletas-que-quiere-imponer-penalosa\/","url_meta":{"origin":13618,"position":4},"title":"Video: concejal Manuel Sarmiento: El recorrido que hicimos con un taxista para probar las tabletas que quiere imponer Pe\u00f1alosa","author":"admin","date":"noviembre 20, 2018","format":"video","excerpt":"Bogot\u00e1, noviembre 20 de 2018","rel":"","context":"En \u00abBogot\u00e1\u00bb","block_context":{"text":"Bogot\u00e1","link":"https:\/\/moir.com.co\/web\/category\/temas\/bogota\/"},"img":{"alt_text":"","src":"","width":0,"height":0},"classes":[]},{"id":15615,"url":"https:\/\/moir.com.co\/web\/sin-soporte-legal-bocarejo-intenta-imponer-plataformas-a-servicio-basico-de-taxi\/","url_meta":{"origin":13618,"position":5},"title":"Sin soporte legal, Bocarejo intenta imponer plataformas a servicio b\u00e1sico de taxi","author":"admin","date":"agosto 13, 2018","format":false,"excerpt":"Oficina de prensa del concejal Manuel Sarmiento, Bogot\u00e1, agosto 12 de 2018 Ante la decisi\u00f3n del Consejo de Estado de levantar las medidas cautelares que ten\u00edan suspendida la implementaci\u00f3n de la Resoluci\u00f3n 2163 de 2016, el concejal Manuel Sarmiento se pronunci\u00f3 se\u00f1alando que a\u00fan con esta decisi\u00f3n Pe\u00f1alosa y Bocarejo\u2026","rel":"","context":"En \u00abBogot\u00e1\u00bb","block_context":{"text":"Bogot\u00e1","link":"https:\/\/moir.com.co\/web\/category\/temas\/bogota\/"},"img":{"alt_text":"","src":"https:\/\/i0.wp.com\/moir.com.co\/web\/wp-content\/uploads\/2018\/08\/bocarejopen%CC%83alosa.jpg?fit=914%2C607&ssl=1&resize=350%2C200","width":350,"height":200,"srcset":"https:\/\/i0.wp.com\/moir.com.co\/web\/wp-content\/uploads\/2018\/08\/bocarejopen%CC%83alosa.jpg?fit=914%2C607&ssl=1&resize=350%2C200 1x, https:\/\/i0.wp.com\/moir.com.co\/web\/wp-content\/uploads\/2018\/08\/bocarejopen%CC%83alosa.jpg?fit=914%2C607&ssl=1&resize=525%2C300 1.5x, https:\/\/i0.wp.com\/moir.com.co\/web\/wp-content\/uploads\/2018\/08\/bocarejopen%CC%83alosa.jpg?fit=914%2C607&ssl=1&resize=700%2C400 2x"},"classes":[]}],"jetpack_sharing_enabled":true,"_links":{"self":[{"href":"https:\/\/moir.com.co\/web\/wp-json\/wp\/v2\/posts\/13618","targetHints":{"allow":["GET"]}}],"collection":[{"href":"https:\/\/moir.com.co\/web\/wp-json\/wp\/v2\/posts"}],"about":[{"href":"https:\/\/moir.com.co\/web\/wp-json\/wp\/v2\/types\/post"}],"author":[{"embeddable":true,"href":"https:\/\/moir.com.co\/web\/wp-json\/wp\/v2\/users\/1"}],"replies":[{"embeddable":true,"href":"https:\/\/moir.com.co\/web\/wp-json\/wp\/v2\/comments?post=13618"}],"version-history":[{"count":1,"href":"https:\/\/moir.com.co\/web\/wp-json\/wp\/v2\/posts\/13618\/revisions"}],"predecessor-version":[{"id":13620,"href":"https:\/\/moir.com.co\/web\/wp-json\/wp\/v2\/posts\/13618\/revisions\/13620"}],"wp:attachment":[{"href":"https:\/\/moir.com.co\/web\/wp-json\/wp\/v2\/media?parent=13618"}],"wp:term":[{"taxonomy":"category","embeddable":true,"href":"https:\/\/moir.com.co\/web\/wp-json\/wp\/v2\/categories?post=13618"},{"taxonomy":"post_tag","embeddable":true,"href":"https:\/\/moir.com.co\/web\/wp-json\/wp\/v2\/tags?post=13618"}],"curies":[{"name":"wp","href":"https:\/\/api.w.org\/{rel}","templated":true}]}}