{"id":13606,"date":"2017-10-24T21:27:43","date_gmt":"2017-10-24T21:27:43","guid":{"rendered":"https:\/\/moir.org.co\/web\/?p=13606"},"modified":"2017-10-24T21:59:48","modified_gmt":"2017-10-24T21:59:48","slug":"le-toca-al-magisterio-luchar","status":"publish","type":"post","link":"https:\/\/moir.com.co\/web\/le-toca-al-magisterio-luchar\/","title":{"rendered":"\u00a1Le toca al magisterio luchar!"},"content":{"rendered":"<p><strong>John Granados, Tribuna Magisterial, Bogot\u00e1, octubre 23 de 2017<\/strong><\/p>\n<p><strong>\u201cDime que pa\u00eds quieres y te dir\u00e9 que tipo de educaci\u00f3n necesitas\u201d<\/strong><\/p>\n<p>Jorge Robledo audiencia p\u00fablica \u201cLe toca a la educaci\u00f3n\u201d<\/p>\n<p>&nbsp;<\/p>\n<p>La pol\u00edtica educativa impulsada por Juan Manuel Santos le ha quitado 83 billones de pesos a la educaci\u00f3n en Colombia, dando como consecuencia las reformas educativas m\u00e1s retardatarias en la historia nacional. La senda educativa colombiana ha sido dise\u00f1ada por la Organizaci\u00f3n para la Cooperaci\u00f3n y Desarrollo Econ\u00f3mico (OCDE) para sumir al pa\u00eds en el atraso.<\/p>\n<p>Las consecuencias de la p\u00e9sima pol\u00edtica educativa son: 2,7 millones de colombianos analfabetas, 1,5 millones de ni\u00f1os por fuera del sistema educativo p\u00fablico y privado, un d\u00e9ficit de 47 mil aulas, que los colegios p\u00fablicos tengan plantas f\u00edsicas entre 40 y 60 a\u00f1os de antig\u00fcedad y que los colegios oficiales no tengan una infraestructura en condiciones id\u00f3neas para prestar el servicio educativo. Otras consecuencias son la imposici\u00f3n de la promoci\u00f3n autom\u00e1tica en toda la educaci\u00f3n b\u00e1sica y media, salones de clase con m\u00e1s de 40 estudiantes y unas relaciones con el magisterio basadas en la inestabilidad laboral, la sobre carga laboral, la tercerizaci\u00f3n laboral y los bajos salarios.<\/p>\n<p>Con base a las reformas retardatarias en educaci\u00f3n se ha impuesto un curr\u00edculo \u00fanico basado en competencias y en los Derechos B\u00e1sicos de Aprendizaje, que como el mismo Ministerio de Educaci\u00f3n lo reconoce, son criterios para juzgar si un estudiante, un docente o una instituci\u00f3n educativa cumplen con las pol\u00edticas definidas por el Gobierno Nacional, mediante los resultados de las Pruebas Saber, PISA y el \u00cdndice Sint\u00e9tico de la Calidad Educativa (ICSE). Lo anterior, deja de lado los conocimientos de las \u00e1reas fundamentales y obligatorias contempladas en la ley general de educaci\u00f3n, la autonom\u00eda escolar y la libertad de c\u00e1tedra.<\/p>\n<p>Est\u00e1 pol\u00edtica ha sido orientada para desmantelar todo el sistema p\u00fablico de educaci\u00f3n b\u00e1sica y media, dirigida a que el pa\u00eds pierda la capacidad de educar a las futuras generaciones de ni\u00f1os y j\u00f3venes, dise\u00f1ada para condenar a Colombia al atraso cient\u00edfico, productivo y democr\u00e1tico.<\/p>\n<p>Para enfrentar la pol\u00edtica antinacional agenciada por Juan Manuel Santos y la OCDE, al magisterio le toca fortalecer a FECODE y a sus sindicatos filiales, le toca exigir una reforma constitucional al SGP que aumente los recursos para la educaci\u00f3n p\u00fablica, le toca exigir la ampliaci\u00f3n de la cobertura del preescolar de tres grados a todos los ni\u00f1os del pa\u00eds, le toca luchar por un Estatuto \u00danico Docente que garantice ascensos en el escalaf\u00f3n, estabilidad laboral y un r\u00e9gimen disciplinario especial, le toca defender la ley general de educaci\u00f3n, la autonom\u00eda escolar y la libertad de c\u00e1tedra, y le toca al magisterio luchar por una educaci\u00f3n cient\u00edfica y democr\u00e1tica al servicio del desarrollo nacional.<\/p>\n<p>&nbsp;<\/p>\n<p><strong>John Granados #123 a la Asamblea de Delegados de la ADE<\/strong><\/p>\n<p><strong>Mar\u00eda Antonieta Cano #2 a la Junta Directiva de la ADE<\/strong><\/p>\n<p><strong>POR UNA EDUCACI\u00d3N P\u00daBLICA, CIENT\u00cdFICA Y DEMOCR\u00c1TICA<\/strong><\/p>\n<p><strong>\u00a1LA UNIDAD ES NUESTRA TAREA!<\/strong><\/p>\n","protected":false},"excerpt":{"rendered":"<p>John Granados, Tribuna Magisterial, Bogot\u00e1, octubre 23 de 2017 \u201cDime que pa\u00eds quieres y te dir\u00e9 que tipo de educaci\u00f3n necesitas\u201d Jorge Robledo audiencia p\u00fablica \u201cLe toca a la educaci\u00f3n\u201d &nbsp; La pol\u00edtica educativa impulsada por Juan Manuel Santos le ha quitado 83 billones de pesos a la educaci\u00f3n en Colombia, dando como consecuencia las [&hellip;]<\/p>\n","protected":false},"author":1,"featured_media":13607,"comment_status":"open","ping_status":"open","sticky":false,"template":"","format":"standard","meta":{"advanced_seo_description":"","jetpack_seo_html_title":"","jetpack_seo_noindex":false,"_jetpack_memberships_contains_paid_content":false,"footnotes":""},"categories":[101,102,103,97,98,109,11],"tags":[],"class_list":["post-13606","post","type-post","status-publish","format-standard","has-post-thumbnail","hentry","category-bogota","category-economia","category-educacion","category-imperialismo-y-neoliberalismo","category-politica","category-sindical","category-tribuna-magisterial"],"jetpack_featured_media_url":"https:\/\/i0.wp.com\/moir.com.co\/web\/wp-content\/uploads\/2017\/10\/audienciaeducacionrobledo.jpg?fit=1024%2C640&ssl=1","jetpack-related-posts":[{"id":10948,"url":"https:\/\/moir.com.co\/web\/quienes-somos\/","url_meta":{"origin":13606,"position":0},"title":"\u00bfQui\u00e9nes somos?","author":"admin","date":"noviembre 10, 2016","format":false,"excerpt":"Tribuna Magisterial, Bogot\u00e1, noviembre 9 de 2016 Colombia, no obstante sus inmensas riquezas naturales y la laboriosidad e inteligencia de sus habitantes, que deber\u00edan conducirla al progreso y el bienestar, sufre el atraso econ\u00f3mico y cient\u00edfico, la destrucci\u00f3n acelerada de su industria y agricultura y la pobreza generalizada de su\u2026","rel":"","context":"En \u00abEducaci\u00f3n\u00bb","block_context":{"text":"Educaci\u00f3n","link":"https:\/\/moir.com.co\/web\/category\/temas\/educacion\/"},"img":{"alt_text":"","src":"","width":0,"height":0},"classes":[]},{"id":6674,"url":"https:\/\/moir.com.co\/web\/tribuna-magisterial-y-la-crisis-de-la-educacion-publica\/","url_meta":{"origin":13606,"position":1},"title":"Tribuna Magisterial y la crisis de la educaci\u00f3n p\u00fablica","author":"admin","date":"julio 15, 2012","format":false,"excerpt":"Tribuna Magisterial propone el nombre de Mar\u00eda Antonieta Cano, docente del 1278, para la Junta directiva de la ADE. N\u00b0 24 en el tarjet\u00f3n Tribuna Magisterial ha estado siempre en primera l\u00ednea en la lucha por la defensa de la educaci\u00f3n p\u00fablica y de los derechos de los educadores, objetivos\u2026","rel":"","context":"En \u00abTribuna Magisterial\u00bb","block_context":{"text":"Tribuna Magisterial","link":"https:\/\/moir.com.co\/web\/category\/tribuna-magisterial\/"},"img":{"alt_text":"","src":"","width":0,"height":0},"classes":[]},{"id":9003,"url":"https:\/\/moir.com.co\/web\/bienvenida-a-los-maestros-colombianos\/","url_meta":{"origin":13606,"position":2},"title":"Bienvenida a los maestros colombianos","author":"admin","date":"enero 13, 2015","format":false,"excerpt":"Tribuna Magisterial saluda con un abrazo fraternal a los maestros de Colombia al iniciar sus labores en este 2015, en medio de un panorama de grandes dificultades ocasionado por la pol\u00edtica antinacional y enemiga de la educaci\u00f3n p\u00fablica del gobierno Santos. Al t\u00e9rmino del a\u00f1o pasado el gobierno rompi\u00f3 la\u2026","rel":"","context":"En \u00abTribuna Magisterial\u00bb","block_context":{"text":"Tribuna Magisterial","link":"https:\/\/moir.com.co\/web\/category\/tribuna-magisterial\/"},"img":{"alt_text":"","src":"","width":0,"height":0},"classes":[]},{"id":16085,"url":"https:\/\/moir.com.co\/web\/tribuna-magisterial-rechaza-la-posicion-del-gobierno-duque-contra-la-educacion-publica-expresada-por-la-ministra\/","url_meta":{"origin":13606,"position":3},"title":"Tribuna Magisterial rechaza la posici\u00f3n del gobierno Duque contra la educaci\u00f3n p\u00fablica expresada por la ministra","author":"admin","date":"octubre 4, 2018","format":false,"excerpt":"Tribuna Magisterial Nacional, Bogot\u00e1, octubre 3 de 2018 El d\u00eda de hoy se reuni\u00f3 el reci\u00e9n electo Comit\u00e9 Ejecutivo de FECODE con la Ministra de Educaci\u00f3n en el marco de los reiterados incumplimientos del Gobierno a los acuerdos suscritos (reforma estructural al SGP, tercera cohorte y curso del ascenso con\u2026","rel":"","context":"En \u00abEducaci\u00f3n\u00bb","block_context":{"text":"Educaci\u00f3n","link":"https:\/\/moir.com.co\/web\/category\/temas\/educacion\/"},"img":{"alt_text":"","src":"","width":0,"height":0},"classes":[]},{"id":8467,"url":"https:\/\/moir.com.co\/web\/informe-de-tribuna-magisterial-ni-santos-ni-zuluaga-el-camino-es-la-oposicion\/","url_meta":{"origin":13606,"position":4},"title":"Informe de Tribuna Magisterial: ni Santos ni Zuluaga, el camino es la oposici\u00f3n","author":"admin","date":"junio 3, 2014","format":false,"excerpt":"Las pol\u00edticas educativas de Uribe y de Santos han sido id\u00e9nticas en su contenido: privatizaci\u00f3n con un ataque frontal a la existencia de la educaci\u00f3n p\u00fablica, la destrucci\u00f3n acelerada de su car\u00e1cter cient\u00edfico, la violaci\u00f3n descarada de la autonom\u00eda de las instituciones educativas y el arrasamiento de los derechos laborales\u2026","rel":"","context":"En \u00abTribuna Magisterial\u00bb","block_context":{"text":"Tribuna Magisterial","link":"https:\/\/moir.com.co\/web\/category\/tribuna-magisterial\/"},"img":{"alt_text":"","src":"","width":0,"height":0},"classes":[]},{"id":12730,"url":"https:\/\/moir.com.co\/web\/programa-radial-de-tribuna-magisterial-junio-18-de-2017\/","url_meta":{"origin":13606,"position":5},"title":"Programa Radial de Tribuna Magisterial, junio 18 de 2017","author":"admin","date":"junio 18, 2017","format":"audio","excerpt":"Bogot\u00e1, junio 18 de 2017 En el programa del 18 de junio de 2017, Mar\u00eda Antonieta Cano de la junta directiva de la ADE y directora del programa y Pedro Jim\u00e9nez profesor del distrito, entrevistaron a Francisco Torres y a Luis Alberto Mendoza integrantes del Comit\u00e9 Ejecutivo de FECODE, quienes\u2026","rel":"","context":"En \u00abEconom\u00eda\u00bb","block_context":{"text":"Econom\u00eda","link":"https:\/\/moir.com.co\/web\/category\/temas\/economia\/"},"img":{"alt_text":"","src":"https:\/\/i0.wp.com\/moir.com.co\/web\/wp-content\/uploads\/2016\/11\/tribmagton%CC%83a2.jpg?fit=298%2C268&ssl=1&resize=350%2C200","width":350,"height":200},"classes":[]}],"jetpack_sharing_enabled":true,"_links":{"self":[{"href":"https:\/\/moir.com.co\/web\/wp-json\/wp\/v2\/posts\/13606","targetHints":{"allow":["GET"]}}],"collection":[{"href":"https:\/\/moir.com.co\/web\/wp-json\/wp\/v2\/posts"}],"about":[{"href":"https:\/\/moir.com.co\/web\/wp-json\/wp\/v2\/types\/post"}],"author":[{"embeddable":true,"href":"https:\/\/moir.com.co\/web\/wp-json\/wp\/v2\/users\/1"}],"replies":[{"embeddable":true,"href":"https:\/\/moir.com.co\/web\/wp-json\/wp\/v2\/comments?post=13606"}],"version-history":[{"count":1,"href":"https:\/\/moir.com.co\/web\/wp-json\/wp\/v2\/posts\/13606\/revisions"}],"predecessor-version":[{"id":13608,"href":"https:\/\/moir.com.co\/web\/wp-json\/wp\/v2\/posts\/13606\/revisions\/13608"}],"wp:featuredmedia":[{"embeddable":true,"href":"https:\/\/moir.com.co\/web\/wp-json\/wp\/v2\/media\/13607"}],"wp:attachment":[{"href":"https:\/\/moir.com.co\/web\/wp-json\/wp\/v2\/media?parent=13606"}],"wp:term":[{"taxonomy":"category","embeddable":true,"href":"https:\/\/moir.com.co\/web\/wp-json\/wp\/v2\/categories?post=13606"},{"taxonomy":"post_tag","embeddable":true,"href":"https:\/\/moir.com.co\/web\/wp-json\/wp\/v2\/tags?post=13606"}],"curies":[{"name":"wp","href":"https:\/\/api.w.org\/{rel}","templated":true}]}}