{"id":13597,"date":"2017-10-23T16:34:58","date_gmt":"2017-10-23T16:34:58","guid":{"rendered":"https:\/\/moir.org.co\/web\/?p=13597"},"modified":"2017-10-23T16:34:58","modified_gmt":"2017-10-23T16:34:58","slug":"cinico-y-oportunista","status":"publish","type":"post","link":"https:\/\/moir.com.co\/web\/cinico-y-oportunista\/","title":{"rendered":"C\u00ednico y oportunista"},"content":{"rendered":"<p><strong>Jos\u00e9 Arlex Arias, Cartagena, octubre 23 de 2017<\/strong><\/p>\n<p>El diccionario Oxford define el cinismo como &#8220;la actitud de la persona que miente con descaro y defiende o practica de forma descarada, imp\u00fadica y deshonesta algo que merece general desaprobaci\u00f3n&#8221;. Seg\u00fan la Enciclopedia de la Pol\u00edtica, el oportunismo &#8220;es la habilidad que ciertos pol\u00edticos tienen para sacar provecho personal de las diversas situaciones que les presenta la vida p\u00fablica&#8230;es una mezcla de arribismo,\u00a0avilantez y desverg\u00fcenza. Est\u00e1 \u00edntimamente ligado a la cultura pol\u00edtica de cada pueblo&#8230;Los pol\u00edticos oportunistas son hombres de geometr\u00eda variable que se adec\u00faan con suma facilidad a todas las situaciones y de todas ellas extraen provecho personal. Tienen una admirable capacidad de aclimataci\u00f3n. Lo mismo prosperan en un r\u00e9gimen ideol\u00f3gico que en otro&#8230;Acomodaticios y flexibles, lo importante para ellos es avanzar en prebendas personales&#8230; El mimetismo, la simulaci\u00f3n y el servilismo son sus armas. En las filas del oportunismo pol\u00edtico se reclutan los migrantes ideol\u00f3gicos, tr\u00e1nsfugas partidistas y servidores incondicionales de todos los gobiernos&#8221;.<\/p>\n<p>&nbsp;<\/p>\n<p>Con casi un a\u00f1o de anticipaci\u00f3n, se abri\u00f3 la campa\u00f1a que elegir\u00e1 al pr\u00f3ximo presidente de Colombia y se avizoran tres bloques: el \u201curibismo\u201d, que aglutinado en el Centro Democr\u00e1tico busca fortalecer a la derecha recalcitrante, a la que todo le huele a &#8220;castrochavismo&#8221;, a extrema izquierda o a guerrilla; que ha gobernado al pa\u00eds \u2013ya como liberal o como conservador\u2013 por muchos a\u00f1os, solos o en compa\u00f1\u00eda del que ser\u00eda el segundo bloque: el &#8220;santismo&#8221;, que con la &#8220;Unidad Nacional&#8221; busca ganarle el pulso a sus antiguos aliados uribistas, posando de defensores de la paz. Ambos grupos son los responsables directos de los m\u00e1s descarados y billonarios casos de corrupci\u00f3n y, aplicando el modelo neoliberal, han postrado esta poblaci\u00f3n a los pies de multinacionales y potentados, dejando una estela de desempleo, empleo precario, arrasamiento de la producci\u00f3n, entrega de los recursos, miseria y pobreza. Los divide el ansia de poder y por eso se sacan los dientes en torno a los Acuerdos de La Habana. El tercer bloque son los &#8220;Nini&#8221;: Ni Santos, ni Uribe. Si bien es cierto que respaldan los Acuerdos de La Habana, sus candidatos presidenciales: Jorge Robledo, Claudia L\u00f3pez y Sergio Fajardo, no tienen identidad ideol\u00f3gica ni militante con la FARC; de hecho, han rechazado cualquier alianza con esta nueva fuerza pol\u00edtica, como tambi\u00e9n con el santismo o el uribismo. Robledo goza de toda una vida al frente de las luchas del pueblo colombiano. Se convertir\u00e1n en una verdadera alternativa para el pueblo colombiano.<\/p>\n<p>&nbsp;<\/p>\n<p>La semana que pas\u00f3, los grandes medios de comunicaci\u00f3n le hicieron descarados publi-reportajes al exministro de Uribe y ex vicepresidente de Santos, Germ\u00e1n Vargas Lleras, que cual pol\u00edtico c\u00ednico oportunista reparti\u00f3 fuego contra su protector Santos, se acerc\u00f3 al uribismo y apostrof\u00f3 de Cambio Radical, su partido, que m\u00e1s congresistas y funcionarios tiene presos por corrupci\u00f3n y parapol\u00edtica. Y para golpear al bloque Nini, los pretende vincular con la FARC y el castrochavismo. Como c\u00ednico oportunista, hay que ser un mentiroso descarado para vincular a Robledo, L\u00f3pez y Fajardo con la FARC. \u00a1Esa mentira no se la cree ni \u00e9l mismo!<\/p>\n","protected":false},"excerpt":{"rendered":"<p>Jos\u00e9 Arlex Arias, Cartagena, octubre 23 de 2017 El diccionario Oxford define el cinismo como &#8220;la actitud de la persona que miente con descaro y defiende o practica de forma descarada, imp\u00fadica y deshonesta algo que merece general desaprobaci\u00f3n&#8221;. Seg\u00fan la Enciclopedia de la Pol\u00edtica, el oportunismo &#8220;es la habilidad que ciertos pol\u00edticos tienen para [&hellip;]<\/p>\n","protected":false},"author":1,"featured_media":13598,"comment_status":"open","ping_status":"open","sticky":false,"template":"","format":"standard","meta":{"advanced_seo_description":"","jetpack_seo_html_title":"","jetpack_seo_noindex":false,"_jetpack_memberships_contains_paid_content":false,"footnotes":""},"categories":[102,97,98],"tags":[],"class_list":["post-13597","post","type-post","status-publish","format-standard","has-post-thumbnail","hentry","category-economia","category-imperialismo-y-neoliberalismo","category-politica"],"jetpack_featured_media_url":"https:\/\/i0.wp.com\/moir.com.co\/web\/wp-content\/uploads\/2017\/10\/corrupcionvargasllerassantos.jpg?fit=1041%2C732&ssl=1","jetpack-related-posts":[{"id":9620,"url":"https:\/\/moir.com.co\/web\/politicos-o-mercaderes\/","url_meta":{"origin":13597,"position":0},"title":"Politicos, o mercaderes?","author":"admin","date":"septiembre 6, 2015","format":false,"excerpt":"\"Cuando un candidato invierte millones y millones en su campa\u00f1a, no es un candidato, es un empresario y como empresario cuando sea alcalde, s\u00f3lo pensar\u00e1 en sacar lucro, provecho, y en lo que menos pensar\u00e1, ser\u00e1 en la gente\". -Carlos Gaviria D\u00edaz Agobiante, la manera como se est\u00e1 desarrollando la\u2026","rel":"","context":"En \u00abTemas\u00bb","block_context":{"text":"Temas","link":"https:\/\/moir.com.co\/web\/category\/temas\/"},"img":{"alt_text":"","src":"","width":0,"height":0},"classes":[]},{"id":8356,"url":"https:\/\/moir.com.co\/web\/informe-de-tribuna-magisterial-sobre-la-situacion-del-magisterio\/","url_meta":{"origin":13597,"position":1},"title":"Informe de Tribuna Magisterial sobre la situaci\u00f3n del magisterio","author":"admin","date":"abril 4, 2014","format":false,"excerpt":"El Gobierno de Santos, obsecuente continuador de la pol\u00edtica neoliberal, es el responsable de la cat\u00e1strofe que vive la educaci\u00f3n colombiana con su pol\u00edtica de privatizaci\u00f3n, violaci\u00f3n de la autonom\u00eda educativa, hacinamiento, destrucci\u00f3n del preescolar, promoci\u00f3n autom\u00e1tica, colegios convertidos en empresas con rectores como gerentes, negaci\u00f3n de la jornada \u00fanica\u2026","rel":"","context":"En \u00abTribuna Magisterial\u00bb","block_context":{"text":"Tribuna Magisterial","link":"https:\/\/moir.com.co\/web\/category\/tribuna-magisterial\/"},"img":{"alt_text":"","src":"","width":0,"height":0},"classes":[]},{"id":8165,"url":"https:\/\/moir.com.co\/web\/o-votamos-por-los-mismos-o-elegimos-la-verdadera-alternativa\/","url_meta":{"origin":13597,"position":2},"title":"O votamos por los mismos, o elegimos la verdadera alternativa","author":"admin","date":"enero 12, 2014","format":false,"excerpt":"Este es un a\u00f1o electoral, y los cesarenses y colombianos tienen en sus manos el destino pol\u00edtico, social y econ\u00f3mico de nuestra Patria. A nivel nacional, Juan Manuel Santos y toda su c\u00fapula de gobierno, empiezan a mover todo el engranaje econ\u00f3mico y burocr\u00e1tico del Estado con la finalidad de\u2026","rel":"","context":"En \u00abPolo Democr\u00e1tico Alternativo\u00bb","block_context":{"text":"Polo Democr\u00e1tico Alternativo","link":"https:\/\/moir.com.co\/web\/category\/polo-democratico-alternativo\/"},"img":{"alt_text":"","src":"","width":0,"height":0},"classes":[]},{"id":1537,"url":"https:\/\/moir.com.co\/web\/unidad-para-la-lucha\/","url_meta":{"origin":13597,"position":3},"title":"UNIDAD PARA LA LUCHA","author":"admin","date":"agosto 9, 2004","format":false,"excerpt":"Carlos Naranjo En sus desvelos por elaborar una teor\u00eda pol\u00edtica para la emancipaci\u00f3n de Colombia, Francisco Mosquera abund\u00f3 en an\u00e1lisis sobre la situaci\u00f3n nacional. Examin\u00f3 el car\u00e1cter de las contradicciones existentes entre las clases sociales que conforman nuestra sociedad, as\u00ed como la intromisi\u00f3n centenaria de Estados Unidos en los asuntos\u2026","rel":"","context":"En \u00abCarlos Naranjo\u00bb","block_context":{"text":"Carlos Naranjo","link":"https:\/\/moir.com.co\/web\/category\/bitacoras\/carlos-naranjo\/"},"img":{"alt_text":"","src":"","width":0,"height":0},"classes":[]},{"id":20500,"url":"https:\/\/moir.com.co\/web\/tomemos-nota-de-nuestras-divergencias-con-el-oportunismo\/","url_meta":{"origin":13597,"position":4},"title":"TOMEMOS NOTA DE NUESTRAS DIVERGENCIAS CON EL OPORTUNISMO","author":"admin","date":"enero 23, 2005","format":false,"excerpt":"Cuando Carlos Bula y C\u00e9sar Pardo cursaron su carta de renuncia, a mediados de 1978, escogieron la mejor ocasi\u00f3n para salirse del MOIR, abogar por un replanteamiento completo de los postulados de la clase obrera y buscar fortuna en otras toldas, con otra compa\u00f1\u00eda y otras miras muy diferentes de\u2026","rel":"","context":"En \u00abTribuna Roja N\u00b0 36, Bogot\u00e1; febrero-marzo de 1980\u00bb","block_context":{"text":"Tribuna Roja N\u00b0 36, Bogot\u00e1; febrero-marzo de 1980","link":"https:\/\/moir.com.co\/web\/category\/tribuna-roja\/ediciones-1980-1984\/tribuna-roja-n-36-bogota-febrero-marzo-de-1980\/"},"img":{"alt_text":"","src":"","width":0,"height":0},"classes":[]},{"id":19577,"url":"https:\/\/moir.com.co\/web\/unidad-para-la-lucha-2\/","url_meta":{"origin":13597,"position":5},"title":"UNIDAD PARA LA LUCHA","author":"admin","date":"agosto 4, 2004","format":false,"excerpt":"Carlos Naranjo En sus desvelos por elaborar una teor\u00eda pol\u00edtica para la emancipaci\u00f3n de Colombia, Francisco Mosquera abund\u00f3 en an\u00e1lisis sobre la situaci\u00f3n nacional. Examin\u00f3 el car\u00e1cter de las contradicciones existentes entre las clases sociales que conforman nuestra sociedad, as\u00ed como la intromisi\u00f3n centenaria de Estados Unidos en los asuntos\u2026","rel":"","context":"En \u00abTribuna Roja N\u00ba 96; Julio 23 de 2004\u00bb","block_context":{"text":"Tribuna Roja N\u00ba 96; Julio 23 de 2004","link":"https:\/\/moir.com.co\/web\/category\/tribuna-roja\/ediciones-2000-2004\/tribuna-roja-no-96-julio-23-de-2004\/"},"img":{"alt_text":"","src":"","width":0,"height":0},"classes":[]}],"jetpack_sharing_enabled":true,"_links":{"self":[{"href":"https:\/\/moir.com.co\/web\/wp-json\/wp\/v2\/posts\/13597","targetHints":{"allow":["GET"]}}],"collection":[{"href":"https:\/\/moir.com.co\/web\/wp-json\/wp\/v2\/posts"}],"about":[{"href":"https:\/\/moir.com.co\/web\/wp-json\/wp\/v2\/types\/post"}],"author":[{"embeddable":true,"href":"https:\/\/moir.com.co\/web\/wp-json\/wp\/v2\/users\/1"}],"replies":[{"embeddable":true,"href":"https:\/\/moir.com.co\/web\/wp-json\/wp\/v2\/comments?post=13597"}],"version-history":[{"count":1,"href":"https:\/\/moir.com.co\/web\/wp-json\/wp\/v2\/posts\/13597\/revisions"}],"predecessor-version":[{"id":13599,"href":"https:\/\/moir.com.co\/web\/wp-json\/wp\/v2\/posts\/13597\/revisions\/13599"}],"wp:featuredmedia":[{"embeddable":true,"href":"https:\/\/moir.com.co\/web\/wp-json\/wp\/v2\/media\/13598"}],"wp:attachment":[{"href":"https:\/\/moir.com.co\/web\/wp-json\/wp\/v2\/media?parent=13597"}],"wp:term":[{"taxonomy":"category","embeddable":true,"href":"https:\/\/moir.com.co\/web\/wp-json\/wp\/v2\/categories?post=13597"},{"taxonomy":"post_tag","embeddable":true,"href":"https:\/\/moir.com.co\/web\/wp-json\/wp\/v2\/tags?post=13597"}],"curies":[{"name":"wp","href":"https:\/\/api.w.org\/{rel}","templated":true}]}}